{"id":1241,"date":"2007-10-06T00:00:00","date_gmt":"2007-10-06T00:00:00","guid":{"rendered":""},"modified":"2020-09-03T20:06:26","modified_gmt":"2020-09-04T00:06:26","slug":"rozmowy-bractwa-sw-piusa-x-z-rzymem","status":"publish","type":"post","link":"https:\/\/www.bibula.com\/?p=1241","title":{"rendered":"Rozmowy Bractwa \u015bw. Piusa X z Rzymem ?"},"content":{"rendered":"<p><strong>Biskup Bernard Fellay oficjalnie og\u0142osi\u0142 cz\u0142onkom Bractwa \u015bw. Piusa X o utworzeniu teologicznej komisji, kt\u00f3ra b\u0119dzie zajmowa\u0142a si\u0119 zagadnieniem Soboru Watyka\u0144skiego II &#8211; informuje strona francuska <em>Le Forum Catholique<\/em>.<\/strong><\/p>\r\n<p>&#8222;W sk\u0142ad komisji wchodz\u0105 ksi\u0119\u017ca: Patrick de la Rocque, Gregoire Celier, Theirry Gaudray, Alvaro Calderon i Jean-Michel Glieze. Informacja ta potwierdza wcze\u015bniejsze doniesienia pochodz\u0105ce ze \u017ar\u00f3de\u0142 zbli\u017conych do Bractwa SSPX w Tuluzie i zgromadzenia <em>Sugium des RRPP Dominicans<\/em> z tego samego miasta, kt\u00f3re m\u00f3wi\u0142y o wielogodzinnych dyskusjach, maj\u0105ce kilkakrotnie odby\u0107 si\u0119 na uniwersytecie w Rzymie, pomi\u0119dzy teologami Bractwa SSPX a teologami watyka\u0144skim, takimi jak kardyna\u0142 George Cottier. Dyskusje dotyczy\u0142y takich kwestii jak msza <em>Novus Ordo<\/em>, ekumenizm i kolegialno\u015b\u0107 biskup\u00f3w.&#8221;<\/p>\r\n<p>Wiadomo\u015b\u0107 ta jest bardzo buduj\u0105ca. Prowadzenie takich dyskusji wskazuje na to, \u017ce Watykan bierze bardzo powa\u017cnie pod uwag\u0119 doktrynaln\u0105 krytyk\u0119 Bractwa \u015bw. Piusa X wobec Soboru Watyka\u0144skiego II. &#8211; pisze <em>Le Forum Catholique<\/em>.<\/p>\r\n<p>Prze\u0142o\u017cony Bractwa \u015bw. Piusa X, biskup Bernard Fellay zapytany 5 pa\u017adziernika br. podczas wywiadu prowadzonego przez francusk\u0105 stron\u0119 internetow\u0105 <a class=\"content_sz\" href=\"http:\/\/www.donec-ponam.org\/site\/index.php?height=768\" target=\"_blank\" rel=\"noopener noreferrer\"><em>Donec Ponam<\/em><\/a> o mo\u017cliwo\u015b\u0107 cofni\u0119cia ekskomuniki na\u0142o\u017conej na czterech biskup\u00f3w SSPX, powiedzia\u0142:<\/p>\r\n<p>&#8222;My\u015bl\u0119, \u017ce w\u0142adza Rzymu nie ma \u017cadnych powa\u017cnych powod\u00f3w, aby podtrzymywa\u0107 ekskomunik\u0119. Jest to zatem sprawa politycznego balansu pomi\u0119dzy Bractwem FSSPX z jednej strony, a Progresistami z drugiej, z kt\u00f3rymi w\u0142adze Rzymu s\u0105dz\u0105, i\u017c musz\u0105 prowadzi\u0107 rokowania.&#8221;<\/p>\r\n<p>Informacja w j\u0119zyku francuskim:<\/p>\r\n<p>Mgr Bernard Fellay a officiellement annonc\u00e9 aux membres de la FSSPX la nomination d\u2019une Commission th\u00e9ologique sp\u00e9cialis\u00e9e dans l\u2019\u00e9tude de Vatican II, qui comprend Messieurs les Abb\u00e9s Patrick de La Rocque, Gr\u00e9goire C\u00e9lier, Thierry Gaudray, Alvaro Calder\u00f3n et Jean-Michel Gleize. Ceci confirme les informations provenant de milieux proches de la FSSPX de Toulouse et du Studium des RRPP Dominicains de cette m\u00eame ville \u00e0 propos de longues heures de discussions doctrinales qui ont eu lieu dans une Universit\u00e9 de Rome, \u00e0 plusieurs reprises, entre des th\u00e9ologiens de la FSSPX et des th\u00e9ologiens romains, tel le cardinal Cottier, discussions qui ont port\u00e9 sur la nouvelle messe, l\u2019oecum\u00e9nisme et la coll\u00e9gialit\u00e9. Monsieur l\u2019Abb\u00e9 Jean-Michel Gleize, professeur au s\u00e9minaire international d\u2019Ec\u00f4ne, est l\u2019auteur d\u2019une savante traduction du livre de Cajetan, Le Successeur de Pierre, accompagn\u00e9e d\u2019\u00e9rudits commentaires. Monsieur l\u2019Abb\u00e9 Patrick de La Rocque, Prieur du prieur\u00e9 de Gragnague, en Haute-Garonne, est le r\u00e9dacteur du Probl\u00e8me de la r\u00e9forme liturgique (\u00e9ditions Clovis, 2001) et De l\u2019\u0153cum\u00e9nisme \u00e0 l\u2019apostasie silencieuse, vingt-cinq ans de pontificat (2004). Ces nouvelles sont tr\u00e8s encourageantes : ces discussions prouvent que le Vatican consid\u00e8re avec beaucoup de s\u00e9rieux les critiques doctrinales de la FSSPX contre le Concile ; et du m\u00eame coup, on peut penser que les accords qui se pr\u00e9parent &#8222;graduellement&#8221; ne masqueront pas les divergences doctrinales.<\/p>\r\n<p>\u0179r\u00f3d\u0142o: <em><a class=\"content_sz\" href=\"http:\/\/www.leforumcatholique.org\/message.php?num=328673\" target=\"_blank\" rel=\"noopener noreferrer\">Le Forum Catholique<\/a> <\/em><\/p>","protected":false},"excerpt":{"rendered":"Biskup Bernard Fellay oficjalnie og\u0142osi\u0142 cz\u0142onkom Bractwa \u015bw. Piusa X o utworzeniu teologicznej komisji, kt\u00f3ra b\u0119dzie zajmowa\u0142a si\u0119 zagadnieniem Soboru Watyka\u0144skiego II &#8211; informuje strona francuska Le Forum Catholique. &#8222;W sk\u0142ad komisji wchodz\u0105 ksi\u0119\u017ca: Patrick de la Rocque, Gregoire Celier, Theirry Gaudray, Alvaro Calderon i Jean-Michel Glieze. Informacja ta potwierdza wcze\u015bniejsze doniesienia pochodz\u0105ce ze \u017ar\u00f3de\u0142 [&hellip;]","protected":false},"author":1,"featured_media":0,"comment_status":"closed","ping_status":"open","sticky":false,"template":"","format":"standard","meta":{"_acf_changed":false,"_monsterinsights_skip_tracking":false,"_monsterinsights_sitenote_active":false,"_monsterinsights_sitenote_note":"","_monsterinsights_sitenote_category":0,"ngg_post_thumbnail":0,"footnotes":"","_wp_rev_ctl_limit":""},"categories":[3],"tags":[32],"acf":[],"_links":{"self":[{"href":"https:\/\/www.bibula.com\/index.php?rest_route=\/wp\/v2\/posts\/1241"}],"collection":[{"href":"https:\/\/www.bibula.com\/index.php?rest_route=\/wp\/v2\/posts"}],"about":[{"href":"https:\/\/www.bibula.com\/index.php?rest_route=\/wp\/v2\/types\/post"}],"author":[{"embeddable":true,"href":"https:\/\/www.bibula.com\/index.php?rest_route=\/wp\/v2\/users\/1"}],"replies":[{"embeddable":true,"href":"https:\/\/www.bibula.com\/index.php?rest_route=%2Fwp%2Fv2%2Fcomments&post=1241"}],"version-history":[{"count":0,"href":"https:\/\/www.bibula.com\/index.php?rest_route=\/wp\/v2\/posts\/1241\/revisions"}],"wp:attachment":[{"href":"https:\/\/www.bibula.com\/index.php?rest_route=%2Fwp%2Fv2%2Fmedia&parent=1241"}],"wp:term":[{"taxonomy":"category","embeddable":true,"href":"https:\/\/www.bibula.com\/index.php?rest_route=%2Fwp%2Fv2%2Fcategories&post=1241"},{"taxonomy":"post_tag","embeddable":true,"href":"https:\/\/www.bibula.com\/index.php?rest_route=%2Fwp%2Fv2%2Ftags&post=1241"}],"curies":[{"name":"wp","href":"https:\/\/api.w.org\/{rel}","templated":true}]}}