{"id":124086,"date":"2021-04-05T19:58:47","date_gmt":"2021-04-05T23:58:47","guid":{"rendered":"https:\/\/www.bibula.com\/?p=124086"},"modified":"2021-04-05T19:58:47","modified_gmt":"2021-04-05T23:58:47","slug":"wierni-mowia-o-profanacji-ksiadz-o-otwarciu-na-swiat-centrum-testowania-na-covid-19-w-kosciele","status":"publish","type":"post","link":"https:\/\/www.bibula.com\/?p=124086","title":{"rendered":"Wierni m\u00f3wi\u0105 o profanacji, ksi\u0105dz o \u201eotwarciu na \u015bwiat\u201d. Centrum testowania na Covid-19 w ko\u015bciele"},"content":{"rendered":"<p><strong>24 marca katedra w Tr\u00e9guier (departament C\u00f4tes-d\u00b4Armor) zamieni\u0142a si\u0119 w punkt testowania na koronawirusa. Wierni m\u00f3wili o profanacji i szoku. Testy robiono jednak z b\u0142ogos\u0142awie\u0144stwem proboszcza katedry.<\/strong><\/p>\r\n<p>Bior\u0105c pod uwag\u0119 tegoroczne \u201eor\u0119dzie wielkanocne\u201d papie\u017ca Franciszka po\u015bwi\u0119cone w du\u017cej mierze szczepionkom, proboszczowi parafii w Tr\u00e9guier nie ma si\u0119 co dziwi\u0107. Jednak problem w\u0142a\u015bciwego przes\u0142ania Ko\u015bcio\u0142a i redukcji jego wymiaru do jakiego\u015b doczesnego przes\u0142ania humanitarno-epidemiologicznego mo\u017ce budzi\u0107 niepok\u00f3j.<\/p>\r\n<p>Centrum testowania w katedrze sta\u0142o si\u0119 \u201ecentrum niezgody\u201d \u2013 stwierdza tygodnik \u201eValeurs Actuelles. Widok boks\u00f3w otoczonych parawanami do prowadzenia test\u00f3w pod krzy\u017cem Chrystusa w otoczeniu pos\u0105g\u00f3w aposto\u0142\u00f3w budzi\u0142 r\u00f3\u017cne emocje. Tym bardziej, \u017ce ta akcja wymy\u015blona przez mera i wsparta przez proboszcza nie by\u0142a specjalnym sukcesem, a katolik\u00f3w powa\u017cnie rozsierdzi\u0142a.<\/p>\r\n<p>By\u0107 mo\u017ce intencje by\u0142y dobre, i zar\u00f3wno mer jak i ksi\u0105dz chcieli w ten spos\u00f3b pokaza\u0107, \u017ce w laickiej Francji jest w przestrzeni publicznej miejsce dla Ko\u015bcio\u0142a i Jego zaanga\u017cowanie. Dlaczego jednak porzucono na poczet tego prawdziwe przes\u0142anie Ewangelii?<\/p>\r\n<p>Tak zdaj\u0105 si\u0119 my\u015ble\u0107 wierni, dla kt\u00f3rych by\u0142a to profanacja miejsca \u015bwi\u0119tego. Pod katedr\u0105 kilka dni p\u00f3\u017aniej odby\u0142a si\u0119 ich demonstracja. Organizatorzy protestu podkre\u015blali, \u017ce nie chc\u0105 \u201esia\u0107 zam\u0119tu\u201d, ale takie centrum testowania w \u015brodku ko\u015bcio\u0142a jest dla nich \u201eszokuj\u0105ce\u201d.<\/p>\r\n<p>Proboszcz parafii t\u0142umaczy, \u017ce otrzyma\u0142 pro\u015bb\u0119 w tej sprawie od merostwa. Ratusz dzia\u0142a\u0142 za\u015b na polecenie ARS (Regionalnej Agencji Zdrowia), kt\u00f3ra poleci\u0142a znale\u017a\u0107 odpowiednie pomieszczenie do masowych test\u00f3w. Ks. Caous m\u00f3wi\u0142, \u017ce chcia\u0142 okaza\u0107 zaanga\u017cowanie Ko\u015bcio\u0142a, kt\u00f3ry zawsze \u201eby\u0142 schronieniem chromych, potrzebuj\u0105cych, chorych i to jest jego g\u0142\u00f3wne powo\u0142anie\u201d.<\/p>\r\n<p>BD<\/p>\r\n<blockquote>\r\n<p>[<strong>Wybrane wypowiedzi internaut\u00f3w pod w\/w tekstem na stronie \u017ar\u00f3d\u0142owej:<\/strong>]<\/p>\r\n<p>we Wloszech Mendicino juz na pocztku marca proboszcz udostepnil parafie jako punkt szczepien i w telewizji pekal z dumy&#8230; wkrotce ponad 500 parafii tak samo uczynilo&#8230;. A wy na ten jeden przypadek wskazujecie?<br>\r\n<em>Agata<\/em><br>\r\n<br>\r\nKsi\u0105dz, naiwny jak wida\u0107, da\u0142 si\u0119 wci\u0105gn\u0105\u0107 w pu\u0142apk\u0119 sprytnym laickim w\u0142adzom. We Francji nie brakuje miejsc gdzie mo\u017cna przeprowadzi\u0107 testowanie, chocia\u017cby zamkni\u0119te dla uczni\u00f3w szko\u0142y czy sale sportowe. Tak si\u0119 prowadzi do desakralizacji \u015bwi\u0105ty\u0144 i to z przyzwoleniem ksi\u0119\u017cy.<br>\r\n<em>Maria<\/em><br>\r\n<br>\r\nW Wielkiej Brytanii centra szczepie\u0144 otwierane s\u0105 zar\u00f3wno w ko\u015bcio\u0142ach, meczetach, synagogach czy teatrach.<br>\r\n<em>A<\/em><br>\r\n<br>\r\n&#8222;Cyt. &#8222;Bior\u0105c pod uwag\u0119 tegoroczne &#8222;or\u0119dzie wielkanocne&#8221; papie\u017ca Franciszka po\u015bwi\u0119cone w du\u017cej mierze szczepionkom&#8221; ludzie!!! litosci przeciez to o tym mowi katechizm o pozornych rozwiazaniach gdzie czlowiek uwielbia samego siebie itp..<br>\r\n<em>cc<\/em><br>\r\n<br>\r\n<br>\r\n<\/p>\r\n<\/blockquote>","protected":false},"excerpt":{"rendered":"24 marca katedra w Tr\u00e9guier (departament C\u00f4tes-d\u00b4Armor) zamieni\u0142a si\u0119 w punkt testowania na koronawirusa. Wierni m\u00f3wili o profanacji i szoku. Testy robiono jednak z b\u0142ogos\u0142awie\u0144stwem proboszcza katedry. Bior\u0105c pod uwag\u0119 tegoroczne \u201eor\u0119dzie wielkanocne\u201d papie\u017ca Franciszka po\u015bwi\u0119cone w du\u017cej mierze szczepionkom, proboszczowi parafii w Tr\u00e9guier nie ma si\u0119 co dziwi\u0107. Jednak problem w\u0142a\u015bciwego przes\u0142ania Ko\u015bcio\u0142a i [&hellip;]","protected":false},"author":1,"featured_media":0,"comment_status":"closed","ping_status":"closed","sticky":false,"template":"","format":"standard","meta":{"_acf_changed":false,"_monsterinsights_skip_tracking":false,"_monsterinsights_sitenote_active":false,"_monsterinsights_sitenote_note":"","_monsterinsights_sitenote_category":0,"ngg_post_thumbnail":0,"footnotes":"","_wp_rev_ctl_limit":""},"categories":[3],"tags":[433,191,20,33],"acf":[],"_links":{"self":[{"href":"https:\/\/www.bibula.com\/index.php?rest_route=\/wp\/v2\/posts\/124086"}],"collection":[{"href":"https:\/\/www.bibula.com\/index.php?rest_route=\/wp\/v2\/posts"}],"about":[{"href":"https:\/\/www.bibula.com\/index.php?rest_route=\/wp\/v2\/types\/post"}],"author":[{"embeddable":true,"href":"https:\/\/www.bibula.com\/index.php?rest_route=\/wp\/v2\/users\/1"}],"replies":[{"embeddable":true,"href":"https:\/\/www.bibula.com\/index.php?rest_route=%2Fwp%2Fv2%2Fcomments&post=124086"}],"version-history":[{"count":1,"href":"https:\/\/www.bibula.com\/index.php?rest_route=\/wp\/v2\/posts\/124086\/revisions"}],"predecessor-version":[{"id":124087,"href":"https:\/\/www.bibula.com\/index.php?rest_route=\/wp\/v2\/posts\/124086\/revisions\/124087"}],"wp:attachment":[{"href":"https:\/\/www.bibula.com\/index.php?rest_route=%2Fwp%2Fv2%2Fmedia&parent=124086"}],"wp:term":[{"taxonomy":"category","embeddable":true,"href":"https:\/\/www.bibula.com\/index.php?rest_route=%2Fwp%2Fv2%2Fcategories&post=124086"},{"taxonomy":"post_tag","embeddable":true,"href":"https:\/\/www.bibula.com\/index.php?rest_route=%2Fwp%2Fv2%2Ftags&post=124086"}],"curies":[{"name":"wp","href":"https:\/\/api.w.org\/{rel}","templated":true}]}}