{"id":124073,"date":"2021-04-03T16:44:26","date_gmt":"2021-04-03T20:44:26","guid":{"rendered":"https:\/\/www.bibula.com\/?p=124073"},"modified":"2021-04-03T16:44:59","modified_gmt":"2021-04-03T20:44:59","slug":"dyktatura-sanitarna-czyli-zapomnijcie-o-powrocie-do-normalnosci","status":"publish","type":"post","link":"https:\/\/www.bibula.com\/?p=124073","title":{"rendered":"Dyktatura sanitarna \u2013 czyli zapomnijcie o \u201epowrocie do normalno\u015bci\u201d &#8211; <em>Luciano Lago<\/em>"},"content":{"rendered":"<p><em><strong>Ciekawy artyku\u0142 w\u0142oskiego publicysty Luciano Lago. Italia od pocz\u0105tku \u201epandemii\u201d sta\u0142a si\u0119 \u015bwiatowym laboratorium \u201enowej normalno\u015bci\u201d. Warto przeczyta\u0107.<\/strong><\/em><\/p>\r\n<p>W Europie toczy si\u0119 dyskusja o ma\u0142o prawdopodobnym powrocie do \u201enormalno\u015bci\u201d po zako\u0144czeniu pandemii.<\/p>\r\n<p><span id=\"more-91799\"><\/span>Sytuacj\u0119, w jakiej znalaz\u0142y si\u0119 spo\u0142ecze\u0144stwa europejskie po kilku falach pandemii, okre\u015bla si\u0119 ju\u017c mianem \u201e<strong>nowej normalno\u015bci\u201d<\/strong>. Jednak ten typ normalno\u015bci jest daleki od g\u0142\u0119boko zakorzenionych przyzwyczaje\u0144 i poprzedniego statusu spo\u0142ecze\u0144stw europejskich, zar\u00f3wno tych bogatszych w Europie p\u00f3\u0142nocnej, jak i kraj\u00f3w \u015br\u00f3dziemnomorskich, takich jak W\u0142ochy, Hiszpania i Grecja.<\/p>\r\n<p>Wydaje si\u0119, \u017ce <strong>ludno\u015b\u0107 przyzwyczai\u0142a si\u0119<\/strong> do zamkni\u0119\u0107, godziny policyjnej, zamykania restauracji, si\u0142owni i teatr\u00f3w, zniesienia podstawowych praw cz\u0142owieka, prawa do pracy, nauki, wypoczynku, podczas gdy silna fala represji policji na ulicach wymierzona w tych, kt\u00f3rzy \u0142ami\u0105 przepisy lub gorzej przeciwko tym, kt\u00f3rzy demonstruj\u0105 przeciwko blokadzie.<\/p>\r\n<p>W rzeczywisto\u015bci mo\u017cemy zacz\u0105\u0107 rozumie\u0107, \u017ce usuni\u0119cie barier i zakaz\u00f3w, przywr\u00f3cenie podstawowych wolno\u015bci mo\u017ce sta\u0107 si\u0119 powa\u017cnym wyzwaniem dla elit europejskich. <strong>Elity w\u0142adzy nie chc\u0105 przywr\u00f3cenia poprzedniej sytuacji i staraj\u0105 si\u0119 przed\u0142u\u017cy\u0107 status totalitarnych ogranicze\u0144, bo jest to zgodne z ich planami.<\/strong><\/p>\r\n<p>Kraje europejskie szybko wkraczaj\u0105 w trzeci\u0105 fal\u0119 pandemii COVID-19. W \u015brod\u0119 prezydent Francji Emmanuel Macron og\u0142osi\u0142 og\u00f3lnokrajow\u0105 kwarantann\u0119 w zwi\u0105zku z rozprzestrzenianiem si\u0119 brytyjskiego szczepu koronawirusa. Tego samego dnia w\u0142adze Hamburga wprowadzi\u0142y godzin\u0119 policyjn\u0105. Wcze\u015bniej podobny \u015brodek zosta\u0142 wprowadzony przez w\u0142adze lokalne w kilku krajach zwi\u0105zkowych Republiki Federalnej Niemiec, od Brandenburgii po Bawari\u0119.<\/p>\r\n<p>Po 4 kwietnia, w tygodniu wielkanocnym, rz\u0105d Draghiego we W\u0142oszech og\u0142osi now\u0105 blokad\u0119: zakaz podr\u00f3\u017cowania i zamkni\u0119cie r\u00f3\u017cnych struktur publicznych. To samo dzieje si\u0119 w S\u0142owenii, gdzie restrykcyjny system kwarantanny powr\u00f3ci\u0142 od pocz\u0105tku kwietnia; tak jak w Polsce wprowadza si\u0119 coraz to nowe blokady.<\/p>\r\n<p>W weekend w ca\u0142ej Europie odbywa\u0142y si\u0119 protesty przeciwko zamkni\u0119ciu i restrykcjom. W krajach Unii Europejskiej wprowadzono \u015bcis\u0142\u0105 godzin\u0119 policyjn\u0105, osoby naruszaj\u0105ce zakazy koronawirusa s\u0105 nara\u017cone na wysokie grzywny, a nawet kary wi\u0119zienia.<\/p>\r\n<p>Wszystko to wskazuje na trend: ustanowienie ogranicze\u0144, zamkni\u0119\u0107 i zakaz\u00f3wi jest cz\u0119\u015bci\u0105 systemu, kt\u00f3rego celem nie jest, jak twierdz\u0105 w\u0142adze, ochrona zdrowia, ale raczej zaostrzenie represji wobec wolno\u015bci osobistych. Wniosek ten zawarty jest r\u00f3wnie\u017c w raporcie \u201eNew Normal. Jak Europa porzuca prawa obywatelskie i tradycj\u0119 polityczn\u0105 \u201d, kt\u00f3ry zaprezentowa\u0142 w czwartek Instytut Ekspert\u00f3w EISS (Europejski Instytut Zabezpiecze\u0144 Spo\u0142ecznych).<\/p>\r\n<p>W rzeczywisto\u015bci to, co nazywa si\u0119 \u201enow\u0105 normalno\u015bci\u0105\u201d, odpowiada g\u0142\u0119boko zmienionemu systemowi spo\u0142ecznemu, kt\u00f3ry zosta\u0142 otwarcie wyra\u017cony na jednym ze szczyt\u00f3w G20, po \u015bwiatowym za\u0142amaniu finansowym w 2008 r.<\/p>\r\n<p>Wielu analityk\u00f3w dosz\u0142o do tego wniosku i stwierdzi\u0142o, \u017ce pandemia koronawirusa przyspieszy\u0142a kryzys liberalnych demokracji w \u015bwiecie zachodnim, a zw\u0142aszcza w Europie .<\/p>\r\n<p>Od pocz\u0105tku epidemii w wielu krajach stan demokracji i praw cz\u0142owieka pogorszy\u0142 si\u0119. Rz\u0105dy reaguj\u0105 na kryzys nadu\u017cywaj\u0105c swojej w\u0142adzy, uciszaj\u0105c swoich krytyk\u00f3w i os\u0142abiaj\u0105c lub zamykaj\u0105c wa\u017cne instytucje, cz\u0119sto podwa\u017caj\u0105c te same systemy odpowiedzialno\u015bci, kt\u00f3re s\u0105 niezb\u0119dne do ochrony zdrowia publicznego.<\/p>\r\n<p>Dlatego twierdzi si\u0119, \u017ce powr\u00f3t do \u015bwiata \u201ejak dawniej\u201d nie b\u0119dzie ju\u017c mo\u017cliwy, a spo\u0142ecze\u0144stwa ulegn\u0105 g\u0142\u0119bokiej przemianie na gorsze wraz z de facto ustanowieniem system\u00f3w ekstensywnej kontroli spo\u0142ecznej i degradacj\u0105 instytucji demokratycznych.<\/p>\r\n<p>Pogorszenie praw i wolno\u015bci ma miejsce w Europie, a dok\u0142adnie na kontynencie, na kt\u00f3rym potwierdzono nienaruszalno\u015b\u0107 niekt\u00f3rych praw i wolno\u015bci s\u0142owa. W imi\u0119 bezpiecze\u0144stwa i prymatu naukowego kontrola zostanie rozszerzona na jedn\u0105 sfer\u0119 wszystkich obywateli i system represji idei powierzony zostanie du\u017cym korporacjom ponadnarodowym (przede wszystkim media spo\u0142eczno\u015bciowe), kt\u00f3re wykorzystuj\u0105 swoje platformy w celu wykluczenia wszelkich przejaw\u00f3w krytyki obecnego systemu liberalnego. Zobacz jak wygl\u0105da cenzura na Facebooku, YouTube, Twitterze i podobnych.<\/p>\r\n<p>Kr\u0105\u017c\u0105 r\u00f3\u017cne artyku\u0142y z \u201emainstreamu\u201d, w kt\u00f3rych stwierdza si\u0119, \u017ce nieuniknione jest rozwa\u017cenie na sta\u0142e ogranicze\u0144 pandemicznych, kt\u00f3re musz\u0105 zosta\u0107 ustanowione przez prawo, argumentuj\u0105c, \u017ce warianty przewidziane dla ka\u017cdego szczepu mog\u0105 si\u0119 rozmna\u017ca\u0107 bez ko\u0144ca. Rz\u0105dy uwa\u017caj\u0105 za dogodne zarz\u0105dzanie ludno\u015bci\u0105 w ten spos\u00f3b pod pretekstem ochrony zdrowia i przy permanentnej sytuacji kryzysowej . Stan wyj\u0105tkowy z kolei opiera si\u0119 na dogmatach, na podstawie kt\u00f3rych naukowcy na us\u0142ugach s\u0142u\u017cb rz\u0105d\u00f3w decyduj\u0105 o \u015brodkach ograniczaj\u0105cych i kt\u00f3re poprzez kontrolowany aparat medialny szerz\u0105 terror i psychoz\u0119 w\u015br\u00f3d ludzi.<\/p>\r\n<p>W subtelny spos\u00f3b tworzony jest totalitarny system kontroli, kt\u00f3ry pozwala elitom dzia\u0142a\u0107 bez poddawania si\u0119 kontroli z do\u0142u i bez konieczno\u015bci odpowiadania za olbrzymie konsekwencje zubo\u017cenia klasy pracuj\u0105cej i wzbogacenia si\u0119 wielkich posiadaczy kapita\u0142u. Nier\u00f3wno\u015bci rosn\u0105 wyk\u0142adniczo, a niewielka mniejszo\u015b\u0107 gromadzi ogromne zyski, przejmuj\u0105c kontrol\u0119 nad obiegami gospodarczymi, finansowymi i \u015bwiatowym handlu.<\/p>\r\n<p>Koszt kryzysu jest obecnie ukryty przez wzrost d\u0142ugu publicznego w ka\u017cdym nara\u017conym kraju, nast\u0119pnie oligarchie gospodarcze maj\u0105 plan wyssania prywatnych oszcz\u0119dno\u015bci i zmuszenia obywateli do pokrycia koszt\u00f3w niezb\u0119dnych do ponownego uruchomienia systemu gospodarczego.<\/p>\r\n<p>Obecnie w spo\u0142ecze\u0144stwach europejskich oczekuje si\u0119 przezwyci\u0119\u017cenia kryzysu masowymi szczepieniami, twierdz\u0105c, \u017ce pomog\u0105 one powr\u00f3ci\u0107 do \u015bwiata podobnego do poprzedniego, ponownie uruchomi\u0107 przemieszczanie si\u0119, turystyk\u0119 i dzia\u0142alno\u015b\u0107 gospodarcz\u0105. Wkr\u00f3tce ludzie b\u0119d\u0105 musieli obudzi\u0107 si\u0119 ze swoich z\u0142udze\u0144 i odkry\u0107, \u017ce zostali oszukani, ale w\u0142a\u015bnie wtedy te \u015brodki ograniczenia i pozbawienia wolno\u015bci, kt\u00f3re pozwol\u0105 elitom w\u0142adzy kontrolowa\u0107 gniew i niezadowolenie, b\u0119d\u0105 przydatne i niezb\u0119dne.<\/p>\r\n<p>Kr\u0105g zamyka si\u0119 stopniowo, a masy nie maj\u0105 tego \u015bwiadomo\u015bci.<\/p>\r\n<p><em>[A czy kiedykolwiek masy mia\u0142y \u015bwiadomo\u015b\u0107 czegokolwiek, pr\u00f3cz poczucia g\u0142odu i pop\u0119du p\u0142ciowego? \u2013 admin]<\/em><\/p>\r\n<p><strong><em>Luciano Lago<\/em><\/strong><\/p>\r\n<p><em>Tekst oryginalny:<\/em><br>\r\n<em><a href=\"https:\/\/www.controinformazione.info\/i-gruppi-di-potere-in-europa-non-scommettono-sulla-fine-della-pandemia\/\" target=\"_blank\" rel=\"noopener\">&gt;https:\/\/www.controinformazione.info\/i-gruppi-di-potere-in-europa-non-scommettono-sulla-fine-della-pandemia\/<\/a><\/em><\/p>\r\n<p><em>T\u0142umaczenie automatyczne. Wyb\u00f3r, redakcja i korekta J.R<\/em><\/p>\r\n<p><em><a href=\"http:\/\/xn--niepodlegy-i0b.pl\/#\/1047\/dyktatura-sanitarna\/\" target=\"_blank\" rel=\"noopener\">http:\/\/niepodleg\u0142y.pl<\/a><\/em><\/p>\r\n<p class=\"zrodlo\">Za: <a href=\"https:\/\/marucha.wordpress.com\/2021\/04\/03\/dyktatura-sanitarna-czyli-zapomnijcie-o-powrocie-do-normalnosci\/\">Dziennik gajowego Maruchy (2021-04-03)<\/a><\/p>\r\n<blockquote>\r\n<p>[<strong>Wybrane wypowiedzi internaut\u00f3w pod w\/w tekstem na stronie \u017ar\u00f3d\u0142owej:<\/strong>]<\/p>\r\n<p><em>Olo<\/em><br>\r\nPowr\u00f3t do normalno\u015bci nast\u0105pi wtedy, kiedy normalni ludzie wyjd\u0105 na ulice i zaczn\u0105 zabija\u0107 swoich ciemi\u0119\u017cycieli. Je\u015bli tego nie zrobi\u0105, sami zostan\u0105 wymordowani.<\/p>\r\n<p>\u2014\u2014\u2014\u2013<br>\r\n<em>Nie inaczej.<\/em><br>\r\n<em>Admin<\/em><\/p>\r\n<p><br>\r\n<em>xyz<\/em><br>\r\n\u201eSzeroko si\u0119 wie\u015b\u0107 niesie w tym najlepszym ze \u015bwiat\u00f3w,<br>\r\n\u017be Polska jest rajem dla wszystkich, lecz nie dla Polak\u00f3w!\u201d<\/p>\r\n<\/blockquote>","protected":false},"excerpt":{"rendered":"Ciekawy artyku\u0142 w\u0142oskiego publicysty Luciano Lago. Italia od pocz\u0105tku \u201epandemii\u201d sta\u0142a si\u0119 \u015bwiatowym laboratorium \u201enowej normalno\u015bci\u201d. Warto przeczyta\u0107. W Europie toczy si\u0119 dyskusja o ma\u0142o prawdopodobnym powrocie do \u201enormalno\u015bci\u201d po zako\u0144czeniu pandemii. Sytuacj\u0119, w jakiej znalaz\u0142y si\u0119 spo\u0142ecze\u0144stwa europejskie po kilku falach pandemii, okre\u015bla si\u0119 ju\u017c mianem \u201enowej normalno\u015bci\u201d. Jednak ten typ normalno\u015bci jest daleki [&hellip;]","protected":false},"author":1,"featured_media":0,"comment_status":"closed","ping_status":"closed","sticky":false,"template":"","format":"standard","meta":{"_acf_changed":false,"_monsterinsights_skip_tracking":false,"_monsterinsights_sitenote_active":false,"_monsterinsights_sitenote_note":"","_monsterinsights_sitenote_category":0,"ngg_post_thumbnail":0,"footnotes":"","_wp_rev_ctl_limit":""},"categories":[451],"tags":[433,207,351,20],"acf":[],"_links":{"self":[{"href":"https:\/\/www.bibula.com\/index.php?rest_route=\/wp\/v2\/posts\/124073"}],"collection":[{"href":"https:\/\/www.bibula.com\/index.php?rest_route=\/wp\/v2\/posts"}],"about":[{"href":"https:\/\/www.bibula.com\/index.php?rest_route=\/wp\/v2\/types\/post"}],"author":[{"embeddable":true,"href":"https:\/\/www.bibula.com\/index.php?rest_route=\/wp\/v2\/users\/1"}],"replies":[{"embeddable":true,"href":"https:\/\/www.bibula.com\/index.php?rest_route=%2Fwp%2Fv2%2Fcomments&post=124073"}],"version-history":[{"count":3,"href":"https:\/\/www.bibula.com\/index.php?rest_route=\/wp\/v2\/posts\/124073\/revisions"}],"predecessor-version":[{"id":124077,"href":"https:\/\/www.bibula.com\/index.php?rest_route=\/wp\/v2\/posts\/124073\/revisions\/124077"}],"wp:attachment":[{"href":"https:\/\/www.bibula.com\/index.php?rest_route=%2Fwp%2Fv2%2Fmedia&parent=124073"}],"wp:term":[{"taxonomy":"category","embeddable":true,"href":"https:\/\/www.bibula.com\/index.php?rest_route=%2Fwp%2Fv2%2Fcategories&post=124073"},{"taxonomy":"post_tag","embeddable":true,"href":"https:\/\/www.bibula.com\/index.php?rest_route=%2Fwp%2Fv2%2Ftags&post=124073"}],"curies":[{"name":"wp","href":"https:\/\/api.w.org\/{rel}","templated":true}]}}