{"id":123996,"date":"2021-03-30T21:07:01","date_gmt":"2021-03-31T01:07:01","guid":{"rendered":"https:\/\/www.bibula.com\/?p=123996"},"modified":"2021-03-30T21:25:57","modified_gmt":"2021-03-31T01:25:57","slug":"archidiecezja-bostonska-sluzba-przy-oltarzu-tylko-dla-w-pelni-zaszczepionych","status":"publish","type":"post","link":"https:\/\/www.bibula.com\/?p=123996","title":{"rendered":"Archidiecezja Bosto\u0144ska: s\u0142u\u017cba przy o\u0142tarzu tylko dla w pe\u0142ni zaszczepionych"},"content":{"rendered":"<p><strong>Archidiecezja Bosto\u0144ska wyda\u0142a znowelizowane zarz\u0105dzenie, w kt\u00f3rym wyklucza mo\u017cliwo\u015b\u0107 niekt\u00f3rych pos\u0142ug duszpasterskich, takich jak s\u0142u\u017cba diakon\u00f3w przy o\u0142tarzu, dla os\u00f3b &#8222;nie w pe\u0142ni zaszczepionych szczepionk\u0105 przeciwko Covid-19&#8221;.<\/strong><\/p>\r\n<p>Archidiecezja Bosto\u0144ska, kierowana przez kardyna\u0142a Se\u00e1na Patricka O&#8217;Malleya, wyda\u0142a 17 marca br. znowelizowane przepisy (<em>Adjustment to COVID Protocols<\/em>) ustalaj\u0105ce warunki sprawowania liturgii i innych pos\u0142ug w czasie tzw. pandemii koronawirusa i forsowanego programu powszechnych wyszczepie\u0144 chemiczno-genetycznym preparatem reklamowanym jako szczepionka.<\/p>\r\n<p>\u201eParafie mog\u0105 korzysta\u0107 z us\u0142ug szafarzy udzielaj\u0105cych Komuni\u0119 jedynie je\u015bli szafarz jest w pe\u0142ni zaszczepiony&#8221; &#8211; stwierdza protok\u00f3\u0142 archidiecezji. (W \u017cadnej cz\u0119\u015bci zarz\u0105dzenia archidecezja nie u\u017cywa okre\u015blenia &#8222;Komunia \u015bwi\u0119ta&#8221;.)<\/p>\r\n<p>\u201eMinistrant powinien nosi\u0107 mask\u0119, a kap\u0142an (i diakon) powinien nosi\u0107 mask\u0119, kiedy nie m\u00f3wi. Gdy kap\u0142an m\u00f3wi, a zatem nie nosi maski, ministrant powinien zachowa\u0107 jak najwi\u0119ksz\u0105 odleg\u0142o\u015b\u0107. Ministrant nie powinien trzyma\u0107 kap\u0142anowi msza\u0142u\u201d- czytamy we wskaz\u00f3wkach dotycz\u0105cych ministrant\u00f3w.<\/p>\r\n<p>Protoko\u0142y pozwalaj\u0105 tak\u017ce parafiom na wznowienie \u201enormalnej cz\u0119stotliwo\u015bci\u201d udzielenia Komunii poza ko\u015bcio\u0142em, np. w domu, ale tylko je\u015bli szafarz jest \u201ew pe\u0142ni zaszczepiony\u201d. <span class=\"\">Zgodnie z wytycznymi takie wizyty powinny by\u0107 bardzo kr\u00f3tkie, czyli \u201ewystarczaj\u0105co d\u0142ugie, aby przynie\u015b\u0107 Sakrament\u201d. <\/span><\/p>\r\n<p><span class=\"\">\u201eNadzwyczajni szafarze Komunii mog\u0105 nadal nie\u015b\u0107 Naj\u015bwi\u0119tszy Sakrament swoim rodzinom bez wzgl\u0119du na status szczepie\u0144\u201d.&nbsp; &#8211; stwierdza kowidowy protok\u00f3\u0142.<br>\r\n<\/span><\/p>\r\n<p>Wielu wiernych s\u0142ysz\u0105c o nowych przepisach i utrudnieniach tworzonych przez hierarch\u00f3w pod pretekstem tzw. pandemii zaczyna obawia\u0107 si\u0119, \u017ce praktyki te zostan\u0105 rozszerzone na inne aspekty uczestnictwa w liturgii i sakramentach, a mo\u017ce nawet na sam pobyt w ko\u015bciele.<\/p>\r\n<p>Jak czytamy w innych doniesieniach, <span style=\"text-decoration: underline;\"><a href=\"https:\/\/www.bibula.com\/?p=123993\">jedna z parafii<\/a><\/span> w New Jersey zezwoli\u0142a na przyst\u0105pienie do sakramentu spowiedzi tylko tym osobom, kt\u00f3re zosta\u0142y zaszczepione. Dopiero interwencja \u015bwieckich katolik\u00f3w u lokalnego biskupa spowodowa\u0142a odwo\u0142anie nowych zarz\u0105dze\u0144.<\/p>\r\n<p>W zesz\u0142ym miesi\u0105cu proboszcz jednej z parafii w stanie Nowy Meksyk <a href=\"https:\/\/5xkfgzqftdwo4lvvn75jgxede4--www-lifesitenews-com.translate.goog\/news\/priest-says-only-vaccinated-parishioners-will-be-allowed-to-distribute-communion-in-possible-breach-of-federal-law\"><span style=\"text-decoration: underline;\">o\u015bwiadczy\u0142,<\/span><\/a> \u017ce starsze osoby, kt\u00f3re chc\u0105 pomaga\u0107 w rozdawaniu Komunii \u015awi\u0119tej, musz\u0105 najpierw by\u0107 w pe\u0142ni zaszczepione.<\/p>\r\n<p>W wielu parafiach regularnie odmawia si\u0119 udzielania Komunii \u015bwi\u0119tej na j\u0119zyk, a osoby o to usilnie prosz\u0105ce mog\u0105 po Mszy podej\u015b\u0107 do osobnego stolika gdzie szafarz wyposa\u017cony w dodatkowe &#8222;\u015brodki bezpiecze\u0144stwa&#8221; udziela Komunii \u015bwi\u0119tej w ten jedyny godny spos\u00f3b.<\/p>\r\n<h4>&nbsp;<\/h4>\r\n<p>Kardyna\u0142 Se\u00e1n Patrick O&#8217;Malley, z zakonu kapucyn\u00f3w, znany jest od lat z wielu lewicowych bulwersuj\u0105cych decyzji. Mocny w pustos\u0142owiu &#8222;przeciwko aborcji&#8221;, kard. O&#8217;Malley przewodniczy\u0142 mszy \u017ca\u0142obnej Teda Kennedy&#8217;ego, czo\u0142owego pro-aborcyjnego polityka. W czasie gdy toczy\u0142o si\u0119 dochodzenie Kongregacji Nauki Wiary przeciwko lewicowej, marksistowskiej i jawnie antykatolickiej Konferencji Zakonnic zrzeszaj\u0105cej prze\u0142o\u017cone \u017ce\u0144skich zakon\u00f3w, kard. O&#8217;Mally stan\u0105\u0142 po ich stronie wychwalaj\u0105c je &#8222;za wspania\u0142\u0105 misj\u0119&#8221;. Pomimo tego, \u017ce nazwisko kardyna\u0142a O&#8217;Malley nieustannie przewija\u0142o si\u0119 w aktach tuszowania skandali seksualnych ksi\u0119\u017cy jego diecezji oraz b. kardyna\u0142a McCarricka, Franciszek-Bergoglio powo\u0142a\u0142 go jako&#8230; przewodnicz\u0105cego Papieskiej Komisji Ochrony Ma\u0142oletnich. Archidiecezja zarz\u0105dzana przez kard. O&#8217;Malley zawar\u0142a kontrakt z firm\u0105 ubezpieczeniow\u0105 pokrywaj\u0105cy aborcj\u0119 i dopiero ujawnienie tego faktu przez media katolickie doprowadzi\u0142o do &#8222;rewizji kontraktu&#8221; i zerwanie umowy.<\/p>\r\n<p>Kardyna\u0142 O&#8217;Malley znany jest r\u00f3wnie\u017c od wielu lat z chorobliwego wr\u0119cz filosemityzmu.\u201c<em>Wzywamy wszystkich katolik\u00f3w aby g\u0142\u0119biej zrozumieli \u017cydowskie korzenie naszej religii<\/em>\u201d \u2013 wo\u0142a\u0142 w maju 2006 roku kardyna\u0142 O\u2019Malley, przemawiaj\u0105c do oko\u0142o 400 os\u00f3b &#8211; \u017cydowskich dzia\u0142aczy, rabin\u00f3w, ksi\u0119\u017cy i katolik\u00f3w \u2013 zgromadzonych w \u017cydowskim centrum kulturalnym <em>Leventhal-Sidman Jewish Community Center<\/em> w Newton. Kardyna\u0142 O\u2019Malley obarczy\u0142 r\u00f3wnie\u017c katolik\u00f3w pewn\u0105 odpowiedzialno\u015bci\u0105 za \u201cholokaust\u201d, po czym wypowiedzia\u0142 heretyckie blu\u017anierstwo o &#8222;wsp\u00f3lnym Bogu&#8221; wyznawc\u00f3w Chrystusa i wyznawc\u00f3w antychrysta. \u201c<em>Wiele jest r\u00f3\u017cnic pomi\u0119dzy chrze\u015bcija\u0144stwem i judaizmem<\/em>\u201d \u2013 wo\u0142a\u0142 kard. O\u2019Malley \u2013 \u201c<em>ale mamy wiele wsp\u00f3lnego i <strong>b\u0119dziemy s\u0105dzeni przez tego samego Boga<\/strong>. Pracujmy razem nad budow\u0105 lepszej cywilizacji i \u015bwiata. Nasz B\u00f3g b\u0119dzie z tego zadowolony.<\/em>\u201d Kard. O&#8217;Mally powiedzia\u0142, \u017ce B\u00f3g jest sprawc\u0105 dzia\u0142ania katolik\u00f3w pragn\u0105cych <strong>oczyszczenia religii katolickiej z wielowiekowego nauczania i tradycji antysemickich<\/strong>. \u201c<em>Wiele os\u00f3b mog\u0142oby opisa\u0107 stosunki pomi\u0119dzy Ko\u015bcio\u0142em katolickim a spo\u0142eczno\u015bci\u0105 \u017cydowsk\u0105 jako straszny wypadek samochodowy<\/em>\u201d \u2013 powiedzia\u0142 kard. O\u2019Malley nawi\u0105zuj\u0105c do pewnego humoru-anegdoty o wypadku samochodowym, w kt\u00f3rym mieli uczestniczy\u0107 ksi\u0105dz katolicki i rabin \u2013 \u201cale prze\u017cyli\u015bmy go i <strong>B\u00f3g chce aby\u015bmy zostali przyjaci\u00f3\u0142mi.<\/strong>\u201c<\/p>\r\n<p>Jak wida\u0107 na wielu smutnych przyk\u0142adach, osoby odwracaj\u0105ce si\u0119 od Wiary, Ko\u015bcio\u0142a i Chrystusa staj\u0105 si\u0119 ofiarami antykatolickich nurt\u00f3w. Odwracaj\u0105c si\u0119 od Rozumu ulegaj\u0105 go\u0142os\u0142owiu &#8222;ekspert\u00f3w naukowych&#8221; obwieszczaj\u0105cych o tzw. pandemii.<\/p>\r\n<p class=\"podpis_sz\">Oprac. www.bibula.com<br>\r\n2021-03-30<\/p>","protected":false},"excerpt":{"rendered":"Archidiecezja Bosto\u0144ska wyda\u0142a znowelizowane zarz\u0105dzenie, w kt\u00f3rym wyklucza mo\u017cliwo\u015b\u0107 niekt\u00f3rych pos\u0142ug duszpasterskich, takich jak s\u0142u\u017cba diakon\u00f3w przy o\u0142tarzu, dla os\u00f3b &#8222;nie w pe\u0142ni zaszczepionych szczepionk\u0105 przeciwko Covid-19&#8221;. Archidiecezja Bosto\u0144ska, kierowana przez kardyna\u0142a Se\u00e1na Patricka O&#8217;Malleya, wyda\u0142a 17 marca br. znowelizowane przepisy (Adjustment to COVID Protocols) ustalaj\u0105ce warunki sprawowania liturgii i innych pos\u0142ug w czasie tzw. [&hellip;]","protected":false},"author":1,"featured_media":0,"comment_status":"closed","ping_status":"closed","sticky":false,"template":"","format":"standard","meta":{"_acf_changed":false,"_monsterinsights_skip_tracking":false,"_monsterinsights_sitenote_active":false,"_monsterinsights_sitenote_note":"","_monsterinsights_sitenote_category":0,"ngg_post_thumbnail":0,"footnotes":"","_wp_rev_ctl_limit":""},"categories":[4],"tags":[132,433,53,20,221,452],"acf":[],"_links":{"self":[{"href":"https:\/\/www.bibula.com\/index.php?rest_route=\/wp\/v2\/posts\/123996"}],"collection":[{"href":"https:\/\/www.bibula.com\/index.php?rest_route=\/wp\/v2\/posts"}],"about":[{"href":"https:\/\/www.bibula.com\/index.php?rest_route=\/wp\/v2\/types\/post"}],"author":[{"embeddable":true,"href":"https:\/\/www.bibula.com\/index.php?rest_route=\/wp\/v2\/users\/1"}],"replies":[{"embeddable":true,"href":"https:\/\/www.bibula.com\/index.php?rest_route=%2Fwp%2Fv2%2Fcomments&post=123996"}],"version-history":[{"count":10,"href":"https:\/\/www.bibula.com\/index.php?rest_route=\/wp\/v2\/posts\/123996\/revisions"}],"predecessor-version":[{"id":124007,"href":"https:\/\/www.bibula.com\/index.php?rest_route=\/wp\/v2\/posts\/123996\/revisions\/124007"}],"wp:attachment":[{"href":"https:\/\/www.bibula.com\/index.php?rest_route=%2Fwp%2Fv2%2Fmedia&parent=123996"}],"wp:term":[{"taxonomy":"category","embeddable":true,"href":"https:\/\/www.bibula.com\/index.php?rest_route=%2Fwp%2Fv2%2Fcategories&post=123996"},{"taxonomy":"post_tag","embeddable":true,"href":"https:\/\/www.bibula.com\/index.php?rest_route=%2Fwp%2Fv2%2Ftags&post=123996"}],"curies":[{"name":"wp","href":"https:\/\/api.w.org\/{rel}","templated":true}]}}