{"id":123814,"date":"2021-03-25T10:40:30","date_gmt":"2021-03-25T14:40:30","guid":{"rendered":"https:\/\/www.bibula.com\/?p=123814"},"modified":"2021-03-25T16:18:48","modified_gmt":"2021-03-25T20:18:48","slug":"prof-kuna-lockdown-jest-zlem-skroci-nasze-zycie-spowoduje-epidemie-innych-chorob","status":"publish","type":"post","link":"https:\/\/www.bibula.com\/?p=123814","title":{"rendered":"Prof. Kuna: Lockdown jest z\u0142em. Skr\u00f3ci nasze \u017cycie. Spowoduje epidemie innych chor\u00f3b"},"content":{"rendered":"<p><strong>Prof. Piotr Kuna po raz kolejny w ostrych s\u0142owach skomentowa\u0142 polityk\u0119 lockdownu prowadzon\u0105 przez rz\u0105d PiS. Jak twierdzi skr\u00f3ci on nasze \u017cycie, a tak\u017ce spowoduje epidemi\u0119 innych chor\u00f3b.<\/strong><\/p>\r\n<p>Takie opinie w\u015br\u00f3d ekspert\u00f3w zapraszanych do medi\u00f3w g\u0142\u00f3wnego nurtu to rzadko\u015b\u0107. Prof. Piotr Kuna wprost skrytykowa\u0142 polityk\u0119 lockdownu. Tymczasem ju\u017c oficjalne rz\u0105dowe zapowiedzi wskazuj\u0105 na pe\u0142ny lockdown od przysz\u0142ego tygodnia w Polsce.<\/p>\r\n<p>Polska wczoraj (23 marca \u2013 red.) przegoni\u0142a Szwecj\u0119 pod wzgl\u0119dem liczby zgon\u00f3w na milion mieszka\u0144c\u00f3w z powodu COVID-19. Je\u017celi chodzi natomiast o wszystkie nadmiarowe zgony, to Polska staje si\u0119 europejskim liderem. Kolejny lockdown to oczywi\u015bcie kontynuacja tej katastrofalnej polityki.<\/p>\r\n<p><strong>Lockdown jest z\u0142em<\/strong><\/p>\r\n<p>Prof. Piotr Kuna krytykuje lockdown od dawna, jak m\u00f3wi \u2013 wobec koronawirusa trzeba mie\u0107 zupe\u0142nie inne podej\u015bcie. \u2013 <em>Lockdown jest z\u0142em. Obok nieodwracalnych konsekwencji ekonomicznych skutkuje zaci\u0105gni\u0119ciem d\u0142ugu zdrowotnego, kt\u00f3ry spo\u0142ecze\u0144stwo b\u0119dzie sp\u0142aca\u0107 latami<\/em> \u2013 m\u00f3wi w rozmowie z medonet.pl.<\/p>\r\n<p>Jak podkre\u015bla, zaniedbania w innych obszarach ni\u017c COVID-19, b\u0119d\u0105 mia\u0142y op\u0142akane skutki. \u2013 <em>Ro\u015bnie liczba chor\u00f3b nowotworowych, uk\u0142adu kr\u0105\u017cenia czy chor\u00f3b psychicznych. Ich leczenie b\u0119dzie nas kosztowa\u0142o du\u017co wi\u0119cej ni\u017c ca\u0142a pandemia koronawirusa<\/em> \u2013 wskazuje prof. Kuna.<\/p>\r\n<p>\u2013 <em>Jako lekarz patrz\u0119 nie tylko na korzy\u015bci dora\u017ane, ale na efekty d\u0142ugofalowe, bo moim celem jest, by pacjent \u017cy\u0142 jak najd\u0142u\u017cej, w pe\u0142ni zdrowia i si\u0142. A niestety, lockdown skr\u00f3ci nasze \u017cycie<\/em> \u2013 dodaje. Podkre\u015bla, \u017ce lockdown doprowadzi do wzrostu liczby nowotwor\u00f3w, pod wzgl\u0119dem kt\u00f3rych Polska i tak jest w tragicznej sytuacji.<\/p>\r\n<p>Jak wskazuje, gdyby media informowa\u0142y o nowych przypadkach nowotwor\u00f3w codziennie, nasze podej\u015bcie mog\u0142oby by\u0107 zupe\u0142nie inne. \u2013 <em>Telewizja nie podaje, ile wykryto nowych przypadk\u00f3w raka p\u0142uca, jelita grubego, raka piersi. O tym si\u0119 nie m\u00f3wi<\/em> \u2013 podkre\u015bla.<\/p>\r\n<p class=\"zrodlo\">Za: <a href=\"https:\/\/nczas.com\/2021\/03\/24\/prof-kuna-lockdown-jest-zlem-skroci-nasze-zycie-spowoduje-epidemie-innych-chorob\/\">Najwy\u017cszy Czas! (24 marca 2021)<\/a><\/p>\r\n<h4>&nbsp;<\/h4>\r\n<hr style=\"background-color: #000000; border-width: 0; color: #000000; height: 2px; line-height: 0; text-align: center; width: 100%;\">\r\n<h4>&nbsp;<\/h4>\r\n<blockquote>\r\n<p><strong>KOMENTARZ <em>BIBU\u0141Y<\/em><\/strong>: Oczywi\u015bcie przy tego typu nieprecyzyjnych stwierdzeniach (&#8222;<em>Polska wczoraj (23 marca \u2013 red.) przegoni\u0142a Szwecj\u0119 pod wzgl\u0119dem liczby zgon\u00f3w na milion mieszka\u0144c\u00f3w z powodu COVID-19.<\/em>&#8222;) nale\u017cy si\u0119 zatrzyma\u0107 i natychmiast uruchomi\u0107 prawid\u0142owe t\u0142umaczenie tekstu.<\/p>\r\n<p>Polska wcale nie przegoni\u0142a nikogo &#8222;<em>pod wzgl\u0119dem liczby zgon\u00f3w &#8230; z powodu COVID-19<\/em>&#8222;), bo kwalifikowanie zmar\u0142ych jako ofiary koronawirusa jest po prostu jednym wielkim skandalem i manipulacj\u0105. Jako &#8222;chorych na Covid-19&#8221; kwalifikuje si\u0119 bowiem pacjent\u00f3w, kt\u00f3rzy zostali przetestowani &#8222;pozytywnie&#8221;, co wcale nie \u015bwiadczy, \u017ce maj\u0105 w sobie jakiegokolwiek &#8222;wirusa Covid-19&#8221;.<\/p>\r\n<p>O fa\u0142szywych testach PCR &#8211; kt\u00f3re to testy, o zgrozo, przez \u015bwiat medyczny uwa\u017cane s\u0105 za &#8222;z\u0142oty standard&#8221; &#8211; pisali\u015bmy wielokrotnie. Wed\u0142ug tych test\u00f3w mo\u017cna wykry\u0107 &#8222;wirusa&#8221; w niemal ka\u017cdej badanej pr\u00f3bce <em>czegokolwiek<\/em>. Jest to niemal losowa zabawa. Ma\u0142o tego, ka\u017cdy rozgarni\u0119ty medyk powinien wiedzie\u0107, a ka\u017cdy naukowiec przyzna\u0107 uczciwie, \u017ce wyniki test\u00f3w PCR nie s\u0105 zero-jedynkowe, to znaczy nie daj\u0105 wynik\u00f3w &#8222;fa\u0142szywy-prawdziwy&#8221;, lecz s\u0105 testami subiektywnymi, a wynik zale\u017cy od wielu czynnik\u00f3w wst\u0119pnych, czynnik\u00f3w samej obs\u0142ugi instrumentu i wreszcie ko\u0144cowej decyzji. Innymi s\u0142owy: mo\u017cna nimi manipulowa\u0107 niemal dowolnie, je\u015bli pragnie si\u0119 uzyska\u0107 za\u0142o\u017cony rezultat. Nie znaczy to, \u017ce operator instrumentu dokonuje zafa\u0142szowania, ale mo\u017ce oznacza\u0107, \u017ce parametry wst\u0119pne mog\u0105 by\u0107 tak obrane, aby maksymalnie wprowadza\u0142y element losowo\u015bci. Jak na przyk\u0142ad zbyt du\u017ca amplifikacja &#8211; co zreszt\u0105 przyzna\u0142o WHO (og\u0142oszono to w dziwnej korelacji politycznej, w dzie\u0144 po og\u0142oszeniu Bidena &#8222;prezydentem&#8221;&#8230;)<\/p>\r\n<\/blockquote>\r\n<h4>&nbsp;<\/h4>\r\n<hr style=\"background-color: #000000; border-width: 0; color: #000000; height: 2px; line-height: 0; text-align: center; width: 100%;\">\r\n<h4>&nbsp;<\/h4>","protected":false},"excerpt":{"rendered":"Prof. Piotr Kuna po raz kolejny w ostrych s\u0142owach skomentowa\u0142 polityk\u0119 lockdownu prowadzon\u0105 przez rz\u0105d PiS. Jak twierdzi skr\u00f3ci on nasze \u017cycie, a tak\u017ce spowoduje epidemi\u0119 innych chor\u00f3b. Takie opinie w\u015br\u00f3d ekspert\u00f3w zapraszanych do medi\u00f3w g\u0142\u00f3wnego nurtu to rzadko\u015b\u0107. Prof. Piotr Kuna wprost skrytykowa\u0142 polityk\u0119 lockdownu. Tymczasem ju\u017c oficjalne rz\u0105dowe zapowiedzi wskazuj\u0105 na pe\u0142ny lockdown [&hellip;]","protected":false},"author":1,"featured_media":0,"comment_status":"closed","ping_status":"closed","sticky":false,"template":"","format":"standard","meta":{"_acf_changed":false,"_monsterinsights_skip_tracking":false,"_monsterinsights_sitenote_active":false,"_monsterinsights_sitenote_note":"","_monsterinsights_sitenote_category":0,"ngg_post_thumbnail":0,"footnotes":"","_wp_rev_ctl_limit":""},"categories":[451],"tags":[433,98,136,20],"acf":[],"_links":{"self":[{"href":"https:\/\/www.bibula.com\/index.php?rest_route=\/wp\/v2\/posts\/123814"}],"collection":[{"href":"https:\/\/www.bibula.com\/index.php?rest_route=\/wp\/v2\/posts"}],"about":[{"href":"https:\/\/www.bibula.com\/index.php?rest_route=\/wp\/v2\/types\/post"}],"author":[{"embeddable":true,"href":"https:\/\/www.bibula.com\/index.php?rest_route=\/wp\/v2\/users\/1"}],"replies":[{"embeddable":true,"href":"https:\/\/www.bibula.com\/index.php?rest_route=%2Fwp%2Fv2%2Fcomments&post=123814"}],"version-history":[{"count":9,"href":"https:\/\/www.bibula.com\/index.php?rest_route=\/wp\/v2\/posts\/123814\/revisions"}],"predecessor-version":[{"id":123829,"href":"https:\/\/www.bibula.com\/index.php?rest_route=\/wp\/v2\/posts\/123814\/revisions\/123829"}],"wp:attachment":[{"href":"https:\/\/www.bibula.com\/index.php?rest_route=%2Fwp%2Fv2%2Fmedia&parent=123814"}],"wp:term":[{"taxonomy":"category","embeddable":true,"href":"https:\/\/www.bibula.com\/index.php?rest_route=%2Fwp%2Fv2%2Fcategories&post=123814"},{"taxonomy":"post_tag","embeddable":true,"href":"https:\/\/www.bibula.com\/index.php?rest_route=%2Fwp%2Fv2%2Ftags&post=123814"}],"curies":[{"name":"wp","href":"https:\/\/api.w.org\/{rel}","templated":true}]}}