{"id":123795,"date":"2021-03-23T20:24:06","date_gmt":"2021-03-24T00:24:06","guid":{"rendered":"https:\/\/www.bibula.com\/?p=123795"},"modified":"2021-03-23T20:24:06","modified_gmt":"2021-03-24T00:24:06","slug":"lekarze-poszli-w-narracje-covidowa-bezrefleksyjnie-i-bez-konca-rozmowa-z-dr-anna-martynowska","status":"publish","type":"post","link":"https:\/\/www.bibula.com\/?p=123795","title":{"rendered":"&#8222;Lekarze poszli w narracj\u0119 covidow\u0105 bezrefleksyjnie i bez ko\u0144ca&#8221; &#8211; <em>rozmowa z dr Ann\u0105 Martynowsk\u0105<\/em>"},"content":{"rendered":"<div class=\"td-a-rec td-a-rec-id-content_top  tdi_3_a1c td_block_template_1\">\r\n<div class=\"td-visible-desktop\">\r\n<p><strong>Za swoje wypowiedzi na temat COVID-19 zosta\u0142a zawieszona przez s\u0105d lekarski w prawach wykonywania zawodu. Ju\u017c wiosn\u0105 2020 roku zapowiada\u0142a, \u017ce jesieni\u0105 b\u0119d\u0105 nadprogramowe zgony spowodowane lockdownem. Doktor Anna Martynowska specjalnie dla \u201eNajwy\u017cszego Czasu!\u201d.<\/strong><\/p>\r\n<p><em>Wywiad ukaza\u0142 si\u0119 w papierowym wydaniu czasopisma konserwatywno-liberalnego \u201eNajwy\u017cszy Czas!\u201d (05-06\/2021)<\/em><\/p>\r\n<p><strong>Rafa\u0142 Pazio: Jak na Pani \u017cycie osobiste i zawodowe wp\u0142ywa decyzja s\u0105du lekarskiego podtrzymuj\u0105ca zawieszenie w prawie wykonywaniu zawodu?<\/strong><\/p>\r\n<p><strong>Dr Anna Martynowska:<\/strong> Decyzja wp\u0142ywa przede wszystkim na nasze, wszystkich nas, \u017cycie osobiste. \u017bal mi pacjent\u00f3w. Byli\u015bmy tutaj jak rodzina. Jestem mi\u0119dzy nimi trzydzie\u015bci lat. Nie wiem, czy moi koledzy i kole\u017canki zwariowali, czy nie, ale to tzw. obecne leczenie to droga przez m\u0119k\u0119. Kierowanie, na podstawie pr\u00f3by um\u00f3wienia si\u0119 na wizyt\u0119 lekarsk\u0105, od razu do kwarantanny, to jaki\u015b horror. Orwell nie przewidzia\u0142 tego, co dzieje si\u0119 dooko\u0142a.<\/p>\r\n<p><strong>Czym decyzja s\u0105du lekarskiego skutkuje w Pani \u017cyciu zawodowym?<\/strong><\/p>\r\n<p>Tym, \u017ce pacjenci stracili lekarza w tym tak ci\u0119\u017ckim czasie przewrotu, przebiegunowania \u015bwiata.<\/p>\r\n<p><strong>Co jest przede wszystkim wzi\u0119te pod uwag\u0119 w konkluzji decyzji s\u0105du lekarskiego? Co sk\u0142oni\u0142o s\u0105d do takiej decyzji?<\/strong><\/p>\r\n<p>Oficjalnie napisano w tym pierwszym wyroku, \u017ce nie wierz\u0119 w COVID-a i m\u00f3wi\u0119, \u017ce nie ma pandemii. Generalnie wniosek jest taki, \u017ce stanowi\u0119 bardzo du\u017ce zagro\u017cenie dla pacjent\u00f3w.<\/p>\r\n<p><strong>W swoich wypowiedziach wyra\u017anie Pani zaznacza, \u017ce nie chodzi o to, \u017ce nie ma pandemii, tylko nie pojawi\u0142a si\u0119 choroba, kt\u00f3rej by\u015bmy nie znali. Czyli t\u0119 chorob\u0119 lekarze znaj\u0105?<\/strong><\/p>\r\n<p>Tak.<\/p>\r\n<p><strong>A co Pani s\u0105dzi o leczeniu amantadyn\u0105? Polacy maj\u0105 ograniczony dost\u0119p do leczenia COVID-19. Promowane s\u0105 szczepionki. Nie ma rekomendacji rz\u0105du, jak mo\u017cna leczy\u0107 pacjenta \u2013 jest rekomendacja, \u017ce mo\u017cna si\u0119 zaszczepi\u0107.<\/strong><\/p>\r\n<p>Ju\u017c w og\u00f3le nie m\u00f3wi si\u0119 o leczeniu. Nie b\u0105d\u017amy naiwni w kontek\u015bcie tych zmian, kt\u00f3re, jak si\u0119 okazuje, zafundowali nam \u201estarsi i m\u0105drzejsi\u201d. Nie mam do\u015bwiadcze\u0144 z amantadyn\u0105. Natomiast te wszystkie przypadki, kt\u00f3re s\u0105 opisywane i wyleczone tym preparatem, ja do tej pory leczy\u0142am objawowo, z powodzeniem, bez u\u017cycia tego specyfiku. \u015amiertelno\u015b\u0107 by\u0142a mikroskopijna w\u015br\u00f3d mojej populacji z powodu powik\u0142a\u0144 po grypie. Przy przezi\u0119bieniach, kt\u00f3re ludzie uwa\u017caj\u0105 za gryp\u0119, zawsze powtarzam, \u017ce gdyby\u015bcie pa\u0144stwo mieli gryp\u0119, nie siedzieliby\u015bcie przede mn\u0105, nie mogliby\u015bcie chodzi\u0107. Nie ma tu nic nowego. To jest nowe, \u017ce \u015bwiat tak si\u0119 da\u0142 sponiewiera\u0107. Na szcz\u0119\u015bcie nie ca\u0142y.<\/p>\r\n<p><strong>Czy Pani pr\u00f3bowa\u0142a leczy\u0107 zdiagnozowany COVID-19?<\/strong><\/p>\r\n<p>Mia\u0142am pacjent\u00f3w z dodatnimi testami, kt\u00f3re okaza\u0142y si\u0119 niewiele warte. Pacjent ci\u0119\u017cko, terminalnie chory, kt\u00f3ry mia\u0142 dodatnie testy, jako\u015b mi nie zapad\u0142 na to, co \u201estarsi i m\u0105drzejsi\u201d daj\u0105 do wierzenia jako COVID. Wr\u00f3ci\u0142 do zdrowia. U innych pacjent\u00f3w test raz na plus, raz na minus, raz w\u0105tpliwy. W ci\u0105gu jednego ci\u0105gu testowa\u0144 r\u00f3\u017cnorodne sytuacje. Wystarczy tylko logicznie pomy\u015ble\u0107, \u017ceby si\u0119 zorientowa\u0107, \u017ce te testy to \u015bciema. Potem przysz\u0142y badania naukowe i wyja\u015bnienia.<\/p>\r\n<p>Tutaj wielki uk\u0142on w kierunku ma\u0142\u017ce\u0144stwa profesorskiego pani Polok i prof. Kowalskiego z polskiej strony, a z innych stron prof. Bhakdiego czy dr. Wodarga. To by\u0142 pierwszy zagraniczny specjalista, kt\u00f3ry powiedzia\u0142 to, co widzia\u0142am w swojej praktyce. Uchroni\u0142 mnie chyba od szale\u0144stwa, bo cz\u0142owiek jedno s\u0142yszy, a drugie widzi i nie wie, co z tym zrobi\u0107. Nast\u0105pi\u0142o jednak logiczne wyt\u0142umaczenie tej ca\u0142ej historii oparte na naukowych faktach. Pierwszym z Polak\u00f3w, kt\u00f3ry powiedzia\u0142, \u017ce co\u015b jest nie tak, by\u0142 doktor Milewski na antenie Radia Wnet. Doradca tzw. prezydenta Dudy. Niedawno si\u0119 z nim spotka\u0142am i mu podzi\u0119kowa\u0142am. Te\u017c uratowa\u0142 mi integralno\u015b\u0107 umys\u0142ow\u0105.<\/p>\r\n<p><strong>Czy dzisiaj w Polsce przedstawiciele \u015brodowiska medycznego poszukuj\u0105 odpowiedzi na pytania dotycz\u0105ce COVID-19? Czy raczej, jak wynika z Pani obserwacji, \u015brodowisko zosta\u0142o sparali\u017cowane?<\/strong><\/p>\r\n<p>Dobrym okre\u015bleniem jest to, \u017ce zosta\u0142o sparali\u017cowane. S\u0105 w\u015br\u00f3d nas lekarze, kt\u00f3rzy poszli w narracj\u0119 covidow\u0105 bezrefleksyjnie i bez ko\u0144ca. Zaszczepili si\u0119 nie wiadomo czym. Cz\u0142owiek logicznie my\u015bl\u0105cy i maj\u0105cy wiedz\u0119 medyczn\u0105 w co\u015b takiego nie p\u00f3jdzie. Jak g\u0142\u0119bokie musi by\u0107 uszkodzenie wewn\u0119trzne tych ludzi, \u017ce si\u0119 zaszczepili. Ale wi\u0119kszo\u015b\u0107 to s\u0105 ludzie trze\u017awo my\u015bl\u0105cy. Po cichu mnie popieraj\u0105. Nie mam do nich pretensji, \u017ce nie m\u00f3wi\u0105 tego g\u0142o\u015bno. Nie maj\u0105 mo\u017ce przodka g\u00f3ralskiego, harnasia, zb\u00f3ja. Ja chyba by\u0142am genetycznie skazana na to wszystko.<\/p>\r\n<p><strong>Wiosn\u0105 2020 roku m\u00f3wi\u0142a Pani, \u017ce pod koniec roku b\u0119dzie du\u017co wi\u0119cej zgon\u00f3w ni\u017c w roku ubieg\u0142ym, o kt\u00f3rych dzi\u015b m\u00f3wi si\u0119, \u017ce s\u0105 skutkiem <em>lockdownu<\/em>. Cierpi\u0105 i umieraj\u0105 jednak prawdziwi ludzie w bardzo konkretnych sytuacjach. Czy ta tendencja wi\u0119kszej liczby zgon\u00f3w nadal si\u0119 utrzyma?<\/strong><\/p>\r\n<p>G\u00f3rka b\u0119dzie znowu w lutym, marcu, po sezonowym wzro\u015bcie zachorowa\u0144 na choroby infekcyjne. Przy tym narzuconym przez nie-rz\u0105d sposobie pracy lekarzy, teleporadach, b\u0119d\u0105 si\u0119 zdarza\u0107 ci\u0119\u017ckie powik\u0142ania, kt\u00f3rych mo\u017cna by by\u0142o unikn\u0105\u0107 po infekcjach. Tu zn\u00f3w nasi najs\u0142absi przedstawiciele spo\u0142ecze\u0144stwa odejd\u0105 w cierpieniach i beznadziei.<\/p>\r\n<p><strong>Czy Pani z nadziej\u0105 patrzy na przejawy buntu w spo\u0142ecze\u0144stwie, chocia\u017cby po\u015br\u00f3d przedsi\u0119biorc\u00f3w dotkni\u0119tych d\u0142ugotrwa\u0142ymi ograniczeniami?<\/strong><\/p>\r\n<p>Otar\u0142am si\u0119 o wiele grup. Nawet nie zdajemy sobie sprawy, jak jest ich du\u017co. S\u0105 ludzie zdrowo my\u015bl\u0105cy, kt\u00f3rzy dzia\u0142aj\u0105, ka\u017cdy na swoim polu. Jedni przygotowuj\u0105, na razie teoretycznie, jaki\u015b alternatywny pieni\u0105dz, inni alternatywny spos\u00f3b produkcji i dystrybucji \u017cywno\u015bci. S\u0105 prawnicy, kt\u00f3rzy udzielaj\u0105 pomocy prawnej tym zbuntowanym. Pan mecenas Stanis\u0142aw Zapotoczny moj\u0105 spraw\u0119 wzi\u0105\u0142 bezp\u0142atnie. Powiedzia\u0142, \u017ce <em>pro publico bono<\/em>. Tak mo\u017cna te wszystkie grupy okre\u015bli\u0107, <em>pro publico bono<\/em>. Nie da si\u0119 pom\u00f3c tym ludziom, kt\u00f3rzy, \u017ce tak powiem, zostali g\u0142\u0119boko, wewn\u0119trznie uszkodzeni propagand\u0105. Sami t\u0119 pomoc odrzucaj\u0105. To u\u015bpione ofiary. M\u00f3j kolega okre\u015bla ich bardziej dosadnie: \u201emedioci\u201d. To s\u0105 nasi wsp\u00f3\u0142rodacy, wsp\u00f3\u0142bracia, cz\u0119sto bliscy. Tu cz\u0142owiek widzi t\u0119 beznadziej\u0119, widzi, jak id\u0105 w przepa\u015b\u0107 i nie chc\u0105 da\u0107 sobie pom\u00f3c.<\/p>\r\n<p><strong>Cz\u0119sto w Pani wypowiedziach wybrzmiewa taka refleksja o dewastacji naszej cywilizacji.<\/strong><\/p>\r\n<p>Wed\u0142ug mnie, ju\u017c \u017cyjemy w nowej cywilizacji. M\u00f3wi\u0105, \u017ce to jest barbarzy\u0144stwo, \u017ce to nie cywilizacja. Dookre\u015blmy. To cywilizacja barbarzy\u0144ska. U\u017cyte sprytnie przez tych lucyferian s\u0142owa \u201ew trosce o dobro wsp\u00f3lne\u201d to s\u0142owa \u015bw. Paw\u0142a. Nawet nie maj\u0105 swoich s\u0142\u00f3w, okre\u015ble\u0144. Czerpi\u0105 z naszych. Skoro nasza cywilizacja jest taka z\u0142a, dlaczego od nas podbieraj\u0105? Niech sobie wymy\u015blaj\u0105 swoje.<\/p>\r\n<p><strong>Czego si\u0119 Pani spodziewa w najbli\u017cszych tygodniach? Mieli\u015bmy bardzo siln\u0105 propagand\u0119 szczepie\u0144, a nagle okazuje si\u0119, \u017ce szczepionek przywo\u017c\u0105 coraz mniej.<\/strong><\/p>\r\n<p>To mo\u017ce by\u0107 przeci\u0105ganie sprawy, bo jest na r\u0119k\u0119 tym lucyferianom z rz\u0105du. Wtedy pojawi si\u0119 narracja, \u017ce musimy nadal siedzie\u0107 w domu i jeszcze do\u0142o\u017c\u0105 nam kolejne maski, bo nie ma szczepionek. S\u0142ucha\u0142am wypowiedzi Witolda Gadowskiego, kt\u00f3ry dotar\u0142 do dokument\u00f3w o hucpie, jakiej \u015bwiat nie widzia\u0142. \u017baden szanuj\u0105cy si\u0119 profesor, a nawet taki lekarz jak ja, nie m\u00f3g\u0142by pacjenta czym\u015b takim zaszczepi\u0107. To jest krymina\u0142. Nie wiem, czy moje kole\u017canki i moi koledzy, kt\u00f3rzy tak ochoczo przyst\u0105pili do tych szczepie\u0144, zdaj\u0105 sobie spraw\u0119, \u017ce ponios\u0105 konsekwencje prawne powik\u0142a\u0144. To, \u017ce pan Niedzielski ustali\u0142, i\u017c prawo nie dzia\u0142a, je\u017celi si\u0119 walczy z COVIDEM, to jest tylko politura. Producent nie bierze odpowiedzialno\u015bci, rz\u0105d nie bierze odpowiedzialno\u015bci. Je\u017celi rodziny pacjent\u00f3w p\u00f3jd\u0105 do s\u0105du, to kogo b\u0119d\u0105 skar\u017cy\u0107? Tych w\u0142a\u015bnie moich koleg\u00f3w i moje kole\u017canki, kt\u00f3rzy t\u0119 procedur\u0119 stosuj\u0105. Nikt ich wtedy nie wybroni.<\/p>\r\n<p><strong>Decyzje s\u0105du lekarskiego dotycz\u0105 Pani \u017cycia zawodowego. Jak si\u0119 Pani przygotowuje na przyj\u0119cie takiego do\u015bwiadczenia?<\/strong><\/p>\r\n<p>To przypomina dzia\u0142ania mafijne. Mafia nie ma na celu dobra og\u00f3lnego. Og\u00f3\u0142 istnieje po to, \u017ceby go wydoi\u0107. Mafia broni jednak swojego dobrego wizerunku, kt\u00f3rego nie da si\u0119 obroni\u0107. Uderzono we mnie dlatego, \u017ce na poparcie stawianych tez cytowa\u0142am gazety lekarskie, kt\u00f3re sami sobie powydawali. To rozjuszy\u0142o tych ludzi.<\/p>\r\n<p><em><strong>Rozmawia\u0142 Rafa\u0142 Pazio<\/strong><\/em><\/p>\r\n<\/div>\r\n<\/div>","protected":false},"excerpt":{"rendered":"Za swoje wypowiedzi na temat COVID-19 zosta\u0142a zawieszona przez s\u0105d lekarski w prawach wykonywania zawodu. Ju\u017c wiosn\u0105 2020 roku zapowiada\u0142a, \u017ce jesieni\u0105 b\u0119d\u0105 nadprogramowe zgony spowodowane lockdownem. Doktor Anna Martynowska specjalnie dla \u201eNajwy\u017cszego Czasu!\u201d. Wywiad ukaza\u0142 si\u0119 w papierowym wydaniu czasopisma konserwatywno-liberalnego \u201eNajwy\u017cszy Czas!\u201d (05-06\/2021) Rafa\u0142 Pazio: Jak na Pani \u017cycie osobiste i zawodowe wp\u0142ywa [&hellip;]","protected":false},"author":1,"featured_media":0,"comment_status":"closed","ping_status":"closed","sticky":false,"template":"","format":"standard","meta":{"_acf_changed":false,"_monsterinsights_skip_tracking":false,"_monsterinsights_sitenote_active":false,"_monsterinsights_sitenote_note":"","_monsterinsights_sitenote_category":0,"ngg_post_thumbnail":0,"footnotes":"","_wp_rev_ctl_limit":""},"categories":[451],"tags":[433,105,98,20,452],"acf":[],"_links":{"self":[{"href":"https:\/\/www.bibula.com\/index.php?rest_route=\/wp\/v2\/posts\/123795"}],"collection":[{"href":"https:\/\/www.bibula.com\/index.php?rest_route=\/wp\/v2\/posts"}],"about":[{"href":"https:\/\/www.bibula.com\/index.php?rest_route=\/wp\/v2\/types\/post"}],"author":[{"embeddable":true,"href":"https:\/\/www.bibula.com\/index.php?rest_route=\/wp\/v2\/users\/1"}],"replies":[{"embeddable":true,"href":"https:\/\/www.bibula.com\/index.php?rest_route=%2Fwp%2Fv2%2Fcomments&post=123795"}],"version-history":[{"count":2,"href":"https:\/\/www.bibula.com\/index.php?rest_route=\/wp\/v2\/posts\/123795\/revisions"}],"predecessor-version":[{"id":123797,"href":"https:\/\/www.bibula.com\/index.php?rest_route=\/wp\/v2\/posts\/123795\/revisions\/123797"}],"wp:attachment":[{"href":"https:\/\/www.bibula.com\/index.php?rest_route=%2Fwp%2Fv2%2Fmedia&parent=123795"}],"wp:term":[{"taxonomy":"category","embeddable":true,"href":"https:\/\/www.bibula.com\/index.php?rest_route=%2Fwp%2Fv2%2Fcategories&post=123795"},{"taxonomy":"post_tag","embeddable":true,"href":"https:\/\/www.bibula.com\/index.php?rest_route=%2Fwp%2Fv2%2Ftags&post=123795"}],"curies":[{"name":"wp","href":"https:\/\/api.w.org\/{rel}","templated":true}]}}