{"id":123775,"date":"2021-03-21T18:36:25","date_gmt":"2021-03-21T22:36:25","guid":{"rendered":"https:\/\/www.bibula.com\/?p=123775"},"modified":"2021-03-31T12:31:40","modified_gmt":"2021-03-31T16:31:40","slug":"pizdryk-w-strachu-katarzyna-ts","status":"publish","type":"post","link":"https:\/\/www.bibula.com\/?p=123775","title":{"rendered":"Pizdryk w strachu &#8211; <em>Katarzyna TS<\/em>"},"content":{"rendered":"<p><strong>Od czasu zaostrzenia przepis\u00f3w zwi\u0105zanych z koronawirusem kierownictwo Ministerstwa Zdrowia otrzymuje gro\u017aby. Wi\u0119kszo\u015b\u0107 drog\u0105 elektroniczn\u0105, cz\u0119\u015b\u0107 faksem. Nie jest wykluczone, \u017ce minister zdrowia Adam Niedzielski wyst\u0105pi o ochron\u0119 SOP, gdyby skala problemu si\u0119 zwi\u0119kszy\u0142a \u2013 poinformowa\u0142 w pi\u0105tek (19.03.2021) portal money.pl.<\/strong><\/p>\r\n<p>Oto kilka wiadomo\u015bci wys\u0142anych do Niedzielskiego, cytowanych przez portal: <em>Gwarantuj\u0119 ci cz\u0142owieku, b\u0119dziesz mia\u0142 prze\u2026ane; Czeka ci\u0119 wpie\u2026l za te k\u0142amstwa covidowe, We\u017acie tego sadyst\u0119 i zr\u00f3bcie co\u015b z nim, bo zapie\u2026le za te \u0142garstwa!; Gdybym dosta\u0142 ci\u0119 chamie w swoje r\u0119ce, to bym ukr\u0119ci\u0142 ci kark!; Czekaj a\u017c ci\u0119 gdzie\u015b spotkam!.<\/em><\/p>\r\n<p>Autentyczno\u015b\u0107 pogr\u00f3\u017cek potwierdza rzecznik ministerstwa, Wojciech Andrusiewicz. Sam te\u017c otrzymuje takie wiadomo\u015bci. <em>\u2013 Trudno przechodzi\u0107 nad tak\u0105 korespondencj\u0105 do porz\u0105dku dziennego \u2013<\/em> przyznaje w rozmowie z money.pl. <em>\u2013 Nie mo\u017cemy pozwoli\u0107, by tak wygl\u0105da\u0142a nasza praca, nasza codzienno\u015b\u0107. I st\u0105d doniesienia na policj\u0119 w cz\u0119\u015bci przypadk\u00f3w<\/em> \u2013 m\u00f3wi Andrusiewicz.<\/p>\r\n<p>Widzicie? Rzecznik Andrusiewicz jest oburzony, \u017ce jego codzienno\u015b\u0107 to wyzwiska i gro\u017aby. <strong>A na czym polega praca Andrusiewicza? Na tym, \u017ce szczuje i grozi.<\/strong> Latem szczeg\u00f3lnie upodoba\u0142 sobie uczestnik\u00f3w wesel, potem na celownik trafili go\u015bcie restauracji. <em>\u2013 Celebruj\u0105, spo\u017cywaj\u0105c nie tylko dania, ale i alkohol. Zdarza si\u0119 r\u00f3wnie\u017c nieodpowiedzialno\u015b\u0107 restaurator\u00f3w<\/em> \u2013 o\u015bwiadczy\u0142 Andrusiewicz 21 pa\u017adziernika 2020 roku wskazuj\u0105c restauracje jako winne wzrostu liczby zaka\u017ce\u0144, kt\u00f3ra wtedy wynios\u0142a 10 tysi\u0119cy. Trzy dni p\u00f3\u017aniej bran\u017ca gastronomiczna zosta\u0142a zamkni\u0119te. Po pi\u0119ciu miesi\u0105cach mamy 27 tysi\u0119cy zaka\u017ce\u0144. Kto jest winien? Zamkni\u0119te restauracje? Nie, teraz ju\u017c nie da si\u0119 szczu\u0107 na zamkni\u0119te bran\u017ce, wi\u0119c Andrusiewicz szczuje na wszystkich Polak\u00f3w zapowiadaj\u0105c, \u017ceby <a href=\"https:\/\/wprawo.pl\/skandaliczna-wypowiedz-rzecznika-ministerstwa-zdrowia-dalismy-marchewke-ale-teraz-musimy-miec-kij\/\">nie liczyli na marchewk\u0119, bo teraz b\u0119dzie ju\u017c tylko kij<\/a>.<\/p>\r\n<p><em>\u2013 Przesta\u0144my nonszalancko chodzi\u0107 po ulicach z maseczk\u0105 zsuni\u0119t\u0105 na brod\u0119, b\u0105d\u017a bez maseczki<\/em> \u2013 stwierdzi\u0142 Andrusiewicz na konferencji prasowej 19 marca 2021 roku, chocia\u017c ju\u017c nawet Rada Medyczna przy premierze wskazuje, \u017ce noszenie masek na ulicach nie ma znaczenia dla transmisji wirusa. <em>\u2013 Nale\u017cy znie\u015b\u0107 obowi\u0105zek noszenia masek i wszelkich innych przys\u0142on w miejscach, gdzie nie wyst\u0119puje ryzyko transmisji koronawirusa, np. w lasach, parkach czy nawet na ulicy, kiedy nie ma du\u017cej liczby ludzi <\/em>\u2013 o\u015bwiadczy\u0142 prof. Robert Flisiak w rozmowie z RMF FM, kt\u00f3ra odby\u0142a si\u0119 22 lutego 2021 roku. Andrusiewicz jest ponad to. Nieub\u0142aganym palcem wskazuje osoby bez masek jako winne wzrostu liczby zaka\u017ce\u0144. Szczuje i grozi. A potem jest oburzony, \u017ce ludzie odpowiadaj\u0105 pi\u0119knym za nadobne. Kto sieje wiatr, ten zbiera burz\u0119! O tym zdaje si\u0119 nie wiedzie\u0107 rzecznik Andrusiewicz. O tym zdaje si\u0119 r\u00f3wnie\u017c nie pami\u0119ta\u0107 jego szef, czyli minister Niedzielski, kt\u00f3ry zastanawia si\u0119 nad wyst\u0105pieniem o przyznanie ochrony ze wzgl\u0119du na gro\u017aby kierowane pod jego adresem.<\/p>\r\n<p>Aby zobaczy\u0107 jak \u201ekochany\u201d jest minister Niedzielski, nie trzeba czyta\u0107 artyku\u0142u w money.pl. <strong>Wystarczy poczyta\u0107 komentarze pod wpisami Niedzielskiego na Twitterze. Pozytywnych wpis\u00f3w prawie ju\u017c nie ma.<\/strong> Jest za to autentyczna w\u015bciek\u0142o\u015b\u0107 i \u017cyczenia wszystkiego najgorszego. Oto kilka typowych komentarzy, zamieszczonych pod wpisem z 20 marca 2021 roku, w kt\u00f3rym Niedzielski informuje o przyj\u0119ciu sze\u015bciu pacjent\u00f3w do szpitala tymczasowego w Radomiu: <em><strong>Odpowiadasz za \u015bmier\u0107 tysi\u0119cy Polak\u00f3w<\/strong>; Czekam na komisj\u0119 \u015bledcz\u0105, gdzie b\u0119dzie Pan przes\u0142uchiwany, a nast\u0119pnie p\u00f3jd\u0105 zawiadomienia do prokuratury w zwi\u0105zku z zabijaniem Polak\u00f3w Pana decyzjami w ministerstwie; Wypier\u2026j i tak b\u0119dziesz siedzia\u0142 za \u015bmier\u0107 mojego Taty i innych ludzi!; Przywr\u00f3\u0107 zabiegi i rehabilitacj\u0119 w normalnym trybie, a nie jarasz si\u0119 6 pacjentami w Radomiu.<\/em><\/p>\r\n<p>A teraz kilka reprezentatywnych komentarzy odnosz\u0105cych si\u0119 do wpisu Niedzielskiego z 14 marca 2021 roku o wzro\u015bcie liczby zachorowa\u0144. Niedzielski stwierdzi\u0142, \u017ce \u201eczekaj\u0105 nas trudne tygodnie\u201d i zaapelowa\u0142 \u201ePilnujmy si\u0119\u201d. Oto odpowied\u017a internaut\u00f3w: <em><strong>Jeste\u015b zbrodniarzem<\/strong>, kt\u00f3ry swoimi decyzjami parali\u017cuj\u0105cymi s\u0142u\u017cb\u0119 zdrowia doprowadzi\u0142 do \u015bmierci kilkudziesi\u0119ciu tysi\u0119cy os\u00f3b. Mam nadziej\u0119, \u017ce za to odpowiesz; <strong>Pilnujmy si\u0119? No przed wami na pewno, mordercy w bia\u0142ych r\u0119kawiczkach<\/strong>; We\u017a qrwa nie \u015bciemniaj. \u015awi\u0119ta ci\u0119 bol\u0105 kolejne. Ciebie czekaj\u0105 trudne lata w wi\u0119zieniu; <strong>Przesta\u0144 \u0142\u017ce\u0107 o zachorowaniach<\/strong>, bo k\u0142amco nie wiesz ile jest zachorowa\u0144. <strong>Pozytywny test nie jest zachorowaniem, oble\u015bny manipulatorze!<\/strong> Za nar\u00f3d sprzedany piek\u0142o ci\u0119 poch\u0142onie!; Nie zapomn\u0119 wam, decydentom, zniszczenia psychicznego i fizycznego dzieciak\u00f3w, odebrania im roku normalnego dzieci\u0144stwa; Trzeba przywr\u00f3ci\u0107 kar\u0119 \u015bmierci, skaza\u0107 i powiesi\u0107 Niedzielskiego.<\/em><\/p>\r\n<p><strong>Czy to jest hejt? Nie. To jest naturalna reakcja ludzi,<\/strong> kt\u00f3rych minister Niedzielski zgnoi\u0142 odbieraj\u0105c im prawo do normalnego \u017cycia, i kt\u00f3rych bliskich skaza\u0142 na \u015bmier\u0107 odbieraj\u0105c im mo\u017cliwo\u015b\u0107 leczenia. Bo takie w\u0142a\u015bnie s\u0105 skutki rz\u0105dowej walki z pandemi\u0105, kt\u00f3rej twarz\u0105 jest Niedzielski. W sonda\u017cu zam\u00f3wionym przez \u201eRzeczpospolit\u0105\u201d, przeprowadzonym przez agencj\u0119 badawcz\u0105 SW Research w dniach 16-17 marca, zaledwie 23 procent respondent\u00f3w pozytywnie oceni\u0142o dzia\u0142ania ministra zdrowia w kontek\u015bcie walki z epidemi\u0105 Covid-19. Negatywn\u0105 ocen\u0119 wystawi\u0142o mu 41 procent. Opcj\u0119 \u201enie mam zdania\u201d wybra\u0142o 35 procent. To ju\u017c nie s\u0105 czasy, gdy walcz\u0105cy z pandemi\u0105 minister Szumowski cieszy\u0142 si\u0119 zaufaniem 70% Polak\u00f3w. Ludzie maj\u0105 do\u015b\u0107 tej hucpy!<\/p>\r\n<div class=\"code-block code-block-4\">\r\n<p>Nie wiem, z jakimi nastawieniem Niedzielski obejmowa\u0142 stanowisko ministra zdrowia w sierpniu 2020 roku. Obserwuj\u0105c jego post\u0119powanie i zadufanie zgaduj\u0119, \u017ce <strong>widzia\u0142 siebie w roli covidowego bohatera narodu. Po p\u00f3\u0142 roku z bohatera zosta\u0142 pizdryk, pod adresem kt\u00f3rego lec\u0105 najgorsze wyzwiska. I s\u0142usznie!<\/strong><\/p>\r\n<p>Czy minister Niedzielski powinien si\u0119 ba\u0107? Owszem, powinien. Je\u015bli nie ba\u0142 si\u0119 podejmowania decyzji, kt\u00f3re zrujnowa\u0142y ludziom \u017cycie i doprowadzi\u0142y do \u015bmierci kilkudziesi\u0119ciu tysi\u0119cy Polak\u00f3w, to<strong> czas, \u017ceby zacz\u0105\u0142 ba\u0107 si\u0119 gniewu ludzkiego za to, co zrobi\u0142 i za to, co nadal robi<\/strong> nie patrz\u0105c na tragiczne skutki tych poczyna\u0144. Systemowe odci\u0119cie Polak\u00f3w od opieki medycznej to jest zbrodnia. Nie mam z\u0142udze\u0144, co do tego, czy Niedzielski odpowie przed s\u0105dem za t\u0119 zbrodni\u0119. Nie odpowie! Ale gniew ludzki powinien go \u015bciga\u0107 do ko\u0144ca jego dni. Innej kary dla tego pizdryka nie b\u0119dzie.<\/p>\r\n<p><strong><em>Katarzyna Treter-Sierpi\u0144ska<\/em><\/strong><\/p>\r\n<\/div>","protected":false},"excerpt":{"rendered":"Od czasu zaostrzenia przepis\u00f3w zwi\u0105zanych z koronawirusem kierownictwo Ministerstwa Zdrowia otrzymuje gro\u017aby. Wi\u0119kszo\u015b\u0107 drog\u0105 elektroniczn\u0105, cz\u0119\u015b\u0107 faksem. Nie jest wykluczone, \u017ce minister zdrowia Adam Niedzielski wyst\u0105pi o ochron\u0119 SOP, gdyby skala problemu si\u0119 zwi\u0119kszy\u0142a \u2013 poinformowa\u0142 w pi\u0105tek (19.03.2021) portal money.pl. Oto kilka wiadomo\u015bci wys\u0142anych do Niedzielskiego, cytowanych przez portal: Gwarantuj\u0119 ci cz\u0142owieku, b\u0119dziesz mia\u0142 [&hellip;]","protected":false},"author":1,"featured_media":0,"comment_status":"closed","ping_status":"closed","sticky":false,"template":"","format":"standard","meta":{"_acf_changed":false,"_monsterinsights_skip_tracking":false,"_monsterinsights_sitenote_active":false,"_monsterinsights_sitenote_note":"","_monsterinsights_sitenote_category":0,"ngg_post_thumbnail":0,"footnotes":"","_wp_rev_ctl_limit":""},"categories":[9],"tags":[433,98,20],"acf":[],"_links":{"self":[{"href":"https:\/\/www.bibula.com\/index.php?rest_route=\/wp\/v2\/posts\/123775"}],"collection":[{"href":"https:\/\/www.bibula.com\/index.php?rest_route=\/wp\/v2\/posts"}],"about":[{"href":"https:\/\/www.bibula.com\/index.php?rest_route=\/wp\/v2\/types\/post"}],"author":[{"embeddable":true,"href":"https:\/\/www.bibula.com\/index.php?rest_route=\/wp\/v2\/users\/1"}],"replies":[{"embeddable":true,"href":"https:\/\/www.bibula.com\/index.php?rest_route=%2Fwp%2Fv2%2Fcomments&post=123775"}],"version-history":[{"count":1,"href":"https:\/\/www.bibula.com\/index.php?rest_route=\/wp\/v2\/posts\/123775\/revisions"}],"predecessor-version":[{"id":123776,"href":"https:\/\/www.bibula.com\/index.php?rest_route=\/wp\/v2\/posts\/123775\/revisions\/123776"}],"wp:attachment":[{"href":"https:\/\/www.bibula.com\/index.php?rest_route=%2Fwp%2Fv2%2Fmedia&parent=123775"}],"wp:term":[{"taxonomy":"category","embeddable":true,"href":"https:\/\/www.bibula.com\/index.php?rest_route=%2Fwp%2Fv2%2Fcategories&post=123775"},{"taxonomy":"post_tag","embeddable":true,"href":"https:\/\/www.bibula.com\/index.php?rest_route=%2Fwp%2Fv2%2Ftags&post=123775"}],"curies":[{"name":"wp","href":"https:\/\/api.w.org\/{rel}","templated":true}]}}