{"id":123691,"date":"2021-03-17T15:35:08","date_gmt":"2021-03-17T19:35:08","guid":{"rendered":"https:\/\/www.bibula.com\/?p=123691"},"modified":"2021-03-17T15:35:08","modified_gmt":"2021-03-17T19:35:08","slug":"znowu-banderyzm-stanislaw-lewicki","status":"publish","type":"post","link":"https:\/\/www.bibula.com\/?p=123691","title":{"rendered":"Znowu banderyzm &#8211; <em>Stanis\u0142aw Lewicki<\/em>"},"content":{"rendered":"<p><strong>Banderyzm szerzy si\u0119 na Ukrainie i temu oczywistemu stwierdzeniu zaprzecza, lub przymyka na to oczy, tylko nieliczna ju\u017c grupka wyj\u0105tkowo zapiek\u0142ych pogrobowc\u00f3w Giedroyca.<\/strong><\/p>\r\n<p>Dlatego mnie wcale nie zdziwi\u0142o, gdy 5 marca rada miejska Tarnopola postanowi\u0142a nazwa\u0107 imieniem Romana Szuchewycza Stadion Miejski. Szuchewycz, to najpierw nazistowski kolaborant s\u0142u\u017c\u0105cy w niemieckich formacjach, batalionie Nachtigall\u201d i jako Hauptmann 201. batalionu Schutzmannschaft, kt\u00f3ry potem zosta\u0142 szefem UPA, formacji odpowiadaj\u0105cej za masowe ludob\u00f3jstwo Polak\u00f3w na Wo\u0142yniu. Formacje, w kt\u00f3rych on s\u0142u\u017cy\u0142 i gdzie pe\u0142ni\u0142 wa\u017cne funkcje, odpowiadaj\u0105 te\u017c za zbrodnie na innych narodach, w tym na \u017bydach.<\/p>\r\n<p>Tarnopol, gdzie tak spektakularnie uczcili Szuchewycza, ju\u017c od wielu lat kroczy w awangardzie czcicieli banderyzmu. Merem Tarnopola jest niejaki <strong>Serhij Nada\u0142 <\/strong>ze skrajnie nacjonalistycznej partii Swoboda, kt\u00f3ra w dniu 1 stycznia organizuje marsze z pochodniami, by uczci\u0107 dzie\u0144 urodzin Bandery. Serhij Nada\u0142 jest znanym zwolennikiem Bandery, a kult tej postaci jest obecny nawet w jego rodzinie. On sam szczyci si\u0119 tym, \u017ce urodzi\u0142 si\u0119 1 stycznia, czyli w tym samym dniu co Bandera. Publicznie daje te\u017c wyraz ca\u0142kowitego uwielbienia dla Bandery. M\u00f3wi\u0142, \u017ce \u201e<strong>Bandera jest symbolem Ukrainy. Ukraina to Bandera<\/strong>\u201d.<\/p>\r\n<p>W Tarnopolu rada miasta ju\u017c w 2018 roku podj\u0119\u0142a decyzj\u0119, \u017ce w wa\u017cne \u015bwi\u0119ta b\u0119d\u0105 wywieszane banderowskie flagi. I tak te\u017c si\u0119 dzieje, \u017ce w takie \u015bwi\u0119ta miasto jest oblepione banderowskimi, czerwono-czarnymi, flagami. Trzeba doda\u0107, \u017ce niekt\u00f3rzy wprost nie maj\u0105 granic w bezrozumnym, wprost religijnym, czczeniu Bandery i Szuchewycza. Jaki\u015b wyk\u0142adowca politechniki w Lwowie przedstawi\u0142 ostatnio projekt zmiany nazwy miasta Huma\u0144 na \u201e<strong>Miasto Bandery<\/strong>\u201d.<\/p>\r\n<p>Do tej pory, reakcji na te po\u017ca\u0142owania godne decyzje i zachowania w\u0142adz Tarnopola albo nie by\u0142o, albo by\u0142a on niewielka. Godnym uwagi wyj\u0105tkiem by\u0142o zablokowanie przyj\u0119cia przez Rad\u0119 Miejsk\u0105 Jeleniej G\u00f3ry uchwa\u0142y o partnerstwie z Tarnopolem, kt\u00f3re zosta\u0142o ju\u017c podpisane wcze\u015bniej mi\u0119dzy przedstawicielami zarz\u0105d\u00f3w obu miast.<\/p>\r\n<p>Teraz wydaje si\u0119 jednak, \u017ce ci co rz\u0105dz\u0105 w Tarnopolu, tym swoim specjalnym uhonorowaniem Szuchewycza, przekroczyli czerwon\u0105 lini\u0119. Zwyczajnie miarka si\u0119 w ko\u0144cu przebra\u0142a. Na incydent z nadaniem stadionowi imienia Szuchewycza jako pierwszy zareagowa\u0142 ostro ambasador Izraela pot\u0119piaj\u0105c te dzia\u0142ania w\u0142adz ukrai\u0144skiego miasta i \u017c\u0105daj\u0105c ich odwo\u0142ania. Z kolei polski ambasador<strong>, Bartosz Cichocki<\/strong>, kt\u00f3ry mia\u0142 kilka dni potem uda\u0107 si\u0119 do Tarnopola celem om\u00f3wienia wsp\u00f3\u0142pracy regionalnej, w prote\u015bcie przeciwko decyzji rady Tarnopola, t\u0119 wizyt\u0119 odwo\u0142a\u0142 i jeszcze wys\u0142a\u0142 list o tej sytuacji do polskich jednostek administracyjnych, kt\u00f3re maj\u0105 podpisane umowy o partnerskiej wsp\u00f3\u0142pracy z Tarnopolem.<\/p>\r\n<p>Tak\u017ce polski IPN og\u0142osi\u0142 komunikat pot\u0119piaj\u0105cy decyzj\u0119 nazwaniu stadionu w Tarnopolu im. Romana Szuchewycza, kt\u00f3rego wskaza\u0142 jako odpowiedzialnego za ludob\u00f3jstwo polskiej ludno\u015bci cywilnej na Wo\u0142yniu i w Ma\u0142opolsce Wschodniej. Na list ambasadora Cichockiego do samorz\u0105d\u00f3w zareagowa\u0142 ju\u017c prezydent Zamo\u015bcia, kt\u00f3ry zawiesi\u0142 wsp\u00f3\u0142prac\u0119 z Tarnopolem i wstrzyma\u0142 realizacj\u0119 wsp\u00f3lnego projektu. Wed\u0142ug informacji zawartych na stronie miasta Tarnopol jest wi\u0119cej polskich miast i rad powiat\u00f3w, kt\u00f3ra maj\u0105 r\u00f3\u017cnego rodzaju zawarte, lub b\u0119d\u0105ce w fazie potwierdzania, umowy o wsp\u00f3\u0142pracy z Tarnopolem. Nale\u017c\u0105 po nich: <strong>Lublin, Chorz\u00f3w, Elbl\u0105g, Tarn\u00f3w, Radom, powiat Nowy Tomy\u015bl, powiat Sul\u0119cin, Nysa, Jelenia G\u00f3ra, P\u0142o\u0144sk, Brzeg, Suwa\u0142ki. &nbsp;<\/strong>Wobec tego skandalu pewnie wiele z tych jednostek zamrozi kontakty z rad\u0105 Tarnopola.<\/p>\r\n<p>Wida\u0107, \u017ce dzia\u0142ania rady Tarnopola, bezpo\u015brednio przed wizyt\u0105 ambasadora Cichockiego, mia\u0142y charakter prowokacji, podobnej do tego co sta\u0142o si\u0119 podczas po\u017ca\u0142owania godnej wizyty <strong>Bronis\u0142awa Komorowskiego<\/strong> w Werchownej Radzie w Kijowie w roku 2015, kiedy to w tym samym dniu uchwalono tam ustaw\u0119 heroizuj\u0105c\u0105 cz\u0142onk\u00f3w UPA. Fakt, \u017ce wobec polskiego prezydenta pos\u0142u\u017cono si\u0119 tak\u0105 prowokacj\u0105 by\u0142 powodem do wielkiej satysfakcji dla inspirator\u00f3w tej akcji.<\/p>\r\n<p>\u00d3wczesny szef ukrai\u0144skiego instytutu pami\u0119ci narodowej Wiartowycz zamie\u015bci\u0142 na FB zdj\u0119cie z <strong>Jurijem Szuchewyczem<\/strong>, synem Romana Szuchewycza, zaopatrzone komentarzem: \u201emy ce zroby\u0142y\u201d (my\u015bmy tego dokonali). Mo\u017cna domniemywa\u0107, \u017ce kalkulacje Nada\u0142a, mera Tarnopola z banderowskiej partii Swoboda, by\u0142y takie, \u017ceby po oczekiwanej wizycie ambasadora Cichockiego, m\u00f3c g\u0142osi\u0107, i\u017c w\u0142adze polskie nie maj\u0105 nic przeciwko czczeniu Szuchewycz i UPA, skoro polski ambasador odwiedzi\u0142 ich miasto zaraz po podj\u0119ciu uchwa\u0142y o nadaniu imienia Szuchewycza stadionowi. <strong>Tym razem jednak Nada\u0142 si\u0119 przeliczy\u0142.<\/strong><\/p>\r\n<p>Niestety, tego rodzaju prowokacje jawi\u0105 si\u0119 jako sta\u0142y element polityki ukrai\u0144skiej wobec Polski ju\u017c od wielu lat. Obok wspomnianego incydentu podczas wizyty Komorowskiego w Werchownej Radzie, wcze\u015bniej, w roku 2013, mia\u0142 te\u017c miejsce wypadek obrzucenia go jajami przed katedr\u0105 w \u0141ucku, zaraz po mszy ku czci ofiar Rzezi Wo\u0142y\u0144skiej w 70. rocznic\u0119 tych wydarze\u0144.<\/p>\r\n<p>Nale\u017cy tak\u017ce przypomnie\u0107 incydent podczas wizyty ministra spraw zagranicznych <strong>Witolda Waszczykowskiego<\/strong> we Lwowie. Program jego wizyty obejmowa\u0142 odwiedzenie muzeum \u201eWi\u0119zienie przy \u0141\u0105ckiego\u201d. Na budynku tego muzeum widnieje tablica informuj\u0105ca o polskiej okupacji Ukrainy Zachodniej od 1918 roku. &nbsp;Gdy dyrektor tego muzeum potwierdzi\u0142, \u017ce on tak\u017ce uwa\u017ca, \u017ce polska obecno\u015b\u0107 we Lwowie po roku 1918 to by\u0142a okupacja, polski minister odwr\u00f3ci\u0142 si\u0119 i nie wszed\u0142 do tego budynku. To oczywi\u015bcie jedyne co m\u00f3g\u0142 uczyni\u0107, bo gdyby wszed\u0142, to zaraz w\u0142adze ukrai\u0144skie mog\u0142yby twierdzi\u0107, \u017ce Polska uzna\u0142a fakt okupacji ziem ukrai\u0144skich. No, a skoro ukrai\u0144skie w\u0142adze uwa\u017caj\u0105, \u017ce to by\u0142a okupacja, to i pewnie chcieliby zaraz jakie\u015b odszkodowanie.<\/p>\r\n<p>I tak wygl\u0105daj\u0105 polskie relacje z w\u0142adzami ukrai\u0144skimi. Trzeba si\u0119, wobec nich, zawsze mie\u0107 na baczno\u015bci, pilnowa\u0107 na ka\u017cdym kroku, obserwowa\u0107, reagowa\u0107 i nie da\u0107 si\u0119 podej\u015b\u0107. To stawia pod znakiem zapytania sens tych bliskich stosunk\u00f3w z Ukrain\u0105. Taki obr\u00f3t sprawy przewidzia\u0142 ju\u017c dawno <strong>Stefan Kisielewski<\/strong>, gdy pisa\u0142 do Giedroyca: \u201eDlaczego, skoro \u201ebez bicia\u201d oddali\u015bmy Grodno, Wilno, Lw\u00f3w, a przyj\u0119li\u015bmy z \u0142aski Stalina obce ziemie na Zachodzie, mamy si\u0119 wdzi\u0119czy\u0107 do narod\u00f3w arcyszowinistycznych, kt\u00f3rym nic nie zawdzi\u0119czamy, a kt\u00f3re nieraz zachowuj\u0105 si\u0119 wobec nas jak troglodyci?\u201d<\/p>\r\n<p><strong><em>Stanis\u0142aw Lewicki<\/em> <\/strong><\/p>","protected":false},"excerpt":{"rendered":"Banderyzm szerzy si\u0119 na Ukrainie i temu oczywistemu stwierdzeniu zaprzecza, lub przymyka na to oczy, tylko nieliczna ju\u017c grupka wyj\u0105tkowo zapiek\u0142ych pogrobowc\u00f3w Giedroyca. Dlatego mnie wcale nie zdziwi\u0142o, gdy 5 marca rada miejska Tarnopola postanowi\u0142a nazwa\u0107 imieniem Romana Szuchewycza Stadion Miejski. Szuchewycz, to najpierw nazistowski kolaborant s\u0142u\u017c\u0105cy w niemieckich formacjach, batalionie Nachtigall\u201d i jako Hauptmann [&hellip;]","protected":false},"author":1,"featured_media":0,"comment_status":"closed","ping_status":"closed","sticky":false,"template":"","format":"standard","meta":{"_acf_changed":false,"_monsterinsights_skip_tracking":false,"_monsterinsights_sitenote_active":false,"_monsterinsights_sitenote_note":"","_monsterinsights_sitenote_category":0,"ngg_post_thumbnail":0,"footnotes":"","_wp_rev_ctl_limit":""},"categories":[9],"tags":[65,98,167,17],"acf":[],"_links":{"self":[{"href":"https:\/\/www.bibula.com\/index.php?rest_route=\/wp\/v2\/posts\/123691"}],"collection":[{"href":"https:\/\/www.bibula.com\/index.php?rest_route=\/wp\/v2\/posts"}],"about":[{"href":"https:\/\/www.bibula.com\/index.php?rest_route=\/wp\/v2\/types\/post"}],"author":[{"embeddable":true,"href":"https:\/\/www.bibula.com\/index.php?rest_route=\/wp\/v2\/users\/1"}],"replies":[{"embeddable":true,"href":"https:\/\/www.bibula.com\/index.php?rest_route=%2Fwp%2Fv2%2Fcomments&post=123691"}],"version-history":[{"count":1,"href":"https:\/\/www.bibula.com\/index.php?rest_route=\/wp\/v2\/posts\/123691\/revisions"}],"predecessor-version":[{"id":123692,"href":"https:\/\/www.bibula.com\/index.php?rest_route=\/wp\/v2\/posts\/123691\/revisions\/123692"}],"wp:attachment":[{"href":"https:\/\/www.bibula.com\/index.php?rest_route=%2Fwp%2Fv2%2Fmedia&parent=123691"}],"wp:term":[{"taxonomy":"category","embeddable":true,"href":"https:\/\/www.bibula.com\/index.php?rest_route=%2Fwp%2Fv2%2Fcategories&post=123691"},{"taxonomy":"post_tag","embeddable":true,"href":"https:\/\/www.bibula.com\/index.php?rest_route=%2Fwp%2Fv2%2Ftags&post=123691"}],"curies":[{"name":"wp","href":"https:\/\/api.w.org\/{rel}","templated":true}]}}