{"id":123647,"date":"2021-03-15T15:51:44","date_gmt":"2021-03-15T19:51:44","guid":{"rendered":"https:\/\/www.bibula.com\/?p=123647"},"modified":"2021-03-24T13:44:42","modified_gmt":"2021-03-24T17:44:42","slug":"wywiad-z-arcybiskupem-vigano-dla-radio-spada","status":"publish","type":"post","link":"https:\/\/www.bibula.com\/?p=123647","title":{"rendered":"Wywiad z Arcybiskupem Vigan\u00f3 dla Radio Spada"},"content":{"rendered":"<p><strong>Radio Spada (RS)<\/strong> <em>Dzie\u0144 dobry! Ekscelencjo, dzi\u0119kujemy za mo\u017cliwo\u015b\u0107 odbycia tej rozmowy. Rozpocznijmy od Galeria neovaticana (tytu\u0142 ksi\u0105\u017cki, kt\u00f3ry mo\u017cna przet\u0142umaczy\u0107 jako Galeria nowego Watykanu), jest to nowa ksi\u0105\u017cka Marco Tossiatiego, do kt\u00f3rej Ekscelencja napisa\u0142 wst\u0119p. Prosz\u0119 pozwoli\u0107 na pewn\u0105 anegdot\u0119. Zaledwie kilka godzin po zapowiedzi wydania tej ksi\u0105\u017cki, na t\u0142iterze ukaza\u0142o si\u0119 pytanie oparte wy\u0142\u0105cznie na ok\u0142adce i tytule tej ksi\u0105\u017cki, czy jest to zgodne z Ewangeli\u0105 aby publikowa\u0107 ksi\u0105\u017ck\u0119 po\u015bwi\u0119con\u0105 skandalicznym oskar\u017ceniom oraz faktom, kt\u00f3re nie zawsze s\u0105 buduj\u0105ce. Co Ekscelencja by odpowiedzia\u0142 na takie zarzuty?<\/em><\/p>\r\n<p><strong>Arcybiskup Vigan\u00f3 (AV)<\/strong> Prosz\u0119 aby mi pozwoli\u0107 w tym miejscu na przypomnienie, \u017ce Papie\u017c Benedykt XVI, na kilka miesi\u0119cy przed przyj\u0119ciem osobliwego tytu\u0142u &#8222;Papie\u017ca-emeryta&#8221;, powo\u0142a\u0142 Komisj\u0119 Kardyna\u0142\u00f3w na czele z kardyna\u0142em Julianem Herranzem, a sk\u0142adaj\u0105c\u0105 si\u0119 z kardyna\u0142\u00f3w: J\u00f3zefa Tomko oraz Salvatore De Giorgi. Zadaniem Komisji mia\u0142o by\u0107 przeprowadzenie kompleksowego dochodzenia w sprawie rozsiewania poufnych danych przez Wikileaks (2011). Przy tej okazji zosta\u0142em zmuszony do kilkukrotnego zwr\u00f3cenia si\u0119 do kardyna\u0142a Herranza o dopuszczenie mojego zeznania w \u015bledztwie, poniewa\u017c do tej pory nie wykaza\u0142 on takiego zainteresowania, chocia\u017c by\u0142em osobi\u015bcie zamieszany w t\u0119 spraw\u0119, jako autor pewnych dokument\u00f3w skierowanych do Papie\u017ca, a kt\u00f3re nast\u0119pnie zosta\u0142y skradzione i przekazane prasie. By\u0142a to rozleg\u0142a dokumentacja, w kt\u00f3rej udowodni\u0142em dysfunkcyjno\u015b\u0107 dzia\u0142ania Kurii Rzymskiej i opisa\u0142em sie\u0107 powi\u0105za\u0144 korupcyjnych z jak\u0105 musia\u0142em si\u0119 zmierzy\u0107 jako Sekretarz Generalny Papieskiej Komisji d\/s Pa\u0144stwa Watykanskiego. Do dokumentacji do\u0142\u0105czy\u0142em osobisty list, w kt\u00f3rym napisa\u0142em mi\u0119dzy innymi:<\/p>\r\n<p>&#8222;Jestem bardzo przygn\u0119biony za przyczyn\u0105 powa\u017cnych szk\u00f3d jakie dotkn\u0119\u0142y Ko\u015bci\u00f3\u0142 i Stolic\u0119 Apostolsk\u0105 z powodu wycieku wielu poufnych dokument\u00f3w. &#8230; Je\u015bli s\u0105 tacy, kt\u00f3rzy s\u0105 odpowiedzialni za te dzia\u0142ania, tym ci\u0119\u017csza jest wina tych, kt\u00f3rzy s\u0105 odpowiedzialni za ogrom zepsucia i upadku moralnego w Stolicy Apostolskiej i Pa\u0144stwie Watyka\u0144skim i tym ci\u0119\u017csza jest wina kardyna\u0142\u00f3w, hierarch\u00f3w i \u015bwieckich, kt\u00f3rzy pomimo wiedzy woleli \u017cy\u0107 z tym brudem, usypiali swoje sumienia w celu schlebiania swoim pot\u0119\u017cnym zwierzchnikom oraz kontynuowania kariery ko\u015bcielnej. Mam nadziej\u0119, \u017ce chocia\u017c ta Komisja Kardyna\u0142\u00f3w, z mi\u0142o\u015bci do Ko\u015bcio\u0142a, pozostanie wierna Ojcu \u015awi\u0119temu i przeprowadzi konieczne oczyszczenie, co jest Jego wol\u0105 i nie pozwoli na ponowne zamiatanie tej sprawy pod dywan. &#8230; Liczni dziennikarze z r\u00f3\u017cnych kraj\u00f3w pr\u00f3bowali nawi\u0105za\u0107 ze mn\u0105 kontakt. &#8230; Milcz\u0119 z mi\u0142o\u015bci do Ko\u015bcio\u0142a i Ojca \u015awi\u0119tego. Pot\u0119ga prawdy musi wyp\u0142ywa\u0107 z wn\u0119trza Ko\u015bcio\u0142a a nie z medi\u00f3w. &#8230; Modl\u0119 si\u0119 za was kardyna\u0142owie, aby\u015bcie mieli odwag\u0119 by przekaza\u0107 prawd\u0119 Ojcu \u015awi\u0119temu i modl\u0119 si\u0119 za Ojca \u015awi\u0119tego aby mia\u0142 na tyle si\u0142y by t\u0119 prawd\u0119 Ko\u015bcio\u0142owi ujawni\u0107.&#8221;<\/p>\r\n<p>(od Redakcji: Jest warte zauwa\u017cenia, \u017ce ta krytyka korupcji w Ko\u015bciele przez Abp. Vigan\u00f3 nast\u0105pi\u0142a ok. roku 2011 czyli za czas\u00f3w Papie\u017ca Benedykta. Stawia wi\u0119c to co napisa\u0142 on w sierpniu 2018 w swoim \u015awiadectwie, w zupe\u0142nie innym \u015bwietle. \u015awiadectwo z 2018 roku nie by\u0142o zatem pierwsz\u0105 pr\u00f3b\u0105 Abp. Vigan\u00f3 rzucenia \u015bwiat\u0142a na korupcj\u0119 w Watykanie, pr\u00f3bowa\u0142 ju\u017c tego 7 lat wcze\u015bniej.)<\/p>\r\n<p>Ta ca\u0142a masa informacji wraz z dowodami zebranymi przez Komisj\u0119, pozwoli\u0142yby na przeprowadzenie dzia\u0142a\u0144 oczyszczaj\u0105cych. Niestety, wszystko zosta\u0142o zamiecione pod dywan. Stanowi to kolejny element szanta\u017cu wobec tych, kt\u00f3rzy w tej dokumentacji widniej\u0105 oraz okazj\u0119 do dyskredytacji tych, kt\u00f3rzy wiernie s\u0142u\u017cyli Ko\u015bcio\u0142owi i Stolicy Apostolskiej.<\/p>\r\n<p>&#8222;Biada \u015bwiatu dla zgorszenia. Albowiem musz\u0105 przyj\u015b\u0107 zgorszenia, a wszak\u017ce biada cz\u0142owiekowi onemu, przez kt\u00f3rego zgorszenie przychodzi. (Mt 18, 7)&#8221; Zdemaskowanie zepsucia duchownych i hierarch\u00f3w jest&nbsp; gestem mi\u0142osierdzia wobec wiernych oraz aktem sprawiedliwo\u015bci wobec udr\u0119czonego Ko\u015bcio\u0142a, poniewa\u017c z jednej strony ostrzega ludzi pobo\u017cnych przed wilkami w owczych sk\u00f3rach i wskazuje ich, a z drugiej wskazuje \u017ce Oblubienica Chrystusa jest ofiar\u0105 ma\u0142ej grupki spiskowc\u00f3w (<em>conventicola<\/em>, tak to brzmi po w\u0142osku), ludzi rozpustnych, g\u0142odnych w\u0142adzy. Gdyby tych ludzi usun\u0105\u0107 z najwy\u017cszych stanowisk ko\u015bcielnych, Ko\u015bci\u00f3\u0142 znowu m\u00f3g\u0142by powr\u00f3ci\u0107 do g\u0142oszenia Ewangelii. Nie ten, kt\u00f3ry wy\u015bwietla skandale grzeszy przeciwko ewangelicznemu mi\u0142osierdziu, lecz ten kt\u00f3ry te skandale powoduje i nast\u0119pnie tuszuje. S\u0142owa Naszego Pana s\u0105 w tym punkcie bardzo jasne.<\/p>\r\n<h4>&nbsp;<\/h4>\r\n<p><strong>RS<\/strong>&nbsp; <em>Odchodz\u0105c od zagadnie\u0144 moralnych. Nie spos\u00f3b nie powi\u0105za\u0107 obecnego kryzysu Ko\u015bcio\u0142a z upadkiem doktrynalnym. W zwi\u0105zku z tym, Ekscelencja wielokrotnie wyra\u017ca\u0142 ostr\u0105 krytyk\u0105 SWII. W tym miejscu chcieliby\u015bmy poprosi\u0107 Ekscelencj\u0119 o u\u015bci\u015blenie. W rozmowie z Sandro Magister, Ekscelencja powiedzia\u0142 tak: &#8222;Pi\u0119kna bajka o hermeneutyce, chocia\u017c autorytatywna z tytu\u0142u jej Autora, jest pr\u00f3b\u0105 udzielenia powagi Soborowi, kt\u00f3ry by\u0142 pu\u0142apk\u0105 zastawion\u0105 na Ko\u015bci\u00f3\u0142&#8221;. Wyja\u015bnijmy wi\u0119c, czy problem o kt\u00f3rym rozmawiamy nie zacz\u0105\u0142 si\u0119 od SWII lecz le\u017cy w samym SWII. Innymi s\u0142owy, czy proces rewolucyjny mia\u0142 sw\u00f3j moment prze\u0142omowy na samym Soborze, a nie wy\u0142\u0105cznie po Soborze. Zatem czy nie nale\u017cy stawia\u0107 zarzut\u00f3w wy\u0142\u0105cznie &#8222;duchowi SWII&#8221; lecz r\u00f3wnie\u017c samym dokumentom Soboru.&#8221;<\/em><\/p>\r\n<p><strong>AV<\/strong> Nie wiem jak mo\u017cna sta\u0107 na stanowisku domniemanej zdrady ortodoksji SWII, o kt\u00f3rej nikt nie m\u00f3wi\u0142 przez lata, przez &#8222;ducha Soboru&#8221;, kt\u00f3ry by\u0142 przez wszystkich wychwalany. Duch Soboru jest tym co go o\u017cywia, determinuje jego natur\u0119, odr\u0119bno\u015b\u0107, charakterystyk\u0119. Je\u015bli wi\u0119c duch jest heterodoksyjny a teksty jakie ten Sob\u00f3r produkuje nie wydaj\u0105 si\u0119 takimi by\u0107, mo\u017cna to przypisa\u0107 sprytowi spiskowc\u00f3w, naiwno\u015bci Ojc\u00f3w Soborowych, wsp\u00f3\u0142udzia\u0142owi tych, kt\u00f3rzy woleli odwraca\u0107 wzrok zamiast od samego pocz\u0105tku stanowczo pot\u0119pia\u0107 rozmaite doktrynalne, moralne oraz liturgiczne dewiacje.&nbsp;<\/p>\r\n<p>Przede wszystkim, tymi kt\u00f3rzy byli doskonale \u015bwiadomi znaczenia swojego udzia\u0142u i przy\u0142o\u017cyli r\u0119ki do powstania tych tekst\u00f3w, kt\u00f3rych p\u00f3\u017aniej u\u017cyli do w\u0142asnych cel\u00f3w, byli kardyna\u0142owie niemieccy, holenderscy oraz eksperci (periti). Nie przypadkiem odrzucili wst\u0119pne &#8222;Schematy&#8221; przygotowane przez \u015awi\u0119te Oficjum oraz zignorowali desiderata (pro\u015bby) wysuwane przez biskup\u00f3w z ca\u0142ego \u015bwiata; m.in. takie jak pro\u015bba o pot\u0119pienie wsp\u00f3\u0142czesnych b\u0142\u0119d\u00f3w, szczeg\u00f3lnie ateistycznego komunizmu, uda\u0142o im si\u0119 r\u00f3wnie\u017c powstrzyma\u0107 og\u0142oszenie dogmatu &#8222;Maryjnego&#8221;, widz\u0105c w tym przeszkod\u0119 dla dialogu ekumenicznego. Przej\u0119cie przyw\u00f3dztwa nad SWII by\u0142o mo\u017cliwe dzi\u0119ki prawdziwemu zamachowi stanu w kt\u00f3rym wybitn\u0105 rol\u0119 odgrywali; Jezuita Augustyn Bea (1881-1968) przy wsparciu Roncallego, papie\u017ca Jana XXIII w l. 1959-1963. Gdyby wspomniane Schematy zosta\u0142y utrzymane (jako podstawa dokument\u00f3w soborowych, lecz zosta\u0142y usuni\u0119te na jesieni roku 1962), Komisje Soborowe nie by\u0142yby w stanie wyprodukowa\u0107 dokument\u00f3w, kt\u00f3re wyprodukowa\u0142y, poniewa\u017c Schematy by\u0142y zbudowane na modelu arystotelejsko-tomistycznym i nie stwarza\u0142y miejsca dla dwuznaczno\u015bci wyra\u017ce\u0144.&nbsp;<\/p>\r\n<p>Sam j\u0119zyk Soboru (np. teksty dokument\u00f3w soborowych) jest ju\u017c przedmiotem powa\u017cnego oskar\u017cenia, poniewa\u017c od tego zacz\u0119\u0142a si\u0119 ca\u0142a rewolucja. Z drugiej strony, czy mo\u017cecie mi wskaza\u0107 inny przyk\u0142ad w historii Ko\u015bcio\u0142a, gdy Sob\u00f3r Ekumeniczny z rozmys\u0142em formu\u0142uje swoje nauczanie w taki spos\u00f3b aby to co jest przekazywane w oficjalnych dokumentach mog\u0142o by\u0107 p\u00f3\u017aniej odwr\u00f3cone i zaprzeczone w praktyce duszpasterskiej? Samo to wystarczy aby traktowa\u0107 SWII jako przypadek wyj\u0105tkowy, hapax (<em>po grecku, przypadek wyj\u0105tkowy<\/em>) gdzie uczeni mog\u0105 spr\u00f3bowa\u0107 swoich si\u0142 dla znalezienia rozwi\u0105zania lecz prawdziwe rozwi\u0105zanie znajduje si\u0119 w mocy Najwy\u017cszego Autorytetu Ko\u015bcio\u0142a.<\/p>\r\n<h4>&nbsp;<\/h4>\r\n<p><strong>RS<\/strong> <em>Jak Ekscelencja doszed\u0142 do takich wniosk\u00f3w? By\u0142 to proces czy raczej gwa\u0142towna reakcja, kt\u00f3ra pojawi\u0142a si\u0119 dopiero ostatnio?<\/em><\/p>\r\n<p><strong>AV<\/strong> Moja \u015bwiadomo\u015b\u0107 post\u0119powa\u0142a i zacz\u0119\u0142o si\u0119 to relatywnie wcze\u015bnie. Jednak zrozumienie, pojawienie si\u0119 podejrze\u0144, \u017ce to co nam przedstawiano jako inspiracj\u0119 Ducha \u015awi\u0119tego jest w rzeczywisto\u015bci sugerowane przez <em>inimicus homo<\/em> (wroga cz\u0142owieka) nie wystarczy\u0142o do za\u0142amania si\u0119 mojego poczucia obowi\u0105zku i pos\u0142usze\u0144stwa hierarchii, nawet w obliczu wielokrotnych przyk\u0142ad\u00f3w z\u0142ej wiary i z\u0142ych intencji niekt\u00f3rych jej przedstawicieli.&nbsp;<\/p>\r\n<p>Jak ju\u017c wspomina\u0142em przy innych okazjach, to co na naszych oczach si\u0119 materializowa\u0142o, np. pewne nowinki jak kolegializm, ekumenizm, Novus Ordo Missae, mog\u0142o by\u0107 postrzegane jako wyraz powszechnej potrzeby odnowy, wynik powojennej odbudowy \u015bwiata. Ko\u015bci\u00f3\u0142 postawiony w obliczu gwa\u0142townego wzrostu gospodarczego, burzliwych wydarze\u0144 politycznych, odczuwa\u0142 pewn\u0105 potrzeb\u0119 o\u017cywienia, a przynajmniej tak nam wszyscy m\u00f3wili na czele z Ojcem \u015awi\u0119tym. Ci kt\u00f3rzy przywykli do przedsoborowej dyscypliny, szacunku dla Autorytetu, szacunku dla Papie\u017ca, nawet nie odwa\u017cyliby si\u0119 pomy\u015ble\u0107, \u017ce to co nam ukradkiem pokazywano jako \u015brodek g\u0142oszenia Wiary i nawr\u00f3cenia wielu dusz do Ko\u015bcio\u0142a katolickiego, by\u0142o instrumentem za kt\u00f3rym kry\u0142o si\u0119 oszustwo oraz kie\u0142kuj\u0105cy w niekt\u00f3rych umys\u0142ach zamiar stopniowego wygaszania Wiary i rzucenia dusz na pastw\u0119 b\u0142\u0119du i grzechu. Te &#8222;nowinki&#8221; w\u0142a\u015bciwie nikogo nie cieszy\u0142y, a najmniej \u015bwieckich lecz by\u0142y nam przedstawiane jako rodzaj pokuty do zaakceptowania, maj\u0105ce w zamian przynie\u015b\u0107 wi\u0119ksz\u0105 ewangelizacj\u0119, moralne i duchowe odrodzenie Zachodu, zdruzgotanego II Wojn\u0105 \u015awiatow\u0105 i zagro\u017conego materializmem.&nbsp;<\/p>\r\n<p>Radykalne zmiany zacz\u0119\u0142y si\u0119 od Paw\u0142a VI wraz z reform\u0105 liturgiczn\u0105 i drastycznym zakazem Mszy Trydenckiej. By\u0142em m\u0142odym sekretarzem Delegatury Apostolskiej w Londynie (1970), gdy Stolica Apostolska zakaza\u0142a Stowarzyszeniu Una Voce sprawowania chocia\u017c jednej Mszy w Staro\u017cytnym Rycie w krypcie Katedry Westminsterskiej. Bole\u015bnie mnie to wtedy dotkn\u0119\u0142o i nape\u0142ni\u0142o bezradno\u015bci\u0105.&nbsp;<\/p>\r\n<p>Podczas Pontyfikatu JPII ujawni\u0142y si\u0119 kolejne skrajne tendencje soborowe, jak panteon w Asy\u017cu (1986), spotkania w meczetach i synagogach, pro\u015bby o wybaczenie za Krucjaty i Inkwizycje w tzw. &#8222;oczyszczaniu pami\u0119ci&#8221;. Wywrotowe moce <em>Dignitatis Humanae<\/em> oraz <em>Nostra Aetate<\/em> pokaza\u0142y wtedy swoj\u0105 skuteczno\u015b\u0107.&nbsp;<\/p>\r\n<p>Nast\u0119pnie przyszed\u0142 Benedykt XVI i uwolni\u0142 liturgi\u0119 tradycyjn\u0105, do tej pory ostentacyjnie blokowan\u0105, pomimo pewnych papieskich koncesji jakie by\u0142y wynikiem konsekracji w Econe w 1988 roku. Niestety, ekumeniczna przesada nie zosta\u0142a powstrzymana nawet przez Ratzingera, a co za tym idzie, r\u00f3wnie\u017c soborowa ideologia, kt\u00f3ra j\u0105 uzasadnia\u0142a. Rezygnacja Ratzingera i nadej\u015bcie Bergoglio, otworzy\u0142o oczy wielu ludziom, szczeg\u00f3lnie \u015bwieckim.<\/p>\r\n<h4>&nbsp;<\/h4>\r\n<p><strong>RS<\/strong> <em>Odleg\u0142ym ale i powi\u0105zanym tematem jest ten dotycz\u0105cy zwolennik\u00f3w okresu soborowego i posoborowego. Zatrzymajmy si\u0119 na chwil\u0119 przy osobie Ratzingera. Rola tego bawarskiego teologa w trakcie jak i po Soborze jest niezaprzeczalna, pomimo r\u00f3\u017cnych niuans\u00f3w. Z naszego punktu widzenia, ocena znaczenia &#8222;ratzingeryzmu&#8221; jest oczywi\u015bcie negatywna. W czasach jego zarz\u0105dzania Kongregacj\u0105 Doktryny Wiary, rozmaite dewiacje kwit\u0142y tak samo, jak kwitn\u0105 teraz. Jak tylko zosta\u0142 Papie\u017cem, usun\u0105\u0142 Tiar\u0119 z herbu papieskiego, kontynuowa\u0142 \u015bcie\u017ck\u0119 indyferentyzmu ekumenicznego, ponawiaj\u0105c skandaliczne celebracje w Asy\u017cu. Napisa\u0142 &#8222;my\u015bl Lutra, jego ca\u0142a duchowo\u015b\u0107, by\u0142y ca\u0142kowicie chrystocentryczne&#8221;. W motu proprio Summorum Pontifficum zdefiniowa\u0142 Msz\u0119 Wszechczas\u00f3w i Novus Ordo jako dwie formy tego samego rytu (gdy w rzeczywisto\u015bci jest zupe\u0142nie odwrotnie, gdy\u017c narzucaj\u0105 one dwie zupe\u0142nie odmienne teologie). W ko\u0144cu za\u015b, stworzy\u0142 t\u0119 niebywa\u0142\u0105 hybryd\u0119 &#8222;Papie\u017ca-Emeryta, ubranego na bia\u0142o&#8221;, kt\u00f3ra, odk\u0142adaj\u0105c na bok intencje, kt\u00f3rych nie oceniamy, stwarza nie tyle ogromne zamieszanie co jest brakuj\u0105cym ogniwem w machinie dualizmu, kt\u00f3ra nadaje dynamiki obecnemu rozk\u0142adowi Ko\u015bcio\u0142a. Tych kilka przyk\u0142ad\u00f3w z wielu, kt\u00f3re mo\u017cna wymieni\u0107, jest wystarczaj\u0105cych aby powiedzie\u0107, \u017ce Ratzinger zawsze sta\u0142 po drugiej strony barykady, chocia\u017c w rolach, kt\u00f3re nie zawsze by\u0142y takie same. Znamy ju\u017c stanowisko Ekscelencji na temat &#8222;pi\u0119knej bajki hermeneutyki&#8221; ale r\u00f3wnie\u017c przy innych okazjach wskazywa\u0142 Ekscelencja na pewne, problematyczne aspekty my\u015bli Ratzingera. Odnosimy si\u0119 w szczeg\u00f3lno\u015bci do ostatniej wypowiedzi Ekscelencji na \u0142amach LifeSiteNews w kt\u00f3rej czytamy: &#8222;By\u0142oby po\u017c\u0105danym, szczeg\u00f3lnie w perspektywie S\u0105du Boskiego jaki go oczekuje aby si\u0119 definitywnie zdystansowa\u0142 od pewnych teologicznie niepoprawnych stanowisk. Mam tutaj na my\u015bli szczeg\u00f3lnie te zawarte we Wprowadzeniu do Chrze\u015bcija\u0144stwa, kt\u00f3re w dalszym ci\u0105gu s\u0105 kolportowane na uniwersytetach i w seminariach, nazywaj\u0105cych siebie katolickimi&#8221;. Pytamy zatem. Gdyby Ekscelencja mia\u0142 podsumowa\u0107 my\u015bl bawarskiego teologa, co powiedzia\u0142by naszym czytelnikom? I jeszcze jedno pytanie. Ekscelencja mia\u0142 okazj\u0119 wsp\u00f3\u0142pracowa\u0107 z Benedyktem XVI, co mo\u017ce o nim powiedzie\u0107 jako o cz\u0142owieku? Nie jest to oczywi\u015bcie pytanie dotycz\u0105ce spraw prywatnych ale osobowo\u015bci, kt\u00f3r\u0105 Ekscelencja mia\u0142 okazj\u0119 blisko pozna\u0107.<\/em><\/p>\r\n<p><strong>AV<\/strong> Musz\u0119 przyzna\u0107, nie bez pewnego b\u00f3lu, \u017ce zgadzam si\u0119 z wymienionymi punktami. Wiele dzia\u0142a\u0144 Benedykta XVI znajduje si\u0119 w zgodzie i po my\u015bli ideologii soborowej, kt\u00f3rej teolog Ratzinger by\u0142 wiernym i przekonanym zwolennikiem. Jego heglowskie podej\u015bcie filozoficzne doprowadzi\u0142o go do zastosowania schematu teza-antyteza-synteza w kontek\u015bcie katolickim. Podajmy przyk\u0142ad. Zak\u0142adaj\u0105c, \u017ce dokumenty SWII s\u0105 tez\u0105, a ekscesy okresu posoborowego, antytez\u0105, to syntez\u0105 b\u0119dzie pogodzenie tych dw\u00f3ch stanowisk czyli &#8222;hermeneutyka ci\u0105g\u0142o\u015bci&#8221;. Nie jest tutaj te\u017c wyj\u0105tkiem wynalazek Papie\u017ca &#8211; Emeryta, gdzie bycie Papie\u017cem jest tez\u0105, antytez\u0105 jest nie bycie Papie\u017cem, a kompromisowym rozwi\u0105zaniem jest bycie Papie\u017cem tylko cz\u0119\u015bciowo, czyli syntez\u0105. To samo rozumowanie znajdujemy przy liberalizacji liturgii tradycyjnej. Otaczamy j\u0105 posoborow\u0105 konkurencj\u0105 aby nie urazi\u0107 zwolennik\u00f3w rewolucji liturgicznej a jednocze\u015bnie zadowoli\u0107 obro\u0144c\u00f3w czcigodnego rytu Trydenckiego.<\/p>\r\n<p>Problemem zatem jest intelektualny i ideologiczny matrix. Pojawia si\u0119 on zawsze, gdy bawarski teolog pr\u00f3buje znale\u017a\u0107 rozwi\u0105zanie dla kryzysu jaki nawiedzi\u0142 Ko\u015bci\u00f3\u0142. Za ka\u017cdym razem jego formacja uniwersytecka, kt\u00f3ra powsta\u0142a pod wp\u0142ywem my\u015bli heglowskiej, ka\u017ce mu wierzy\u0107, \u017ce mo\u017ce po\u0142\u0105czy\u0107 przeciwie\u0144stwa. Nie mam powod\u00f3w by w\u0105tpi\u0107 w szczero\u015b\u0107 intencji Benedykta XVI, gdy na sw\u00f3j spos\u00f3b chcia\u0142 okaza\u0107 gest pojednania wobec tradycjonalist\u00f3w katolickich ani w to, \u017ce nie zdaje on sobie sprawy z dramatycznej sytuacji w jakiej znajduje si\u0119 Ko\u015bci\u00f3\u0142. Jedynym jednak sposobem odbudowy Ko\u015bcio\u0142a jest na\u015bladowanie Ewangelii w Jej nadprzyrodzonym ogl\u0105dzie \u015bwiata i ze \u015bwiadomo\u015bci\u0105, \u017ce Dobro I Z\u0142o, Bo\u017cym zrz\u0105dzeniem, nie mog\u0105 by\u0107 po\u0142\u0105czone w jedno szcz\u0119\u015bliwe ma\u0142\u017ce\u0144stwo, poniewa\u017c s\u0105 nie do pogodzenia i w sprzeczno\u015bci oraz \u017ce s\u0142u\u017cba dw\u00f3m panom nie uszcz\u0119\u015bliwi \u017cadnego z nich.&nbsp;<\/p>\r\n<p>Co do mojej osobistej znajomo\u015bci z Benedyktem XVI, to mog\u0119 powiedzie\u0107, \u017ce przez te wszystkie lata mojej pos\u0142ugi w Sekretariacie Stanu, Komisji d\/s Pa\u0144stwa Watyka\u0144skiego i jako nuncjusz w USA, wypracowa\u0142em sobie pogl\u0105d, \u017ce ma on sk\u0142onno\u015b\u0107 do otaczania si\u0119 lud\u017ami nieodpowiednimi, zawodnymi a nawet skorumpowanymi, kt\u00f3rzy wykorzystywali \u0142agodno\u015b\u0107 jego usposobienia i co mo\u017cna by okre\u015bli\u0107 znamieniem pewnego &#8222;syndromu sztokholmskiego&#8221;, szczeg\u00f3lnie w odniesieniu do kardyna\u0142a Bertone oraz swojego osobistego sekretarza (GG).<\/p>\r\n<h4>&nbsp;<\/h4>\r\n<p><strong>RS<\/strong> <em>W niekt\u00f3rych artyku\u0142ach, kt\u00f3re ukaza\u0142y si\u0119 na \u0142amach LifeSiteNews zaznaczono, \u017ce pogl\u0105dy Ekscelencji na temat sytuacji w Ko\u015bciele s\u0105 zbie\u017cne z tymi wyra\u017canymi przez biskupa Bernarda Tissier de Mallerais, jednego z czterech biskup\u00f3w konsekrowanych przez Arcybiskupa Lefebvre. To samo \u017ar\u00f3d\u0142o cytuje s\u0142owa Ekscelencji, zgodnie z kt\u00f3rymi, Arcybiskup Lefebvre by\u0142 przyk\u0142adnym wyznawc\u0105 Wiary. R\u00f3wnie\u017c, w \u015bwietle Waszej krytyki SWII, a z drugiej strony dystansu wobec sedewakantyzmu, wydaje si\u0119, \u017ce podej\u015bcie jakie Ekscelencja promuje, jest bliskie stanowisku Bractwa Kap\u0142a\u0144skiego \u015awi\u0119tego Piusa X. Czy m\u00f3g\u0142by Ekscelencja co\u015b nam powiedzie\u0107 na ten temat?<\/em><\/p>\r\n<p><strong>AV<\/strong> Z wielu stron \u015bwiata katolickiego, a szczeg\u00f3lnie w &#8222;\u015bwiatku&#8221; konserwatywnym, s\u0142yszymy, \u017ce Benedykt XVI jest &#8222;prawdziwym&#8221; Papie\u017cem, a Bergoglio &#8222;Antypapie\u017cem&#8221;. Opinia ta jest oparta z jednej strony na przekonaniu, \u017ce Abdykacja jest niewa\u017cna (z powodu formu\u0142y jak\u0105 zastosowano, z powodu nacisk\u00f3w zewn\u0119trznych oraz z powodu r\u00f3\u017cnicy pomi\u0119dzy manus (urz\u0105d) oraz ministerium (pos\u0142uga) a z drugiej z powodu takiego faktu, \u017ce grupa progresywnych kardyna\u0142\u00f3w podj\u0119\u0142a si\u0119 pr\u00f3by wyboru ich kandydata na konklawe w roku 2013, a co jest naruszeniem norm Konstytucji Apostolskiej <em>Universi Dominici Gregis<\/em> Jana Paw\u0142a II. Nie wnikaj\u0105c w wiarygodno\u015b\u0107 tych argument\u00f3w, kt\u00f3re je\u015bli by si\u0119 potwierdzi\u0142y, to uniewa\u017cni\u0142y by wyb\u00f3r Bergoglio, problem ten mo\u017ce by\u0107 rozwi\u0105zany wy\u0142\u0105cznie przez Najwy\u017cszy Autorytet Ko\u015bcio\u0142a, gdy Opatrzno\u015b\u0107 zechce zako\u0144czy\u0107 to bardzo powa\u017cne zamieszanie.&nbsp;<\/p>\r\n<h4>&nbsp;<\/h4>\r\n<p><strong>RS<\/strong> <em>Porozmawiajmy o przysz\u0142o\u015bci. W tych burzliwych czasach, Ekscelencja postanowi\u0142 s\u0142u\u017cy\u0107 Ko\u015bcio\u0142owi pi\u00f3rem, korzystaj\u0105c z nagra\u0144 wideo, przyjmuj\u0105c rozmaite zaproszenia oraz na inne sposoby, znane tym kt\u00f3rzy je \u015bledz\u0105. Spogl\u0105daj\u0105c w przysz\u0142o\u015b\u0107, czy jest mo\u017cliwe, \u017ce pos\u0142uga biskupia Ekscelencji mo\u017ce przyj\u0105\u0107 inne formy? Czy rozwa\u017ca Ekscelencja jakie\u015b inne formy aktywno\u015bci, o wi\u0119kszym wymiarze publicznym?<\/em><\/p>\r\n<p><strong>AV<\/strong> M\u00f3j wiek, zmienne koleje losu w ostatnich latach oraz sytuacja w Ko\u015bciele nie pozwalaj\u0105 mi na kre\u015blenie plan\u00f3w, zreszt\u0105 w ca\u0142ym moim \u017cyciu niczego nie planowa\u0142em. Pozwalam Opatrzno\u015bci rozporz\u0105dza\u0107 sob\u0105 tak jak Jej to odpowiada, pokazuje mi Ona od czasu do czasu \u015bcie\u017ck\u0119 jak\u0105 powinienem wybra\u0107. \u017bywi\u0119 szczer\u0105 nadziej\u0119, \u017ce moje \u015bwiadectwo, szczeg\u00f3lnie je\u015bli chodzi o zrozumienie oszustwa jakie ma miejsce w Ko\u015bciele, pomo\u017ce kardyna\u0142om, moim Braciom w Biskupstwie i Kap\u0142a\u0144stwie w otwarciu oczu, w dokonaniu gestu pokory, odwagi i w zaufaniu w moc Boga. Nie mo\u017cemy trwa\u0107 w obronie przyczyn i powod\u00f3w obecnego kryzysu tylko dlatego, \u017ce nie chcemy przyzna\u0107, \u017ce nas oszukano. Trwanie w b\u0142\u0119dzie b\u0119dzie wi\u0119ksz\u0105 win\u0105 ni\u017c sam b\u0142\u0105d.<\/p>\r\n<p><strong>RS<\/strong> Dzi\u0119kujemy za wszystkie odpowiedzi. Ufamy w mo\u017cliwo\u015b\u0107 kolejnych rozm\u00f3w.<\/p>\r\n<p>11 Marca 2021<br>\r\nCzwartek Trzeciego Tygodnia Wielkiego Postu<\/p>\r\n<h4>&nbsp;<\/h4>\r\n<p><em>T\u0142um. <strong>S\u0142awomir Soja<\/strong><\/em><\/p>\r\n<p>[<a href=\"https:\/\/www.radiospada.org\/2021\/03\/%f0%9f%94%b4-intervista-bomba-di-mons-vigano-in-esclusiva-per-radio-spada\/\">&#8222;Intervista-bomba di Mons. Vigan\u00f2 in esclusiva per Radio Spada&#8221; &#8211; 12 Marzo 2021<\/a>]<\/p>\r\n<h4>&nbsp;<\/h4>","protected":false},"excerpt":{"rendered":"Radio Spada (RS) Dzie\u0144 dobry! Ekscelencjo, dzi\u0119kujemy za mo\u017cliwo\u015b\u0107 odbycia tej rozmowy. Rozpocznijmy od Galeria neovaticana (tytu\u0142 ksi\u0105\u017cki, kt\u00f3ry mo\u017cna przet\u0142umaczy\u0107 jako Galeria nowego Watykanu), jest to nowa ksi\u0105\u017cka Marco Tossiatiego, do kt\u00f3rej Ekscelencja napisa\u0142 wst\u0119p. Prosz\u0119 pozwoli\u0107 na pewn\u0105 anegdot\u0119. Zaledwie kilka godzin po zapowiedzi wydania tej ksi\u0105\u017cki, na t\u0142iterze ukaza\u0142o si\u0119 pytanie oparte [&hellip;]","protected":false},"author":1,"featured_media":0,"comment_status":"closed","ping_status":"closed","sticky":false,"template":"","format":"standard","meta":{"_acf_changed":false,"_monsterinsights_skip_tracking":false,"_monsterinsights_sitenote_active":false,"_monsterinsights_sitenote_note":"","_monsterinsights_sitenote_category":0,"ngg_post_thumbnail":0,"footnotes":"","_wp_rev_ctl_limit":""},"categories":[3,328],"tags":[455,393,41,33],"acf":[],"_links":{"self":[{"href":"https:\/\/www.bibula.com\/index.php?rest_route=\/wp\/v2\/posts\/123647"}],"collection":[{"href":"https:\/\/www.bibula.com\/index.php?rest_route=\/wp\/v2\/posts"}],"about":[{"href":"https:\/\/www.bibula.com\/index.php?rest_route=\/wp\/v2\/types\/post"}],"author":[{"embeddable":true,"href":"https:\/\/www.bibula.com\/index.php?rest_route=\/wp\/v2\/users\/1"}],"replies":[{"embeddable":true,"href":"https:\/\/www.bibula.com\/index.php?rest_route=%2Fwp%2Fv2%2Fcomments&post=123647"}],"version-history":[{"count":5,"href":"https:\/\/www.bibula.com\/index.php?rest_route=\/wp\/v2\/posts\/123647\/revisions"}],"predecessor-version":[{"id":123652,"href":"https:\/\/www.bibula.com\/index.php?rest_route=\/wp\/v2\/posts\/123647\/revisions\/123652"}],"wp:attachment":[{"href":"https:\/\/www.bibula.com\/index.php?rest_route=%2Fwp%2Fv2%2Fmedia&parent=123647"}],"wp:term":[{"taxonomy":"category","embeddable":true,"href":"https:\/\/www.bibula.com\/index.php?rest_route=%2Fwp%2Fv2%2Fcategories&post=123647"},{"taxonomy":"post_tag","embeddable":true,"href":"https:\/\/www.bibula.com\/index.php?rest_route=%2Fwp%2Fv2%2Ftags&post=123647"}],"curies":[{"name":"wp","href":"https:\/\/api.w.org\/{rel}","templated":true}]}}