{"id":123635,"date":"2021-03-14T18:15:17","date_gmt":"2021-03-14T22:15:17","guid":{"rendered":"https:\/\/www.bibula.com\/?p=123635"},"modified":"2021-03-14T18:15:17","modified_gmt":"2021-03-14T22:15:17","slug":"lek-na-covid-okazal-sie-gorszy-od-choroby-i-zabil-wiecej-osob-czy-ktokolwiek-wyciagnie-wnioski","status":"publish","type":"post","link":"https:\/\/www.bibula.com\/?p=123635","title":{"rendered":"Lek na COVID okaza\u0142 si\u0119 gorszy od choroby i zabi\u0142 wi\u0119cej os\u00f3b. Czy ktokolwiek wyci\u0105gnie wnioski?"},"content":{"rendered":"<p><strong>\u201eIlu jeszcze ludzi musi ponadwymiarowo umrze\u0107 na nie-COVID-19, by rz\u0105dy przyzna\u0142y si\u0119, \u017ce w walce z COVID-19 zastosowa\u0142y (i, co gorsza, w wi\u0119kszo\u015bci kraj\u00f3w nadal stosuj\u0105) lek gorszy od choroby, kt\u00f3rej ma zaradzi\u0107; lek, kt\u00f3ry na pot\u0119g\u0119 zabija?\u201d, pyta na \u0142amach tygodnika \u201eDo Rzeczy\u201d Piotr Gabryel.<\/strong><\/p>\r\n<p>Wed\u0142ug publicysty nie da si\u0119 ju\u017c obroni\u0107 rz\u0105d\u00f3w, kt\u00f3re \u201epostrada\u0142y zmys\u0142u na punkcie COVID-19\u201d. Liczby m\u00f3wi\u0105 bowiem same za siebie.<\/p>\r\n<p>\u201eW Polsce w 2020 roku zmar\u0142o a\u017c o 67 tys. os\u00f3b wi\u0119cej ni\u017c w roku 2019. By\u0142a to najwi\u0119ksza liczba zgon\u00f3w w Polsce od ko\u0144ca II Wojny \u015awiatowej! I nie da si\u0119, cho\u0107by nie wiem, jak kto si\u0119 stara\u0142, winy za ten fatalny rekord zwali\u0107 na koronawirusa, poniewa\u017c z powodu samego COVID-19 w 2020 roku zmar\u0142o w Polsce 5,4 tys. os\u00f3b, a z powodu COVID-19 w powi\u0105zaniu z chorobami wsp\u00f3\u0142istniej\u0105cymi \u2013 23 tys. os\u00f3b\u201d, wylicza Piotr Gabryel.<\/p>\r\n<p>Na tej podstawie mo\u017cna wyci\u0105gn\u0105\u0107 wniosek, \u017ce co najmniej 40 tys. os\u00f3b \u201eponadwymiarowych\u201d zmar\u0142o z powodu podj\u0119tych przez rz\u0105d metod walki z COVID-19. \u201eDane te do tej pory nie wywo\u0142a\u0142y \u017cadnej refleksji, a w ka\u017cdym razie nic nie wiadomo, aby mia\u0142y doprowadzi\u0107 do rewizji walki z COVID-19\u201d, podkre\u015bla publicysta.<\/p>\r\n<p>Zdaniem Piotra Gabryela <strong>odpowied\u017a na pytanie, dlaczego tak si\u0119 dzieje jest prosta: \u201erz\u0105dz\u0105cym trudno si\u0119 przyzna\u0107, \u017ce kroki przedsi\u0119wzi\u0119te przez nich w walce z COVID-19 mog\u0142y by\u0107 jednak niew\u0142a\u015bciwe, b\u0142\u0119dne\u201d<\/strong>. W efekcie mamy tysi\u0105ce \u201eponadwymiarowych\u201d zgon\u00f3w, upadek dziesi\u0105tek przedsi\u0119biorstw, depresje i inne problemy psychiczne oraz dziesi\u0105tki innych problem\u00f3w i tragedii.<\/p>\r\n<p>\u0179r\u00f3d\u0142o: tygodnik \u201eDo Rzeczy\u201d<\/p>\r\n<p>TK<\/p>\r\n<blockquote>\r\n<p>[<strong>Wybrane wypowiedzi internaut\u00f3w pod w\/w tekstem na stronie \u017ar\u00f3d\u0142owej:<\/strong>]<\/p>\r\n<p>Moja te\u015bciowa zmar\u0142a rok temu z tego powodu. Wszyscy lekarze pozamykali si\u0119 a do przychodni nie mo\u017cna by\u0142o si\u0119 dosta\u0107. Jak przyjecha\u0142a karetka tak ju\u017c by\u0142o za p\u00f3\u017ano. Zmar\u0142a po trzech dniach w szpitalu w samotno\u015bci bez sakramentu chorych, poniewa\u017c by\u0142 b\u00f3g cudzy najwa\u017cniejszy-covid. Nawet dzieci i m\u0105\u017c nie mogli by\u0107 przy niej&#8230;a to by\u0142a taka dobra kobieta i robi\u0142a taka dobr\u0105 szarlotk\u0119&#8230;<br>\r\n<em>Adam<\/em><br>\r\n<br>\r\nAno, wnioski s\u0105 takie: to cz\u0119\u015b\u0107 projektu depopulacji. Cho\u0107 chcia\u0142bym si\u0119 myli\u0107.<br>\r\n<em>ArekLegia<\/em><br>\r\n<br>\r\nto sa zbrodniarze. norymberga dla nich.<br>\r\n<em>paks<\/em><br>\r\n<br>\r\nW\u0142adza WYKLUCZA przyznawanie si\u0119 DO B\u0141\u0118D\u00d3W a CEL czyli zachowanie w\u0142adzy u\u015bwi\u0119ca \u015brodki. Dzi\u015b mamy sojusz post\u0119powej w\u0142adzy \u015bwieckiej z post\u0119pow\u0105 w\u0142adz\u0105 ko\u015bcielna OTWART\u0104 i WSP\u00d3\u0141PRACUJ\u0104C\u0104 z politykami w BUDOWANIU NOWEGO \u0141ADU NWO.<br>\r\n<em>iskierka<\/em><br>\r\n<br>\r\nIm wiecej zaszczepionych tym wiecej chorych.<br>\r\n<em>Fakt<\/em><br>\r\n<br>\r\n<\/p>\r\n<\/blockquote>","protected":false},"excerpt":{"rendered":"\u201eIlu jeszcze ludzi musi ponadwymiarowo umrze\u0107 na nie-COVID-19, by rz\u0105dy przyzna\u0142y si\u0119, \u017ce w walce z COVID-19 zastosowa\u0142y (i, co gorsza, w wi\u0119kszo\u015bci kraj\u00f3w nadal stosuj\u0105) lek gorszy od choroby, kt\u00f3rej ma zaradzi\u0107; lek, kt\u00f3ry na pot\u0119g\u0119 zabija?\u201d, pyta na \u0142amach tygodnika \u201eDo Rzeczy\u201d Piotr Gabryel. Wed\u0142ug publicysty nie da si\u0119 ju\u017c obroni\u0107 rz\u0105d\u00f3w, kt\u00f3re [&hellip;]","protected":false},"author":1,"featured_media":0,"comment_status":"closed","ping_status":"closed","sticky":false,"template":"","format":"standard","meta":{"_acf_changed":false,"_monsterinsights_skip_tracking":false,"_monsterinsights_sitenote_active":false,"_monsterinsights_sitenote_note":"","_monsterinsights_sitenote_category":0,"ngg_post_thumbnail":0,"footnotes":"","_wp_rev_ctl_limit":""},"categories":[451],"tags":[433,98,20],"acf":[],"_links":{"self":[{"href":"https:\/\/www.bibula.com\/index.php?rest_route=\/wp\/v2\/posts\/123635"}],"collection":[{"href":"https:\/\/www.bibula.com\/index.php?rest_route=\/wp\/v2\/posts"}],"about":[{"href":"https:\/\/www.bibula.com\/index.php?rest_route=\/wp\/v2\/types\/post"}],"author":[{"embeddable":true,"href":"https:\/\/www.bibula.com\/index.php?rest_route=\/wp\/v2\/users\/1"}],"replies":[{"embeddable":true,"href":"https:\/\/www.bibula.com\/index.php?rest_route=%2Fwp%2Fv2%2Fcomments&post=123635"}],"version-history":[{"count":2,"href":"https:\/\/www.bibula.com\/index.php?rest_route=\/wp\/v2\/posts\/123635\/revisions"}],"predecessor-version":[{"id":123637,"href":"https:\/\/www.bibula.com\/index.php?rest_route=\/wp\/v2\/posts\/123635\/revisions\/123637"}],"wp:attachment":[{"href":"https:\/\/www.bibula.com\/index.php?rest_route=%2Fwp%2Fv2%2Fmedia&parent=123635"}],"wp:term":[{"taxonomy":"category","embeddable":true,"href":"https:\/\/www.bibula.com\/index.php?rest_route=%2Fwp%2Fv2%2Fcategories&post=123635"},{"taxonomy":"post_tag","embeddable":true,"href":"https:\/\/www.bibula.com\/index.php?rest_route=%2Fwp%2Fv2%2Ftags&post=123635"}],"curies":[{"name":"wp","href":"https:\/\/api.w.org\/{rel}","templated":true}]}}