{"id":123426,"date":"2021-03-07T15:35:44","date_gmt":"2021-03-07T20:35:44","guid":{"rendered":"https:\/\/www.bibula.com\/?p=123426"},"modified":"2021-03-07T15:35:44","modified_gmt":"2021-03-07T20:35:44","slug":"opozycyjne-media-pomagaja-premierowi-stanislaw-lewicki","status":"publish","type":"post","link":"https:\/\/www.bibula.com\/?p=123426","title":{"rendered":"Opozycyjne media pomagaj\u0105 premierowi? &#8211; <em>Stanis\u0142aw Lewicki<\/em>"},"content":{"rendered":"<p>Do takiej konstatacji mo\u017ce przywie\u015b\u0107 ch\u0142odne spojrzenie na ostatni atak Gazety Wyborczej na Daniela Obajtka, kt\u00f3ry do niedawna uchodzi\u0142 za najmocniejszego menad\u017cera, wr\u0119cz cudotw\u00f3rc\u0119, po stronie PiS-u. Ka\u017cdy z nim wywiad, to by\u0142o napawanie si\u0119 t\u0105 mas\u0105 jego sukces\u00f3w, od kt\u00f3rych ilo\u015bci mo\u017cna wr\u0119cz dosta\u0107 zawrotu g\u0142owy.<\/p>\r\n<p>Pojawi\u0142y si\u0119 te\u017c spekulacje, do\u015b\u0107 w tej sytuacji oczywiste, \u017ce Daniel Obajtek zast\u0105pi obecnego, mocno ju\u017c zm\u0119czonego, premiera Morawieckiego.<\/p>\r\n<p>Za ka\u017cdym razem jednak Obajtek, indagowany w tym temacie, niezmiennie odpowiada\u0142, \u017ce na premierostwo si\u0119 nie wybiera. Te jego powtarzane dementi musia\u0142o jednak tylko zaostrza\u0107 niepok\u00f3j obecnego premiera, bo, jak wiadomo od czas\u00f3w ksi\u0119cia Gorczakowa, wiadomo\u015bci zdementowane, zawiera\u0107 mog\u0105 wi\u0119cej prawdy ni\u017c te inne.<\/p>\r\n<p>I nagle, najpierw chyba Gazeta Wyborcza, a za ni\u0105 inne media nieprzychylne rz\u0105dowi, zacz\u0119\u0142y publikowa\u0107 informacje dyskredytuj\u0105ce Obajtka, pr\u00f3buj\u0105ce zniszczy\u0107 otaczaj\u0105cy go nimb sprawnego menad\u017cera i skutecznego polityka. Przy czym, te rewelacje to taka dziwna mieszanina insynuacji podaj\u0105cych w w\u0105tpliwo\u015b\u0107 uczciwo\u015b\u0107 samego Obajtka, jak i zarzut\u00f3w dotycz\u0105cych ma\u0142o eleganckiego jego zachowania, a zw\u0142aszcza u\u017cywanego, przez niego, j\u0119zyka.<\/p>\r\n<p>Szczeg\u00f3lnie, ten ostatni zarzut, dotycz\u0105cy wulgaryzm\u00f3w, i to podnoszony przez Gazet\u0119 Wyborcz\u0105, sprawia wra\u017cenie mocno \u015bmiesznego. Przecie\u017c nikt inny, jak ta sama Gazeta, ca\u0142y czas promuje pani\u0105 Lempart i jej kole\u017canki, kt\u00f3re z regularnego u\u017cywania wulgaryzm\u00f3w, i to publicznie, uczyni\u0142y chyba g\u0142\u00f3wny instrument uprawiania polityki. Prosz\u0119 usun\u0105\u0107 wulgaryzmy z ich j\u0119zyka a tam ma\u0142o co zostanie.<\/p>\r\n<p>Dlaczego zatem Lempart mo\u017ce pos\u0142ugiwa\u0107 si\u0119 wulgaryzmami, a Obajtka ma to kompromitowa\u0107? To pytanie raczej retoryczne, bo ja ju\u017c od dawana nie oczekuj\u0119, \u017ce tamta strona pos\u0142uguje si\u0119 jak\u0105\u015b logik\u0105.<\/p>\r\n<p>Logiki tam nie ma \u017cadnej, tak\u017ce i politycznej, bo ten atak na Obajtka, faktycznie umacnia pozycj\u0119 premiera Morawieckiego, kt\u00f3rego Wyborcza chce przecie\u017c wysadzi\u0107 z siod\u0142a. Os\u0142abiony Obajtek nie b\u0119dzie mu ju\u017c zagra\u017ca\u0142. Ta opozycja totalna ca\u0142y czas pr\u00f3buje co\u015b zrobi\u0107 by jako\u015b walczy\u0107 z rz\u0105dem, ale jak do tej pory, to te ich wszystkie pomys\u0142y i usi\u0142owania mo\u017cna by podsumowa\u0107 takim dawnym ludowym powiedzeniem, kt\u00f3re obecnie przenikn\u0119\u0142o te\u017c do korpomowy: \u201eoni si\u0119 kr\u0119c\u0105 jak g**** w przer\u0119blu\u201d<\/p>\r\n<p>Co naj\u015bmieszniejsze, Obajtek, t\u0142umaczy si\u0119 z tej swojej rozmowy sprzed 12 laty, stwierdzaj\u0105c, \u017ce cierpia\u0142 na tzw. zesp\u00f3\u0142 Tourette\u2019a, maj\u0105cy pono\u0107 sprawia\u0107, \u017ce osoba nim dotkni\u0119ta w spos\u00f3b kompulsywny u\u017cywa wulgaryzm\u00f3w. W takim razie, wed\u0142ug mnie, nale\u017ca\u0142oby oceni\u0107, \u017ce na \u00f3w zesp\u00f3\u0142 Tourette\u2019a, cierpi, ju\u017c od dawna, wi\u0119kszo\u015b\u0107 m\u0119\u017cczyzn w Polsce, szczeg\u00f3lnie m\u0142odych. Problem w tym, \u017ce ostatnio zacz\u0119\u0142o to dotyka\u0107 tak\u017ce niekt\u00f3re kobiety, co mo\u017cna ocenia\u0107 obserwuj\u0105c ich zachowanie na tzw. strajku kobiet.<\/p>\r\n<p>Niestety, te niekt\u00f3re kobiety popisuj\u0105 si\u0119 tym publicznie, bez \u017cadnego wstydu i za\u017cenowania. Jak wida\u0107 zesp\u00f3\u0142 Tourette, szerzy si\u0119 w Polsce niepowstrzymanie, chyba bardziej ni\u017c koronawirus, obejmuj\u0105c nie tylko m\u0119\u017cczyzn, ale przechodz\u0105c na kobiety, a nawet m\u0142odzie\u017c szkoln\u0105.<\/p>\r\n<p>Jak temu zapobiec? Mo\u017ce troch\u0119 pomog\u0142yby tu maseczki? Jak pisz\u0105, pani Lempart, chc\u0105c oplu\u0107 policjanta, zapomnia\u0142a, \u017ce ma maseczk\u0119 i sama si\u0119 oplu\u0142a, unikaj\u0105c w ten spos\u00f3b, w tym przypadku, oskar\u017cenia o zniewa\u017cenie, czy naruszenie nietykalno\u015bci cielesnej funkcjonariusza. To taki jeden ma\u0142y, ale konkretny, przyk\u0142ad tego, \u017ce noszenie maseczek mo\u017ce jednak pomaga\u0107.<\/p>\r\n<p><strong><em>Stanis\u0142aw Lewicki<\/em><\/strong><br>\r\nhttps:\/\/konserwatyzm.pl\/<\/p>","protected":false},"excerpt":{"rendered":"Do takiej konstatacji mo\u017ce przywie\u015b\u0107 ch\u0142odne spojrzenie na ostatni atak Gazety Wyborczej na Daniela Obajtka, kt\u00f3ry do niedawna uchodzi\u0142 za najmocniejszego menad\u017cera, wr\u0119cz cudotw\u00f3rc\u0119, po stronie PiS-u. Ka\u017cdy z nim wywiad, to by\u0142o napawanie si\u0119 t\u0105 mas\u0105 jego sukces\u00f3w, od kt\u00f3rych ilo\u015bci mo\u017cna wr\u0119cz dosta\u0107 zawrotu g\u0142owy. Pojawi\u0142y si\u0119 te\u017c spekulacje, do\u015b\u0107 w tej sytuacji [&hellip;]","protected":false},"author":1,"featured_media":0,"comment_status":"closed","ping_status":"closed","sticky":false,"template":"","format":"standard","meta":{"_acf_changed":false,"_monsterinsights_skip_tracking":false,"_monsterinsights_sitenote_active":false,"_monsterinsights_sitenote_note":"","_monsterinsights_sitenote_category":0,"ngg_post_thumbnail":0,"footnotes":"","_wp_rev_ctl_limit":""},"categories":[9],"tags":[98,20],"acf":[],"_links":{"self":[{"href":"https:\/\/www.bibula.com\/index.php?rest_route=\/wp\/v2\/posts\/123426"}],"collection":[{"href":"https:\/\/www.bibula.com\/index.php?rest_route=\/wp\/v2\/posts"}],"about":[{"href":"https:\/\/www.bibula.com\/index.php?rest_route=\/wp\/v2\/types\/post"}],"author":[{"embeddable":true,"href":"https:\/\/www.bibula.com\/index.php?rest_route=\/wp\/v2\/users\/1"}],"replies":[{"embeddable":true,"href":"https:\/\/www.bibula.com\/index.php?rest_route=%2Fwp%2Fv2%2Fcomments&post=123426"}],"version-history":[{"count":1,"href":"https:\/\/www.bibula.com\/index.php?rest_route=\/wp\/v2\/posts\/123426\/revisions"}],"predecessor-version":[{"id":123427,"href":"https:\/\/www.bibula.com\/index.php?rest_route=\/wp\/v2\/posts\/123426\/revisions\/123427"}],"wp:attachment":[{"href":"https:\/\/www.bibula.com\/index.php?rest_route=%2Fwp%2Fv2%2Fmedia&parent=123426"}],"wp:term":[{"taxonomy":"category","embeddable":true,"href":"https:\/\/www.bibula.com\/index.php?rest_route=%2Fwp%2Fv2%2Fcategories&post=123426"},{"taxonomy":"post_tag","embeddable":true,"href":"https:\/\/www.bibula.com\/index.php?rest_route=%2Fwp%2Fv2%2Ftags&post=123426"}],"curies":[{"name":"wp","href":"https:\/\/api.w.org\/{rel}","templated":true}]}}