{"id":123417,"date":"2021-03-05T11:45:22","date_gmt":"2021-03-05T16:45:22","guid":{"rendered":"https:\/\/www.bibula.com\/?p=123417"},"modified":"2021-03-05T11:45:22","modified_gmt":"2021-03-05T16:45:22","slug":"ortodoksyjni-zydzi-po-raz-czwarty-probowali-podpalic-kosciol-w-jerozolimie","status":"publish","type":"post","link":"https:\/\/www.bibula.com\/?p=123417","title":{"rendered":"Ortodoksyjni \u017cydzi po raz czwarty pr\u00f3bowali podpali\u0107 ko\u015bci\u00f3\u0142 w Jerozolimie"},"content":{"rendered":"<p><strong>We wtorek Zgromadzenie Katolickich Ordynariuszy Ziemi \u015awi\u0119tej (ACOHL) pot\u0119pi\u0142o powtarzaj\u0105ce si\u0119 ataki izraelskich osadnik\u00f3w na rumu\u0144ski ko\u015bci\u00f3\u0142 prawos\u0142awny w Jerozolimie.<\/strong><\/p>\r\n<p>O\u015bwiadczenie ACOHL zosta\u0142o opublikowane po kolejnej pr\u00f3bie podpalenia przez ortodoksyjnych \u017cyd\u00f3w wej\u015bcia do ko\u015bcio\u0142a znajduj\u0105cego si\u0119 w jerozolimskiej dzielnicy Musrara, po\u0142o\u017conego w pobli\u017cu dzielnicy \u017cydowskiej.<\/p>\r\n<p>W o\u015bwiadczeniu poinformowano, \u017ce miejscowy ksi\u0105dz zdo\u0142a\u0142 szybko ugasi\u0107 po\u017car. Zwr\u00f3cono tak\u017ce uwag\u0119, \u017ce nagrania monitoringu ukazywa\u0142y grup\u0119 ortodoksyjnych \u017cyd\u00f3w podk\u0142adaj\u0105cych ogie\u0144.<\/p>\r\n<p>\u201eTen akt wandalizmu jest czwartym w przeci\u0105gu miesi\u0105ca, wymierzonym w ten sam klasztor; podejrzewa si\u0119 niekt\u00f3rych religijnych ortodoksyjnych \u017cyd\u00f3w jako prawdopodobnych napastnik\u00f3w\u201d \u2013 przekaza\u0142o ACOHL w o\u015bwiadczeniu.<\/p>\r\n<blockquote>\r\n<p style=\"text-align: center;\"><a href=\"https:\/\/ssl.dotpay.pl\/?id=263569&amp;description=Darowizna%20na%20rzecz%20portalu%20Kresy.pl%20(c)%20(b-v:1-t:1-p:710234)&amp;amount=\"><strong>Wspieraj Kresy.pl<\/strong><\/a><\/p>\r\n<\/blockquote>\r\n<p>\u201eMy, Ko\u015bcio\u0142y katolickie, jednoczymy si\u0119 z Ko\u015bcio\u0142ami prawos\u0142awnymi i wszystkimi innymi wsp\u00f3lnotami chrze\u015bcija\u0144skimi w Jerozolimie i stanowczo pot\u0119piamy takie akty wandalizmu, kt\u00f3re rani\u0105 nie tylko chrze\u015bcijan, ale tak\u017ce wielu, kt\u00f3rzy nadal wierz\u0105 w dialog i wzajemny szacunek\u201d \u2013 dodano w o\u015bwiadczeniu.<\/p>\r\n<p>Podkre\u015blono, \u017ce \u201eczyny te s\u0105 sprzeczne z duchem pokojowego wsp\u00f3\u0142istnienia r\u00f3\u017cnych wsp\u00f3lnot religijnych w mie\u015bcie\u201d, wzywaj\u0105c w\u0142adze izraelskie do wszcz\u0119cia \u015bledztwa w sprawie ataku i \u015bcigania sprawc\u00f3w.<\/p>\r\n<p>Arcybiskup grecko-prawos\u0142awnego Atallah Hanna powiedzia\u0142: \u201eUbolewamy i pot\u0119piamy ten wandalizm, kt\u00f3ry wynika z rasizmu wobec ko\u015bcio\u0142\u00f3w, chrze\u015bcija\u0144stwa i symboli chrze\u015bcija\u0144skich, pope\u0142nianego przez grupy wyznaj\u0105ce fanatyczne ideologie, odrzucaj\u0105ce innych i lekcewa\u017c\u0105ce ich prywatno\u015b\u0107\u201d.<\/p>\r\n<p>Odni\u00f3s\u0142 si\u0119 do powtarzaj\u0105cych si\u0119 atak\u00f3w jako \u201eakcji maj\u0105cej na celu wypchni\u0119cie mnich\u00f3w z tego klasztoru poprzez terroryzowanie ich i mo\u017ce by\u0107 przes\u0142aniem, \u017ce chrze\u015bcijanie nie s\u0105 akceptowani na tym terenie\u201d.<\/p>\r\n<ul>\r\n\t<li>CZYTAJ TAK\u017bE: <a href=\"https:\/\/kresy.pl\/publicystyka\/jak-izrael-ukrywa-niewygodne-dokumenty-zawierajace-dowody-ws-wypedzenia-arabow-w-1948-r\/\" target=\"_blank\" rel=\"noopener noreferrer\">Jak Izrael ukrywa niewygodne fakty dot. wyp\u0119dzenia Arab\u00f3w w 1948 roku<\/a><\/li>\r\n\t<li>CZYTAJ TAK\u017bE: <a href=\"https:\/\/kresy.pl\/wydarzenia\/izrael-rzad-wyplaci-odszkodowania-za-zaginione-dzieci-jemenskich-zydow-ale-nie-przeprasza-za-afere\/\" target=\"_blank\" rel=\"noopener noreferrer\">Izrael: rz\u0105d wyp\u0142aci odszkodowania za zaginione dzieci jeme\u0144skich \u017byd\u00f3w, ale nie przeprasza za afer\u0119<\/a><\/li>\r\n<\/ul>\r\n<p>Kresy.pl \/ <a href=\"https:\/\/www.middleeastmonitor.com\/20210303-orthodox-jews-attempt-to-burn-jerusalem-church\/\" target=\"_blank\" rel=\"noopener noreferrer\">middleeastmonitor.com<\/a><\/p>\r\n<p class=\"zrodlo\">Za: <a href=\"https:\/\/kresy.pl\/wydarzenia\/ortodoksyjni-zydzi-po-raz-czwarty-probowali-podpalic-kosciol-w-jerozolimie\/\">Kresy.pl (5 marca 2021)<\/a><\/p>","protected":false},"excerpt":{"rendered":"We wtorek Zgromadzenie Katolickich Ordynariuszy Ziemi \u015awi\u0119tej (ACOHL) pot\u0119pi\u0142o powtarzaj\u0105ce si\u0119 ataki izraelskich osadnik\u00f3w na rumu\u0144ski ko\u015bci\u00f3\u0142 prawos\u0142awny w Jerozolimie. O\u015bwiadczenie ACOHL zosta\u0142o opublikowane po kolejnej pr\u00f3bie podpalenia przez ortodoksyjnych \u017cyd\u00f3w wej\u015bcia do ko\u015bcio\u0142a znajduj\u0105cego si\u0119 w jerozolimskiej dzielnicy Musrara, po\u0142o\u017conego w pobli\u017cu dzielnicy \u017cydowskiej. W o\u015bwiadczeniu poinformowano, \u017ce miejscowy ksi\u0105dz zdo\u0142a\u0142 szybko ugasi\u0107 po\u017car. [&hellip;]","protected":false},"author":1,"featured_media":0,"comment_status":"closed","ping_status":"closed","sticky":false,"template":"","format":"standard","meta":{"_acf_changed":false,"_monsterinsights_skip_tracking":false,"_monsterinsights_sitenote_active":false,"_monsterinsights_sitenote_note":"","_monsterinsights_sitenote_category":0,"ngg_post_thumbnail":0,"footnotes":"","_wp_rev_ctl_limit":""},"categories":[6],"tags":[132,61,197],"acf":[],"_links":{"self":[{"href":"https:\/\/www.bibula.com\/index.php?rest_route=\/wp\/v2\/posts\/123417"}],"collection":[{"href":"https:\/\/www.bibula.com\/index.php?rest_route=\/wp\/v2\/posts"}],"about":[{"href":"https:\/\/www.bibula.com\/index.php?rest_route=\/wp\/v2\/types\/post"}],"author":[{"embeddable":true,"href":"https:\/\/www.bibula.com\/index.php?rest_route=\/wp\/v2\/users\/1"}],"replies":[{"embeddable":true,"href":"https:\/\/www.bibula.com\/index.php?rest_route=%2Fwp%2Fv2%2Fcomments&post=123417"}],"version-history":[{"count":2,"href":"https:\/\/www.bibula.com\/index.php?rest_route=\/wp\/v2\/posts\/123417\/revisions"}],"predecessor-version":[{"id":123419,"href":"https:\/\/www.bibula.com\/index.php?rest_route=\/wp\/v2\/posts\/123417\/revisions\/123419"}],"wp:attachment":[{"href":"https:\/\/www.bibula.com\/index.php?rest_route=%2Fwp%2Fv2%2Fmedia&parent=123417"}],"wp:term":[{"taxonomy":"category","embeddable":true,"href":"https:\/\/www.bibula.com\/index.php?rest_route=%2Fwp%2Fv2%2Fcategories&post=123417"},{"taxonomy":"post_tag","embeddable":true,"href":"https:\/\/www.bibula.com\/index.php?rest_route=%2Fwp%2Fv2%2Ftags&post=123417"}],"curies":[{"name":"wp","href":"https:\/\/api.w.org\/{rel}","templated":true}]}}