{"id":1234,"date":"2007-10-03T00:00:00","date_gmt":"2007-10-03T00:00:00","guid":{"rendered":""},"modified":"-0001-11-30T00:00:00","modified_gmt":"-0001-11-30T04:00:00","slug":"","status":"publish","type":"post","link":"https:\/\/www.bibula.com\/?p=1234","title":{"rendered":"S\u0142owacja: organizacje \u017cydowskie protestuj\u0105 przeciwko uchwale Parlamentu upami\u0119tniaj\u0105cej ksi\u0119dza Hlinka"},"content":{"rendered":"<p>Organizacje \u017cydowskie na  S\u0142owacji zaprotestowa\u0142y przeciwko przygotowywnej przez Parlament rezolucji ustanawiaj\u0105cej ksi\u0119dza Andreja Hlinka &#8222;Ojcem Narodu S\u0142owackiego&#8221; i tw\u00f3rc\u0105 niezale\u017cnego pa\u0144stwa s\u0142owackiego.<\/p>\r\n<p>  Dzia\u0142aj\u0105ca na S\u0142owacji organizacja o nazwie &#8222;Zrzeszenie spo\u0142eczno\u015bci \u017cydowskich w Slowacji&#8221; nazywa zas\u0142u\u017conego dla narodu s\u0142owackiego ksi\u0119dza Andreja Hlinka mianem &#8222;narodowca&#8221;, &#8222;antysemity&#8221;, &#8222;kolaboranta&#8221; oraz  &#8222;symbolem faszyzmu&#8221;. <\/p>\r\n<p>Zmar\u0142y w 1938 roku w wieku 74 lat, ksi\u0105dz Andrej Hlinka by\u0142 za\u0142o\u017cycielem S\u0142owackiej Partii Ludowej, g\u0142\u00f3wnej s\u0142owackiej si\u0142y politycznej po I Wojnie &#346;wiatowej. Pr\u00f3bowa\u0142 budowa\u0107 silne pa\u0144stwo s\u0142owackie, opieraj\u0105c si\u0119 na katolickiej nauce spo\u0142ecznej. Podczas pogrzebu, kt\u00f3ry sta\u0142 si\u0119 narodow\u0105 manifestacj\u0105, jego bliski wsp\u00f3\u0142pracownik, ksi\u0105dz Josef Tiso powiedzia\u0142, \u017ce ks. Hlinka &#8222;umacnia\u0142 nasz\u0105 wa\u0142k\u0119 o prawa      Narodu S\u0142owackiego. S\u0142u\u017c\u0105c Chrystusowi s\u0142u\u017cy\u0142 wielkiej idei, wszystko u\u015bwi\u0119caj\u0105c      na jej o\u0142tarzu. Hlinka, ksi\u0105dz i patriota, \u017cy\u0142 w prze\u015bwiadczeniu, \u017ce s\u0142u\u017cy      tysi\u0105cletnim korzeniom swej Ojczyzny i obecnemu chrze\u015bcija\u0144skiemu \u017cyciu Narodu.&#8221; <\/p>\r\n<p>Jego nast\u0119pca, ksi\u0105dz Josef Tiso stan\u0105\u0142 na czele pa\u0144stwa s\u0142owackiego w skomplikowanej mi\u0119dzynarodowej i wewn\u0119trznej sytuacji politycznej. Pr\u00f3bowa\u0142 ocali\u0107 autonomi\u0119 pa\u0144stwa, by\u0142 zagorza\u0142ym przeciwnikiem liberalizmu,  komunizmu i materializmu.    Nie ukrywa\u0142 stosunku do \u017byd\u00f3w \u017cyj\u0105cych w S\u0142owacji, kt\u00f3rzy znani byli z sympatii do komunizmu i cechowali si\u0119 anykatolicko\u015bci\u0105, a  pomimo swej liczbowej zdecydowanej mniejszo\u015bci, byli w\u0142a\u015bcicielami      1\/3 zak\u0142ad\u00f3w przemys\u0142owych i niemal po\u0142owy  firm handlowych. Pr\u00f3bowa\u0142 ograniczy\u0107 ich wp\u0142yw na funkcjonowanie pa\u0144stwa,  zakazuj\u0105c jednak metod &#8222;brutalnych,      nieludzkich i naznaczanych nienawi\u015bci\u0105 rasow\u0105&#8221;. Pod naciskiem Hitlera zgodzi\u0142 si\u0119 na wysy\u0142anie \u017byd\u00f3w poza granice kraju, jednak po interwencji Watykanu ju\u017c w 1942 roku transporty te zako\u0144czy\u0142y si\u0119. Po wojnie, po obj\u0119ciu w\u0142adzy przez komunist\u00f3w, ks. Josef Tito zosta\u0142 w 1948 roku powieszony.<BR \/> \r\n  Pomimo uporczywej kampanii defamacyjnej trwaj\u0105cej do dzi\u015b, prowadzonej przez \u015brodowiska \u017cydowskie, liberalne i komunistyczne, kontynuowane s\u0105  starania o przygotowania do procesu beatyfikacyjnego ksi\u0119dza Josefa Tito.<\/p>\r\n<p>&nbsp;<\/p>\r\n<p>ZOB. R&Oacute;WNIE\u017b:<\/p>\r\n<ul>\r\n  <li><em align=\"justify\"><strong><a class=\"content_sz\" href =\"http:\/\/www.wandea.org.pl\/jozef-tiso.htm\" target=\"_blank\">Za Boha a Narod !<\/a><\/strong><\/em><strong><a class=\"content_sz\" href =\"http:\/\/www.wandea.org.pl\/jozef-tiso.htm\" target=\"_blank\"> &#8211; Biografia ksiedza Josef Tito<\/a><\/strong><\/li>\r\n<\/ul>\r\n<p>&nbsp;<\/p>\r\n<p>&nbsp; <\/p>\r\n\r\n","protected":false},"excerpt":{"rendered":"Organizacje \u017cydowskie na S\u0142owacji zaprotestowa\u0142y przeciwko przygotowywnej przez Parlament rezolucji ustanawiaj\u0105cej ksi\u0119dza Andreja Hlinka &#8222;Ojcem Narodu S\u0142owackiego&#8221; i tw\u00f3rc\u0105 niezale\u017cnego pa\u0144stwa s\u0142owackiego. Dzia\u0142aj\u0105ca na S\u0142owacji organizacja o nazwie &#8222;Zrzeszenie spo\u0142eczno\u015bci \u017cydowskich w Slowacji&#8221; nazywa zas\u0142u\u017conego dla narodu s\u0142owackiego ksi\u0119dza Andreja Hlinka mianem &#8222;narodowca&#8221;, &#8222;antysemity&#8221;, &#8222;kolaboranta&#8221; oraz &#8222;symbolem faszyzmu&#8221;. Zmar\u0142y w 1938 roku w wieku 74 [&hellip;]","protected":false},"author":1,"featured_media":0,"comment_status":"clo);sed","ping_status":"open","sticky":false,"template":"","format":"standard","meta":{"_acf_changed":false,"_monsterinsights_skip_tracking":false,"_monsterinsights_sitenote_active":false,"_monsterinsights_sitenote_note":"","_monsterinsights_sitenote_category":0,"ngg_post_thumbnail":0,"footnotes":"","_wp_rev_ctl_limit":""},"categories":[6],"tags":[],"acf":[],"_links":{"self":[{"href":"https:\/\/www.bibula.com\/index.php?rest_route=\/wp\/v2\/posts\/1234"}],"collection":[{"href":"https:\/\/www.bibula.com\/index.php?rest_route=\/wp\/v2\/posts"}],"about":[{"href":"https:\/\/www.bibula.com\/index.php?rest_route=\/wp\/v2\/types\/post"}],"author":[{"embeddable":true,"href":"https:\/\/www.bibula.com\/index.php?rest_route=\/wp\/v2\/users\/1"}],"replies":[{"embeddable":true,"href":"https:\/\/www.bibula.com\/index.php?rest_route=%2Fwp%2Fv2%2Fcomments&post=1234"}],"version-history":[{"count":0,"href":"https:\/\/www.bibula.com\/index.php?rest_route=\/wp\/v2\/posts\/1234\/revisions"}],"wp:attachment":[{"href":"https:\/\/www.bibula.com\/index.php?rest_route=%2Fwp%2Fv2%2Fmedia&parent=1234"}],"wp:term":[{"taxonomy":"category","embeddable":true,"href":"https:\/\/www.bibula.com\/index.php?rest_route=%2Fwp%2Fv2%2Fcategories&post=1234"},{"taxonomy":"post_tag","embeddable":true,"href":"https:\/\/www.bibula.com\/index.php?rest_route=%2Fwp%2Fv2%2Ftags&post=1234"}],"curies":[{"name":"wp","href":"https:\/\/api.w.org\/{rel}","templated":true}]}}