{"id":123275,"date":"2021-03-02T18:31:13","date_gmt":"2021-03-02T23:31:13","guid":{"rendered":"https:\/\/www.bibula.com\/?p=123275"},"modified":"2021-03-02T18:31:13","modified_gmt":"2021-03-02T23:31:13","slug":"tadeusz-pluzanski-komunizm-wyraznie-preferowal-osoby-narodowosci-zydowskiej","status":"publish","type":"post","link":"https:\/\/www.bibula.com\/?p=123275","title":{"rendered":"Tadeusz P\u0142u\u017ca\u0144ski: komunizm wyra\u017anie preferowa\u0142 osoby narodowo\u015bci \u017cydowskiej"},"content":{"rendered":"<p><strong>\u2013 <em>System komunistyczny przyci\u0105ga\u0142 najgorszych oferuj\u0105c im poczucie awansu spo\u0142ecznego, bo na przyk\u0142ad taki zwyk\u0142y oprawca, przest\u0119pca, m\u00f3g\u0142 zosta\u0107 z dnia na dzie\u0144 oficerem bezpieki b\u0105d\u017a profesorem. Tak si\u0119 dzia\u0142o r\u00f3wnie\u017c w stalinowskim systemie niesprawiedliwo\u015bci i bezprawia dzi\u0119ki czemu taki Stefan Michnik m\u00f3g\u0142 zosta\u0107 s\u0119dzi\u0105, mimo \u017ce nie mia\u0142 do tego \u017cadnych kwalifikacji<\/em> \u2013 m\u00f3wi w rozmowie z PCh24 TV Tadeusz P\u0142u\u017ca\u0144ski, prezes fundacji \u201e\u0141\u0105czka\u201d, autor ksi\u0105\u017cek po\u015bwi\u0119conych \u017co\u0142nierzom wykl\u0119tym i ich oprawcom.<\/strong><\/p>\r\n<p>Nasz rozm\u00f3wca zwraca uwag\u0119, \u017ce wielu spo\u015br\u00f3d oprawc\u00f3w \u017co\u0142nierzy wykl\u0119tych by\u0142o obywatelami polskimi narodowo\u015bci \u017cydowskiej. \u2013 <em>Tych fakt\u00f3w nie mo\u017cna ukrywa\u0107. Potwierdzaj\u0105 to dziesi\u0105tki dokument\u00f3w<\/em> \u2013 podkre\u015bla Tadeusz P\u0142u\u017ca\u0144ski.<\/p>\r\n<p>\u2013 <em>\u017bydzi bardzo cz\u0119sto zmieniali nazwiska, \u017ceby udawa\u0107 Polak\u00f3w. Dochodzi\u0142o do takich kurioz\u00f3w jak Natan Grinszpan-Kikiel, kt\u00f3ry zosta\u0142 Romanem Romkowskim i pe\u0142ni\u0142 funkcj\u0119 genera\u0142a brygady bezpiecze\u0144stwa publicznego PRL. Dlaczego tak si\u0119 nazwa\u0142? Nie wiem, tak samo jak nie wiem sk\u0105d si\u0119 wzi\u0119\u0142o nazwisko Woli\u0144ska. Pr\u00f3bowa\u0142em to odkry\u0107, ale mi si\u0119 to nie uda\u0142o. Naprawd\u0119 nazywa\u0142a si\u0119 ona Fajga Mindla Danielak<\/em> \u2013 wskazuje prezes fundacji \u201e\u0141\u0105czka\u201d.<\/p>\r\n<p>Wed\u0142ug Tadeusza P\u0142u\u017ca\u0144skiego komunizm bardzo wiele obiecywa\u0142 w\u0142a\u015bnie \u017bydom, szczeg\u00f3lnie po okupacji niemieckiej. \u2013 <em>\u017bydzi potrzebowali swego rodzaju odskoczni i ratunku, kt\u00f3re znajdowali w\u0142a\u015bnie w komunizmie. To w\u0142a\u015bnie komunizm do pewnego momentu wyra\u017anie preferowa\u0142 osoby narodowo\u015bci \u017cydowskiej, kt\u00f3re znajdowa\u0142y swoje miejsce w aparacie represji czy s\u0105dowo-prokuratorskim<\/em> \u2013 t\u0142umaczy.<\/p>\r\n<p>Zapytany, dlaczego tak w\u0142a\u015bnie si\u0119 dzia\u0142o, odpowiedzia\u0142: \u201eNiestety by\u0142o tak, \u017ce wielu Polak\u00f3w narodowo\u015bci \u017cydowskiej po prostu nie czu\u0142o si\u0119 Polakami. Ten w\u0142a\u015bnie element jest szalenie charakterystyczny dla ludzi o pochodzeniu \u017cydowskim. Ich zwi\u0105zki z Polsk\u0105 by\u0142y bardzo s\u0142abe. Nie mieli oni kontaktu z polsk\u0105 tradycj\u0105, polsk\u0105 kultur\u0105, tylko \u017cyli sobie w swoim w\u0142asnym \u015bwiecie. Getta przecie\u017c nie by\u0142y pomys\u0142em niemieckim, tylko \u017cydowskim, poniewa\u017c \u017cydzi chcieli si\u0119 izolowa\u0107. Mieli sw\u00f3j \u015bwiat, swoj\u0105 ortodoksj\u0119 i po prostu zamykali si\u0119 w nich piel\u0119gnuj\u0105c odr\u0119bno\u015b\u0107. To w\u0142a\u015bnie wykorzystali komuni\u015bci\u201d.<\/p>\r\n<p>\u2013 <em>Bardzo cz\u0119sto na czele bezpieki, prokuratury i s\u0105d\u00f3w stali w\u0142a\u015bnie \u017cydzi, kt\u00f3rzy przyci\u0105gali do tych zbrodniczych instytucji swoich. Na bazie has\u0142a: \u201eMy jeste\u015bmy inni, my jeste\u015bmy odr\u0119bni, my nie jeste\u015bmy Polakami\u201d, to teraz damy tym Polakom \u0142upnia, bo tak naprawd\u0119 my ich nienawidzimy. Faktem jest, \u017ce \u017cydom w Polsce nie zawsze by\u0142o r\u00f3\u017cowo, nie zawsze by\u0142a sielanka. Mieli pewne zadry i jak si\u0119 dorwali do w\u0142adzy, to stwierdzili, \u017ce si\u0119 odegraj\u0105. To nic nowego \u2013 tak samo dzia\u0142o si\u0119 w ZSRR, gdzie Stalin wykorzysta\u0142 \u017cyd\u00f3w, zatrudniaj\u0105c ich w aparacie represji, do likwidacji Rosjan<\/em> \u2013 zaznacza Tadeusz P\u0142u\u017ca\u0144ski.<\/p>\r\n<p>Na koniec P\u0142u\u017ca\u0144ski podkre\u015bla, \u017ce mimo wszystko absolutnie nie mo\u017cna nazwa\u0107 komunizmu systemem filosemickim, poniewa\u017c by\u0142 to r\u00f3wnie\u017c system, kt\u00f3ry \u017cyd\u00f3w niszczy\u0142. \u2013 <em>Kiedy byli potrzebni do eksterminacji innych, w\u00f3wczas stawiano na nich. Kiedy uznano, \u017ce stanowi\u0105 zagro\u017cenie, to w\u00f3wczas albo ich likwidowano, albo pozbawiano przywilej\u00f3w, albo zmuszano do emigracji. Taka ju\u017c natura komunizmu<\/em> \u2013 podsumowuje.<\/p>\r\n<p>\u0179r\u00f3d\u0142o: PCh24 TV<\/p>\r\n<p>TK<\/p>\r\n<p><iframe title=\"P\u0142u\u017ca\u0144ski: zmienione nazwiska oprawc\u00f3w \u017co\u0142nierzy wykl\u0119tych || Jaka jest prawda?\" width=\"800\" height=\"450\" src=\"https:\/\/www.youtube.com\/embed\/37qnNqGlDRM?feature=oembed\" frameborder=\"0\" allow=\"accelerometer; autoplay; clipboard-write; encrypted-media; gyroscope; picture-in-picture\" allowfullscreen><\/iframe><\/p>","protected":false},"excerpt":{"rendered":"\u2013 System komunistyczny przyci\u0105ga\u0142 najgorszych oferuj\u0105c im poczucie awansu spo\u0142ecznego, bo na przyk\u0142ad taki zwyk\u0142y oprawca, przest\u0119pca, m\u00f3g\u0142 zosta\u0107 z dnia na dzie\u0144 oficerem bezpieki b\u0105d\u017a profesorem. Tak si\u0119 dzia\u0142o r\u00f3wnie\u017c w stalinowskim systemie niesprawiedliwo\u015bci i bezprawia dzi\u0119ki czemu taki Stefan Michnik m\u00f3g\u0142 zosta\u0107 s\u0119dzi\u0105, mimo \u017ce nie mia\u0142 do tego \u017cadnych kwalifikacji \u2013 m\u00f3wi [&hellip;]","protected":false},"author":1,"featured_media":0,"comment_status":"closed","ping_status":"closed","sticky":false,"template":"","format":"standard","meta":{"_acf_changed":false,"_monsterinsights_skip_tracking":false,"_monsterinsights_sitenote_active":false,"_monsterinsights_sitenote_note":"","_monsterinsights_sitenote_category":0,"ngg_post_thumbnail":0,"footnotes":"","_wp_rev_ctl_limit":""},"categories":[8],"tags":[65,66,197,81],"acf":[],"_links":{"self":[{"href":"https:\/\/www.bibula.com\/index.php?rest_route=\/wp\/v2\/posts\/123275"}],"collection":[{"href":"https:\/\/www.bibula.com\/index.php?rest_route=\/wp\/v2\/posts"}],"about":[{"href":"https:\/\/www.bibula.com\/index.php?rest_route=\/wp\/v2\/types\/post"}],"author":[{"embeddable":true,"href":"https:\/\/www.bibula.com\/index.php?rest_route=\/wp\/v2\/users\/1"}],"replies":[{"embeddable":true,"href":"https:\/\/www.bibula.com\/index.php?rest_route=%2Fwp%2Fv2%2Fcomments&post=123275"}],"version-history":[{"count":1,"href":"https:\/\/www.bibula.com\/index.php?rest_route=\/wp\/v2\/posts\/123275\/revisions"}],"predecessor-version":[{"id":123276,"href":"https:\/\/www.bibula.com\/index.php?rest_route=\/wp\/v2\/posts\/123275\/revisions\/123276"}],"wp:attachment":[{"href":"https:\/\/www.bibula.com\/index.php?rest_route=%2Fwp%2Fv2%2Fmedia&parent=123275"}],"wp:term":[{"taxonomy":"category","embeddable":true,"href":"https:\/\/www.bibula.com\/index.php?rest_route=%2Fwp%2Fv2%2Fcategories&post=123275"},{"taxonomy":"post_tag","embeddable":true,"href":"https:\/\/www.bibula.com\/index.php?rest_route=%2Fwp%2Fv2%2Ftags&post=123275"}],"curies":[{"name":"wp","href":"https:\/\/api.w.org\/{rel}","templated":true}]}}