{"id":123271,"date":"2021-03-01T14:32:14","date_gmt":"2021-03-01T19:32:14","guid":{"rendered":"https:\/\/www.bibula.com\/?p=123271"},"modified":"2021-03-01T14:42:41","modified_gmt":"2021-03-01T19:42:41","slug":"prof-horban-do-przedsiebiorcow-zamiast-narzekac-wzielibyscie-sie-za-szycie-maseczek","status":"publish","type":"post","link":"https:\/\/www.bibula.com\/?p=123271","title":{"rendered":"Prof. Horban do przedsi\u0119biorc\u00f3w: zamiast narzeka\u0107, wzi\u0119liby\u015bcie si\u0119 za szycie maseczek"},"content":{"rendered":"<p><strong>To troch\u0119 jest \u017cenuj\u0105ca sytuacja, je\u017celi w 40-milionowym kraju nie jeste\u015bmy w stanie wyprodukowa\u0107 w\u0142asnych masek \u2013 m\u00f3wi\u0142 na antenie TVN24 prof. Andrzej Horban. Za taki stan rzeczy wini\u2026 polskich przedsi\u0119biorc\u00f3w.<\/strong><\/p>\r\n<p>&#8211; Od roku jest epidemia&#8230; Troszeczk\u0119 tutaj bym do wszystkich pan\u00f3w przedsi\u0119biorc\u00f3w, kt\u00f3rzy m\u00f3wi\u0105, \u017ce nie maj\u0105 z czego \u017cy\u0107&#8230; A gdyby si\u0119 wzi\u0119li za produkcj\u0119 masek, to mieliby z czego \u017cy\u0107 \u2013 podkre\u015bla\u0142 doradca premiera ds. COVID-19.<\/p>\r\n<p>Jego zdaniem trzecia fala koronawirusa powinna w naszym kraju przej\u015b\u0107 \u201etroch\u0119 \u0142agodniej\u201d, jednak nawet optymistyczny scenariusz zak\u0142ada, \u017ce liczba zaka\u017ce\u0144 b\u0119dzie utrzymywa\u0107 si\u0119 na poziomie oko\u0142o 20 tys. dziennie.<\/p>\r\n<p>Wesprzyj nas!<\/p>\r\n<p>B\u0119dziemy mogli trwa\u0107 w naszej walce o Prawd\u0119 wy\u0142\u0105cznie wtedy, je\u015bli Pa\u0144stwo \u2013 nasi widzowie i Darczy\u0144cy \u2013 b\u0119d\u0105 tego chcieli. Dlatego oddaj\u0105c w Pa\u0144stwa r\u0119ce nasze publikacje, prosimy o wsparcie misji naszych medi\u00f3w.<\/p>\r\n<p>Jak podkre\u015bli\u0142, \u201enale\u017cy liczy\u0107 si\u0119 i przygotowa\u0107 na wzrost dobowych zaka\u017ce\u0144 do 40 tys.\u201d &#8211; Nawet je\u017celi nie mam racji, to jednostki ochrony zdrowia musz\u0105 by\u0107 przygotowane na tak\u0105 fal\u0119 \u2013 przyzna\u0142. Jak wielokrotnie wcze\u015bniej, prof. Horban nadal uzale\u017cnia wzrost zaka\u017ce\u0144 od zachowania spo\u0142ecze\u0144stwa. &#8211; Je\u017celi nadal b\u0119dziemy uwa\u017cali, \u017ce nie ma problemu, \u017ce mo\u017cemy sobie lekcewa\u017cy\u0107 zalecenia medyczne, to mo\u017ce by\u0107 tych zaka\u017ce\u0144 du\u017co wi\u0119cej &#8211; zaznaczy\u0142.<\/p>\r\n<p>O braku skuteczno\u015bci lockdown\u00f3w przekonywa\u0142 m.in. dr Zbigniew Martyka, wskazuj\u0105c na por\u00f3wnanie przyrostu zaka\u017ce\u0144 w Kalifornii i na Florydzie. W Kalifornii, gdzie wprowadzono drastyczne \u015brodki walki z koronawirusem odsetek zaka\u017conych os\u00f3b wynosi 8,8 procent, natomiast na Florydzie, gdzie rz\u0105dzi sceptyczny wobec zamykania spo\u0142ecze\u0144stw republikanin Ron DeSantis \u2013 8,3 proc.<\/p>\r\n<p>\u0179r\u00f3d\u0142o: wprost.pl \/ rmf24.pl<\/p>\r\n<p>PR<\/p>\r\n<blockquote>\r\n<p>[<strong>Wybrane wypowiedzi internaut\u00f3w pod w\/w tekstem na stronie \u017ar\u00f3d\u0142owej:<\/strong>]<\/p>\r\n<p>Ja mam inn\u0105 sugesti\u0119 do przedsi\u0119biorc\u00f3w: zacznijcie szy\u0107 kaftany bezpiecze\u0144stwa. To mo\u017ce by\u0107 bardziej intratne zaj\u0119cie. Ile razy s\u0142ucham tzw. ekspert\u00f3w rz\u0105dowych, albo premiera lub kt\u00f3rego\u015b z ministr\u00f3w, czy s\u0142ucham pos\u0142\u00f3w ze wszystkich opcji, za ka\u017cdym razem widz\u0119 ilu mogliby\u015bcie mie\u0107 potencjalnych klient\u00f3w.<br>\r\n<em>123<\/em><br>\r\n<br>\r\nZarzucali Platformie plucie ludziom w twarz. Teraz robi\u0105 to samo. Nic dziwnego &#8211; w ko\u0144cu to tak naprawd\u0119 jedno i to samo \u015brodowisko. Zawsze zale\u017ca\u0142o im na swoim interesie a nie na Polakach.<br>\r\n<em>Akwin<\/em><br>\r\n<br>\r\nJak cz\u0142owiek &#8211; niew\u0105tpliwie upo\u015bledzony moralnie i emocjonalnie &#8211; jakim jest prof. Andrzej Horban mo\u017ce by\u0107 doradc\u0105 polskiego rz\u0105du? Wyja\u015bni mi to kto\u015b, bo nie rozumiem?<br>\r\n<em>panMarek<\/em><br>\r\n<br>\r\nco\u015b jak stoczniowcy ze zlikwidowanej przez Tuska stoczni gda\u0144skiej..florystyk\u0105.<br>\r\n<em>lit<\/em><br>\r\n<br>\r\nCO ZA BESZCZELNY TYYYYPP!!!!!!<br>\r\n<em>Alan<\/em><br>\r\n<br>\r\nProletariusze wszystkich wojew\u00f3dztw szyjcie maseczki, na tokarkach, frezarkach i szlifierkach, na drutach i maszynach do robienia but\u00f3w, w hotelach i restauracjach, wsz\u0119dzie i o ka\u017cdej porze, szyjcie maseczki, to wam pomo\u017ce. M\u00f3wi\u0119 ja, Horban na zasi\u0142ku od Pfizera i przy korycie ministra zdrowia.<br>\r\n<em>katolik<\/em><br>\r\n<br>\r\nNiekt\u00f3rzy wzi\u0119li si\u0119 za produkcj\u0119 przy\u0142bic I rz\u0105d ich wystawi\u0142. B\u0119d\u0105 szy\u0107 maseczki to rz\u0105d naka\u017ce nosi\u0107 maski od Kulczyka. Swoi zawsze skorzystaj\u0105.<br>\r\n<em>Ola<\/em><br>\r\n<br>\r\nNa ile jeszcze nar\u00f3d sobie pozwoli!??!?!?!<br>\r\n<em>GreAnn<\/em><br>\r\n<br>\r\nCzy to nie pokazuje poziomu ludzi z tytu\u0142ami jw?<br>\r\n<em>Roman<\/em><br>\r\n<br>\r\nCzy jest w Polsce wystarczaj\u0105ca ilo\u015b\u0107 przedsi\u0119biorc\u00f3w produkuj\u0105cych sznury ? Gdy zako\u0144czy sie kiedy\u015b szcz\u0119sliwie dla nas dyktatura covidowa , b\u0119d\u0105 potrzebne , by elementarnej sprawiedliwo\u015bci sta\u0142o si\u0119 za do\u015b\u0107.<br>\r\n<em>Nemo<\/em><br>\r\n<br>\r\nAlbo wypi\u0142 za ma\u0142o albo za du\u017co. Tertium non datur trzeciego wyj\u015bcia nie ma<br>\r\n<em>nik<\/em><br>\r\n<br>\r\nPanie Profesorze, niech Pan ju\u017c da spok\u00f3j&#8230; Arogancja te\u017c ma swoje granice.<br>\r\n<em>Ks. Jacek<\/em><br>\r\n<br>\r\nW przypadku prof. Horbana zdaje si\u0119 mie\u0107 zastosowanie studencka wersja t\u0142umaczenia skr\u00f3towca &#8222;prof&#8221;: prawie rozumna osoba fizyczna.<br>\r\n<em>qba<\/em><br>\r\n<br>\r\nWczoraj obejrza\u0142em wywiad z Kary Mullisem, tw\u00f3rc\u0105 metody, kt\u00f3ra jest stosowana w tzw. testach na covida. Zmar\u0142 w 2019 roku w USA. Za opracowanie metody otrzyma\u0142 w 1993 roku nagrod\u0119 Nobla. Jak sam stwierdzi\u0142 <strong>oparocowana przez niego metoda nie jest wiarygodna w diagnostyce zaka\u017ce\u0144 wirusowych.<\/strong> Sk\u0105d wi\u0119c pan Horban wie ile b\u0119dzie zaka\u017ce\u0144, kiedy nie ma do tego wiarygodnych narz\u0119dzi badawczych? \u017benuj\u0105ca wypowied\u017a jak na naukowca, podwa\u017caj\u0105ca jego autorytet. Smutne.<br>\r\n<em>Krakusik<\/em><br>\r\n<br>\r\n10 000 000 wyborc\u00f3w PiS lubi to.<br>\r\n<em>Nomad<\/em><br>\r\n<br>\r\nTo, \u017ce kto\u015b taki ma tytu\u0142 ,,profesora&#8221; doskonale obrazuje, \u017ce dzisiejsze uniwerki s\u0105 do ca\u0142kowitego zaorania.<br>\r\n<em>Brak s\u0142\u00f3w<\/em><br>\r\n<br>\r\nz tym si\u0119 zgadzam \u017ce Polscy przedsi\u0119biorcy powinni zacz\u0105\u0107 swoj\u0105 produkcj\u0119 broni i uzbrojenia by Polacy mogli broni\u0107 si\u0119 przed takim jak on<br>\r\n<em>Fragen<\/em><br>\r\n<br>\r\nTylko pe\u0142ne otwarcie gospodarki! Natychmiast! Zwolennik\u00f3w lockdownu deportowa\u0107 na zach\u00f3d!<br>\r\n<em>rafik<\/em><\/p>\r\n<\/blockquote>\r\n<p class=\"zrodlo\">Za: <a href=\"https:\/\/www.pch24.pl\/prof--horban-do-przedsiebiorcow--zamiast-narzekac--wzielibyscie-sie-za-szycie-maseczek,82357,i.html\">PoloniaChristiana &#8211; pch24.pl (2021-03-01)<\/a><\/p>\r\n<h4>&nbsp;<\/h4>\r\n<hr style=\"background-color: #000000; border-width: 0; color: #000000; height: 2px; line-height: 0; text-align: center; width: 100%;\">\r\n<h4>&nbsp;<\/h4>\r\n<h2>Natychmiast zamkn\u0105\u0107 szko\u0142y, hotele, centra handlowe \u2013 zaleca Niedzielskiemu Tyll Kr\u00fcger<\/h2>\r\n<div class=\"entry-content clearfix\">\r\n<p>Tyll Kr\u00fcger jest Niemcem, cz\u0142onkiem Mi\u0119dzynarodowego zespo\u0142u MOCOS (MOdelling COronavirus Spread).&nbsp;Dr Kr\u00fcger \u201emodeluje rozw\u00f3j epidemii dla rz\u0105du\u201d. MOCOS zosta\u0142 za\u0142o\u017cony przez&nbsp;Niemca 12 lutego.&nbsp;&nbsp;Zesp\u00f3\u0142 tworz\u0105 pandemi\u015bci: \u201cnaukowcy z Politechniki Wroc\u0142awskiej, Uniwersytetu Wroc\u0142awskiego i Uniwersytetu Medycznego we Wroc\u0142awiu\u201d oraz eksperci z Nokia Wroc\u0142aw, EY GDS Poland oraz MicroscopeIT.<\/p>\r\n<p>Specyficznego smaczku dodaje fakt, \u017ce&nbsp;Tyll Kr\u00fcger zainteresowa\u0142 si\u0119 pandemi\u0105 zanim j\u0105\u2026 og\u0142oszono:<\/p>\r\n<h4>Plandemia czy pandemia?<\/h4>\r\n<p>\u201cPod koniec 2019 roku by\u0142em na konferencji na Filipinach i ju\u017c wtedy dla wielu os\u00f3b zajmuj\u0105cych si\u0119 modelowaniem by\u0142o oczywiste, \u017ce w Chinach dzieje si\u0119 co\u015b, co mo\u017ce by\u0107 potencjalnym&nbsp;zagro\u017ceniem dla ca\u0142ego \u015bwiata\u201d<\/p>\r\n<p style=\"padding-left: 40px;\">Na pocz\u0105tku lutego 2020 zacz\u0119li\u015bmy zbiera\u0107 ludzi i tworzy\u0107 grup\u0119 badawcz\u0105 do modelowania zaka\u017ce\u0144 wywo\u0142ywanych przez SARS-CoV-2. Chodzi\u0142o nam o zrobienie pewnych prognoz rozwoju epidemii, a tak\u017ce o zbadanie jakie czynniki s\u0105 istotne dla prawid\u0142owego modelowania tej choroby. Chcieli\u015bmy zrozumie\u0107, na kt\u00f3re parametry rozprzestrzeniania si\u0119 epidemii mamy wp\u0142yw, a na kt\u00f3re nie mamy i nie da si\u0119 ich kontrolowa\u0107. Pierwsze wyniki mieli\u015bmy po mniej wi\u0119cej 3 tygodniach, czyli akurat na czas\u2026 \/oko.press\/<\/p>\r\n<p>13 MAJA 2020 roku na pytanie o najlepsz\u0105 strategi\u0119 dla Polski Kr\u00fcger rekomendowa\u0142&nbsp;do\u015b\u0107 radykalne rozwi\u0105zanie:<\/p>\r\n<p style=\"padding-left: 40px;\">Maksymalne ograniczenie poruszania si\u0119 (np. mo\u017cna wyj\u015b\u0107 tylko po chleb i to raz na tydzie\u0144) i zupe\u0142ne zatrzymanie ca\u0142ej gospodarki \u2013 do zera. Co\u015b takiego zastosowano w Wuhan.<\/p>\r\n<h4>MOCOS \/luty 2021\/: Zarekomendowali\u015bmy rz\u0105dowi jak najszybszy lockdown.<\/h4>\r\n<p style=\"padding-left: 40px;\">Mamy ju\u017c ok. 80 procent powiat\u00f3w na krytycznym poziomie epidemiologicznym. We wszystkich nale\u017ca\u0142oby natychmiast zamkn\u0105\u0107 szko\u0142y, hotele, centra handlowe, wszystko, co ostatnio zosta\u0142o odmro\u017cone. Rekomendowa\u0142em to ministrowi w zesz\u0142y pi\u0105tek \u2013 m\u00f3wi prof. Tyll Kr\u00fcger, modeluj\u0105cy rozw\u00f3j epidemii dla rz\u0105du. \/Gazeta Wyborcza\/<\/p>\r\n<p><strong>Komentarz:<\/strong><\/p>\r\n<p>Dywagacje niemieckiego planisty i rezonans jaki wywo\u0142uj\u0105 w mediach g\u0142\u00f3wnego \u015bcieku nale\u017cy skonfrontowa\u0107 z faktami, a te s\u0105 jednoznaczne.<\/p>\r\n<ul>\r\n\t<li>\r\n<h5><strong>99,8% ludzi prze\u017cywa covid-19 \/<\/strong><a href=\"https:\/\/www.ekspedyt.org\/2021\/02\/17\/piatka-dla-szczepien-czyli-o-co-pytac-2\/\" data-slimstat=\"5\">5 pyta\u0144, kt\u00f3re mo\u017cesz zada\u0107 swoim znajomym, kt\u00f3rzy planuj\u0105 przyj\u0105\u0107 szczepionk\u0119 covid<\/a><strong>\/<\/strong><\/h5>\r\n<\/li>\r\n\t<li>\r\n<h5>Infekcj\u0119 leczy si\u0119 skutecznie tanim lekiem \u2013 amantadyn\u0105. Dzi\u0119ki zastosowaniu tego preparatu nie ma powik\u0142a\u0144<\/h5>\r\n<\/li>\r\n\t<li class=\"entry-title\">\r\n<h5>Dr Mariusz B\u0142ochowiak: wiemy na pewno, \u017ce maski nie ograniczaj\u0105 transmisji koronawirusa \/<a href=\"https:\/\/www.ekspedyt.org\/2021\/02\/23\/dr-mariusz-blochowiak-wiemy-na-pewno-ze-maski-nie-ograniczaja-transmisji-koronawirusa\/\" data-slimstat=\"5\">link<\/a>\/<\/h5>\r\n<\/li>\r\n\t<li class=\"entry-title\">\r\n<h5>Dwie dawki potencjalnej profilaktyki leku iwermektyny spowodowa\u0142y 73% zmniejszenie zaka\u017cenia Covid-19. \/ <a href=\"https:\/\/www.pharmaceutical-technology.com\/news\/aiims-study-covid-19\/\" data-slimstat=\"5\">link<\/a>\/<\/h5>\r\n<\/li>\r\n<\/ul>\r\n<p>[\u0179r\u00f3d\u0142o:] <a href=\"https:\/\/www.ekspedyt.org\/2021\/02\/26\/natychmiast-zamknac-szkoly-hotele-centra-handlowe-zaleca-niedzielskiemu-tyll-kruger\/?cn-reloaded=1\"><span style=\"text-decoration: underline;\">Legion \u015bw. Ekspedyta &#8211; ekspedyt.org (26 lutego 2021)<\/span><\/a><\/p>\r\n<blockquote>\r\n<p>[<strong>Wybrane wypowiedzi internaut\u00f3w pod w\/w tekstem na stronie \u017ar\u00f3d\u0142owej:<\/strong>]<\/p>\r\n<p><em>pokutuj\u0105cy \u0142otr<\/em><br>\r\nPoza tym ausweiss z czarn\u0105 gap\u0105. Kara przez rozstrzelanie za wychodzenie po chleb cz\u0119\u015bciej ni\u017c raz w tygodniu. Nast\u0119pny etap: dostawa posi\u0142k\u00f3w do domu: zupa ze zgni\u0142ej brukwi i 10 g chleba na dob\u0119. Pan Kruger zapomnia\u0142 o jak\u017ce istotnym elemencie ochrony: koniec z wymy\u015blnymi p\u0142aszczykami, kapelusikami itd. Tam si\u0119 najch\u0119tniej gnie\u017cd\u017c\u0105 wirusy. Polacy powinni chodzi\u0107 w p\u0142\u00f3ciennych uniformach, dla odr\u00f3\u017cnienia od t\u0142a w pionowe czarne paski. A zamiast but\u00f3w \u2013 gdzie wirus a\u017c szaleje \u2013 drewniane trepy.<\/p>\r\n<p><em>pokutuj\u0105cy \u0142otr<\/em><br>\r\nNa pewnym etapie brni\u0119cia w z\u0142o, ludzki rozum odmawia pos\u0142usze\u0144stwa. Staje si\u0119 wcieleniem demonicznym. Gnom, Niedzielski, Morawiecki, przedtem Szumowski, tak zwani \u201ceksperci\u201d i wi\u0119kszo\u015b\u0107 ich piekielnej ferajny s\u0105 tego uosobieniem. Wyryte to maj\u0105 ju\u017c na twarzach, nawet nie musz\u0105 otwiera\u0107 ust.<\/p>\r\n<p><em>pokutuj\u0105cy \u0142otr<\/em><br>\r\nPrzecie\u017c oni maj\u0105 na sumieniu ju\u017c na dzie\u0144 dzisiejszy co najmniej 70 000 istnie\u0144 ludzkich! Policzalnych. Bo pewnie w miliony id\u0105 zgony niepoliczalne \u2013 samob\u00f3jstwa, zgony z braku pomocy lekarskiej, zgony z odstawienia lek\u00f3w branych od lat, zgony z zaniechania rozpoznawania schorze\u0144 przewlek\u0142ych, np. nowotwor\u00f3w, przez lekarza lub samego pacjenta, zniech\u0119conego utrudnieniami w procedurach. Niech wi\u0119c Gnom, je\u015bli ma jakie\u015b resztki wyobra\u017ani \u2013 bo do sumienia, jak s\u0142usznie zauwa\u017cy\u0142e\u015b, nie ma ju\u017c chyba po co si\u0119 odwo\u0142ywa\u0107 \u2013 niech wi\u0119c wyobrazi sobie ten niezliczony t\u0142um swych ofiar, jaki stanie przed nim na S\u0105dzie Bo\u017cym, gdzie ju\u017c pewnie bli\u017cej mu ni\u017c dalej. Matka wychowa\u0142a go w wierze katolickiej \u2013 nie zg\u0142\u0119biaj\u0105c tematu, jak dalece \u2013 ale ten segment duchowo\u015bci ma uruchomiony i nie powinien mie\u0107 trudno\u015bci z wyobra\u017ceniem sobie, co go TAM czeka. B\u00f3j si\u0119, naprawd\u0119, b\u00f3j si\u0119, stary cz\u0142owieku.<\/p>\r\n<\/blockquote>\r\n<p>&nbsp;<\/p>\r\n<p class=\"zrodlo\">Za: <a href=\"http:\/\/dakowski.pl\/index.php?option=com_content&amp;task=view&amp;id=30615&amp;Itemid=100\">Strona prof. Miros\u0142awa Dakowskiego (01.03.2021)<\/a><\/p>\r\n<h4>&nbsp;<\/h4>\r\n<hr style=\"background-color: #000000; border-width: 0; color: #000000; height: 2px; line-height: 0; text-align: center; width: 100%;\">\r\n<h4>&nbsp;<\/h4>\r\n<\/div>","protected":false},"excerpt":{"rendered":"To troch\u0119 jest \u017cenuj\u0105ca sytuacja, je\u017celi w 40-milionowym kraju nie jeste\u015bmy w stanie wyprodukowa\u0107 w\u0142asnych masek \u2013 m\u00f3wi\u0142 na antenie TVN24 prof. Andrzej Horban. Za taki stan rzeczy wini\u2026 polskich przedsi\u0119biorc\u00f3w. &#8211; Od roku jest epidemia&#8230; Troszeczk\u0119 tutaj bym do wszystkich pan\u00f3w przedsi\u0119biorc\u00f3w, kt\u00f3rzy m\u00f3wi\u0105, \u017ce nie maj\u0105 z czego \u017cy\u0107&#8230; A gdyby si\u0119 wzi\u0119li [&hellip;]","protected":false},"author":1,"featured_media":0,"comment_status":"closed","ping_status":"closed","sticky":false,"template":"","format":"standard","meta":{"_acf_changed":false,"_monsterinsights_skip_tracking":false,"_monsterinsights_sitenote_active":false,"_monsterinsights_sitenote_note":"","_monsterinsights_sitenote_category":0,"ngg_post_thumbnail":0,"footnotes":"","_wp_rev_ctl_limit":""},"categories":[451],"tags":[433,98,20],"acf":[],"_links":{"self":[{"href":"https:\/\/www.bibula.com\/index.php?rest_route=\/wp\/v2\/posts\/123271"}],"collection":[{"href":"https:\/\/www.bibula.com\/index.php?rest_route=\/wp\/v2\/posts"}],"about":[{"href":"https:\/\/www.bibula.com\/index.php?rest_route=\/wp\/v2\/types\/post"}],"author":[{"embeddable":true,"href":"https:\/\/www.bibula.com\/index.php?rest_route=\/wp\/v2\/users\/1"}],"replies":[{"embeddable":true,"href":"https:\/\/www.bibula.com\/index.php?rest_route=%2Fwp%2Fv2%2Fcomments&post=123271"}],"version-history":[{"count":5,"href":"https:\/\/www.bibula.com\/index.php?rest_route=\/wp\/v2\/posts\/123271\/revisions"}],"predecessor-version":[{"id":123281,"href":"https:\/\/www.bibula.com\/index.php?rest_route=\/wp\/v2\/posts\/123271\/revisions\/123281"}],"wp:attachment":[{"href":"https:\/\/www.bibula.com\/index.php?rest_route=%2Fwp%2Fv2%2Fmedia&parent=123271"}],"wp:term":[{"taxonomy":"category","embeddable":true,"href":"https:\/\/www.bibula.com\/index.php?rest_route=%2Fwp%2Fv2%2Fcategories&post=123271"},{"taxonomy":"post_tag","embeddable":true,"href":"https:\/\/www.bibula.com\/index.php?rest_route=%2Fwp%2Fv2%2Ftags&post=123271"}],"curies":[{"name":"wp","href":"https:\/\/api.w.org\/{rel}","templated":true}]}}