{"id":1232,"date":"2007-10-03T00:00:00","date_gmt":"2007-10-03T00:00:00","guid":{"rendered":""},"modified":"-0001-11-30T00:00:00","modified_gmt":"-0001-11-30T04:00:00","slug":"","status":"publish","type":"post","link":"https:\/\/www.bibula.com\/?p=1232","title":{"rendered":"Pary\u017c: Katolicka uczelnia b\u0119dzie kszta\u0142ci\u0142a imam\u00f3w"},"content":{"rendered":"<p>Katolicka uczelnia w Pary\u017cu rozpocznie oferowanie dwu-semetralnych kurs\u00f3w dla muzu\u0142ma\u0144skich przyw\u00f3dc\u00f3w religijnych.<BR \/>\r\nW wyniku porozumienia <em> Institut Catholique de Paris<\/em> &#8211; ICP oraz G\u0142\u00f3wnego Meczetu Pary\u017ca, katolicki uniwersytet rozpocznie od stycznia przysz\u0142ego roku kursy z zakresu francuskiej polityki, demokracji, praw cz\u0142owieka i republiki francuskiej. Jak stwierdza dziekan Fransois Mabille, ICP zamierza oferowa\u0107 kursy w dziedzinach nauk ekonomicznych i spo\u0142ecznych, jednak nie  b\u0119d\u0105 obejmowa\u0142y teologii. &#8222;Nie mamy ch\u0119ci ani uprawnie\u0144 do religijnego kszta\u0142cenia imam\u00f3w; to jest w gestii Wielkiego Meczetu&#8221; &#8211; wyja\u015bnia F. Mabille.<BR \/>\r\nMuzu\u0142ma\u0144scy absolwencji uczelni ju\u017c po 2 latach studi\u00f3w na tej uczelni otrzymaj\u0105 dyplom baka\u0142arza. <\/p>\r\n<p>Program na uczelni katolickiej ICP ma na celu kszta\u0142cenie tzw. umiarkowanych przyw\u00f3dc\u00f3w Islamu, celem &#8222;lepszej integracji urodzonych za granic\u0105 Muzu\u0142man\u00f3w we Francji&#8221;. <\/p>\r\n<p>Podobne kursy mia\u0142 ju\u017c dwa lata temu oferowa\u0107 znany uniwersytet sorbo\u0144ski, jednak kadra naukowa ucze\u0142ni nie zgodzi\u0142a si\u0119 na zrealizowanie tego pomys\u0142u. <\/p>\r\n<p>Pi\u0119\u0107 milion\u00f3w mieszkaj\u0105cych we  Muzu\u0142man\u00f3w stanowi najwi\u0119ksz\u0105 tego typu mniejszo\u015b\u0107 w ca\u0142ej Europie. W samej Francji mieszka 1200 imam\u00f3w, z kt\u00f3rych wi\u0119kszo\u015b\u0107 nie posiada \u017cadnego specjalnego wykszta\u0142cenia. Oko\u0142o 3\/4 z nich nie ma francuskiego obywatelstwa, a 1\/3 nie m\u00f3wi nawet po francusku.<\/p>\r\n<p>&nbsp;<\/p>\r\n\r\n","protected":false},"excerpt":{"rendered":"Katolicka uczelnia w Pary\u017cu rozpocznie oferowanie dwu-semetralnych kurs\u00f3w dla muzu\u0142ma\u0144skich przyw\u00f3dc\u00f3w religijnych. W wyniku porozumienia Institut Catholique de Paris &#8211; ICP oraz G\u0142\u00f3wnego Meczetu Pary\u017ca, katolicki uniwersytet rozpocznie od stycznia przysz\u0142ego roku kursy z zakresu francuskiej polityki, demokracji, praw cz\u0142owieka i republiki francuskiej. Jak stwierdza dziekan Fransois Mabille, ICP zamierza oferowa\u0107 kursy w dziedzinach nauk [&hellip;]","protected":false},"author":1,"featured_media":0,"comment_status":"closed","ping_status":"open","sticky":false,"template":"","format":"standard","meta":{"_acf_changed":false,"_monsterinsights_skip_tracking":false,"_monsterinsights_sitenote_active":false,"_monsterinsights_sitenote_note":"","_monsterinsights_sitenote_category":0,"ngg_post_thumbnail":0,"footnotes":"","_wp_rev_ctl_limit":""},"categories":[3],"tags":[],"acf":[],"_links":{"self":[{"href":"https:\/\/www.bibula.com\/index.php?rest_route=\/wp\/v2\/posts\/1232"}],"collection":[{"href":"https:\/\/www.bibula.com\/index.php?rest_route=\/wp\/v2\/posts"}],"about":[{"href":"https:\/\/www.bibula.com\/index.php?rest_route=\/wp\/v2\/types\/post"}],"author":[{"embeddable":true,"href":"https:\/\/www.bibula.com\/index.php?rest_route=\/wp\/v2\/users\/1"}],"replies":[{"embeddable":true,"href":"https:\/\/www.bibula.com\/index.php?rest_route=%2Fwp%2Fv2%2Fcomments&post=1232"}],"version-history":[{"count":0,"href":"https:\/\/www.bibula.com\/index.php?rest_route=\/wp\/v2\/posts\/1232\/revisions"}],"wp:attachment":[{"href":"https:\/\/www.bibula.com\/index.php?rest_route=%2Fwp%2Fv2%2Fmedia&parent=1232"}],"wp:term":[{"taxonomy":"category","embeddable":true,"href":"https:\/\/www.bibula.com\/index.php?rest_route=%2Fwp%2Fv2%2Fcategories&post=1232"},{"taxonomy":"post_tag","embeddable":true,"href":"https:\/\/www.bibula.com\/index.php?rest_route=%2Fwp%2Fv2%2Ftags&post=1232"}],"curies":[{"name":"wp","href":"https:\/\/api.w.org\/{rel}","templated":true}]}}