{"id":123153,"date":"2021-02-23T19:22:27","date_gmt":"2021-02-24T00:22:27","guid":{"rendered":"https:\/\/www.bibula.com\/?p=123153"},"modified":"2021-02-24T12:44:56","modified_gmt":"2021-02-24T17:44:56","slug":"dr-basiukiewicz-maski-w-pomieszczeniach-watpliwe-na-zewnatrz-bez-sensu","status":"publish","type":"post","link":"https:\/\/www.bibula.com\/?p=123153","title":{"rendered":"Dr Basiukiewicz: Maski w pomieszczeniach w\u0105tpliwe, na zewn\u0105trz \u2013 bez sensu"},"content":{"rendered":"<p><strong>\u2013 <em>Nie mam poj\u0119cia, co stoi u podstawy pomys\u0142u, \u017ceby nosi\u0107 jakiekolwiek maseczki w \u017cyciu codziennym, tym bardziej co stoi u podstaw decyzji, \u017ce najpierw mo\u017cna nosi\u0107 przy\u0142bic\u0119, a potem nie wolno. Maseczki noszone w \u017cyciu codziennym np. w sklepach czy biurach s\u0105 w\u0105tpliwym pomys\u0142em, za\u015b na ulicy s\u0105 po prostu bez sensu. Nikt nie udowodni\u0142, \u017ce one dzia\u0142aj\u0105<\/em> \u2013 powiedzia\u0142 dr Pawe\u0142 Basiukiewicz, elektrokardiolog.<\/strong><\/p>\r\n<p><img fetchpriority=\"high\" decoding=\"async\" class=\"aligncenter\" src=\"https:\/\/www.pch24.pl\/images\/min_mid_big\/big\/82231.jpg?r=1614126239\" width=\"598\" height=\"344\"><\/p>\r\n<p>Lekarz obszernie wypowiedzia\u0142 si\u0119 dla Radia Maryja w zwi\u0105zku z zapowiedziami zmiany w zasadach re\u017cimu sanitarnego dotycz\u0105cego zas\u0142aniania twarzy. Chocia\u017c s\u0105dy wykaza\u0142y bezprawno\u015b\u0107 wprowadzania powszechnego obowi\u0105zku \u201emaskowania\u201d, w\u0142adze publiczne konsekwentnie obstaj\u0105 przy tym rygorze. W najbli\u017cszym czasie za\u015b planuj\u0105 jeszcze bardziej \u201edokr\u0119ci\u0107 \u015brub\u0119\u201d Polakom.<\/p>\r\n<p>Opr\u00f3cz niekonstytucyjno\u015bci nakazu, kolejn\u0105 istotn\u0105 kwesti\u0105 jest jego praktyczna sensowno\u015b\u0107. Kr\u00f3tko m\u00f3wi\u0105c, skuteczno\u015b\u0107 masek w profilaktyce zaka\u017ce\u0144 jest mocno w\u0105tpliwa.<\/p>\r\n<p>\u2013 <em>Lekarze, kt\u00f3rzy zwracali uwag\u0119 na absurd obostrze\u0144 np. noszenia maseczek, zak\u0142adania przy\u0142bic, byli wy\u015bmiewani i s\u0105 proszeni o t\u0142umaczenie si\u0119 przed rzecznikiem odpowiedzialno\u015bci zawodowej. Nagle si\u0119 okazuje, \u017ce zosta\u0142a im przyznana racja. Przez prawie rok wykonywali\u015bmy dziwne ruchy dyktowane jakby z ministerstwa znanego ze skeczu Monty Pythona, kt\u00f3re w sumie nic nie da\u0142y. Teraz jest nam oficjalnie oznajmiane, \u017ce co prawda nic to nie da\u0142o, ale w zamian mo\u017cemy oczekiwa\u0107 jeszcze wi\u0119kszych restrykcji <\/em>\u2013 powiedzia\u0142 we wtorek dr Basiukiewicz.<\/p>\r\n<p>Lekarz podkre\u015bla\u0142 i uzasadnia\u0142, \u017ce wci\u0105\u017c brak naukowych bada\u0144 udowadniaj\u0105cych, \u017ce maski powstrzymuj\u0105 rozprzestrzenianie si\u0119 wirusa.<\/p>\r\n<p>\u2013 <em>Nie wiem, czy maseczki s\u0105 jakimkolwiek rozwi\u0105zaniem. Jako pracownicy ochrony zdrowia, kt\u00f3rzy pracujemy w szpitalu, gdzie mamy styczno\u015b\u0107 z chorymi i istnieje mo\u017cliwo\u015b\u0107 zaka\u017cenia lub jego przeniesienia, nosimy maseczki chirurgiczne lub filtruj\u0105ce (co ju\u017c mo\u017ce by\u0107 pewnym nadu\u017cyciem, gdy\u017c rutynowe stosowanie maseczek przez osoby, kt\u00f3re s\u0105 zaszczepione lub s\u0105 ozdrowie\u0144cami jest co najmniej w\u0105tpliwe). Natomiast w \u017cyciu codziennym, na ulicy, w sklepie czy restauracji, nie wiem, czy ma to jakikolwiek sens. Tego dobrze nie udowodniono <\/em>\u2013 m\u00f3wi\u0142 w Radiu Maryja.<\/p>\r\n<p>\u2013 <em>Jedyne prospektywne badanie randomizowane w sprawie maseczek w prewencji zaka\u017cenia SARS-CoV-2 (DANMASK-19) wskaza\u0142o, \u017ce maski nie s\u0105 efektywne. Badano osoby, kt\u00f3re nosz\u0105 maski i stwierdzono, \u017ce nie stanowi\u0105 one dla nich \u017cadnego zabezpieczenia. Trzeba zwr\u00f3ci\u0107 uwag\u0119, \u017ce badano maski chirurgiczne, trzeba te\u017c zwr\u00f3ci\u0107 uwag\u0119, \u017ce nie badano tam transmisji zaka\u017cenia na innych. Takie badanie w praktyce jest bardzo trudne do przeprowadzenia, mo\u017cemy tylko por\u00f3wnywa\u0107 pa\u0144stwa lub stany z nakazem maskowania (np. Polska, Kalifornia, Dakota P\u00f3\u0142nocna) z krajami, gdzie takiego nakazu nie ma (np. Szwecja,&nbsp; Floryda, Dakota Po\u0142udniowa) i widzimy, \u017ce maski nie maj\u0105 \u017cadnego zasadniczego znaczenia ani dla przebiegu krzywej epidemicznej, ani dla nadmiarowej \u015bmiertelno\u015bci<\/em>&nbsp; \u2013 stwierdzi\u0142 nasz rozm\u00f3wca.<\/p>\r\n<p>Skoro sensowno\u015b\u0107 noszenia masek jest kontrowersyjna, to co powiedzie\u0107 o przy\u0142bicach?&nbsp;<\/p>\r\n<p>\u2013 <em>Przy\u0142bica prawdopodobnie nie pe\u0142ni \u017cadnej funkcji w warunkach \u017cycia codziennego w zabezpieczeniu osoby j\u0105 nosz\u0105cej oraz innych przed infekcj\u0105 przenoszon\u0105 drog\u0105 aerozolow\u0105. Przy\u0142bica medyczna s\u0142u\u017cy g\u0142\u00f3wnie temu, \u017ceby zaka\u017cona tre\u015b\u0107 dr\u00f3g oddechowych albo krew, je\u015bli pochylamy si\u0119 nad polem operacyjnym, nie trafi\u0142y na \u015bluz\u00f3wk\u0119 oka. Z kolei bawe\u0142niana maseczka czy przy\u0142bica noszone w codziennym \u017cyciu s\u0105 po prostu bez sensu<\/em> \u2013 oceni\u0142 dr Pawe\u0142 Basiukiewicz.<\/p>\r\n<p>Wed\u0142ug danych Instytutu Roberta Schumana, \u201eobowi\u0105zkowe\u201d noszenie masek na zewn\u0105trz pr\u00f3buj\u0105 narzuci\u0107 mieszka\u0144com tylko Polska, W\u0142ochy, Rumunia i S\u0142owacja.<\/p>\r\n<p>\u0179r\u00f3d\u0142o: Radio Maryja<\/p>\r\n<p>RoM<\/p>\r\n<p class=\"zrodlo\">Za: <a href=\"https:\/\/www.pch24.pl\/dr-basiukiewicz--maski-w-pomieszczeniach-watpliwe--na-zewnatrz---bez-sensu,82231,i.html\">PoloniaChristiana &#8211; pch24.pl (2021-02-23)<\/a><\/p>\r\n<h4>&nbsp;<\/h4>\r\n<hr style=\"background-color: #000000; border-width: 0; color: #000000; height: 2px; line-height: 0; text-align: center; width: 100%;\">\r\n<h4>&nbsp;<\/h4>\r\n<blockquote>\r\n<p><strong>KOMENTARZ <em>BIBU\u0141Y<\/em><\/strong>: Nie o maseczkach chcieliby\u015bmy doda\u0107 kilka s\u0142\u00f3w, bo tym nonsensie piszemy od pocz\u0105tku tzw. pandemii. Chodzi o rol\u0119 Radia Maryja w szerzeniu tych bredni, a w\u0142a\u015bnie RM przyczyni\u0142o si\u0119 w wielkim stopniu do propagowania maseczek, przy\u0142bic, r\u0119kawiczek, \u017celu i innych idiotyzm\u00f3w maj\u0105cych s\u0142u\u017cy\u0107 &#8222;walce przeciwo Covid-19&#8221;. A teraz dalej kontunuuje histerie i nak\u0142ania ludzi do wstrzykiwania sobie eksperymentalnego preparatu reklamowanego jako &#8222;szczepionka przeciwko Covid-19&#8221;. Radio Maryja ma du\u017ce powa\u017canie u du\u017cej cz\u0119\u015bci spo\u0142ecze\u0144stwa i z pewno\u015bci\u0105 w znacznym stopniu przyczyni\u0142o si\u0119 do szerzenia paniki, propagowania antymedycznych, antynaukowych szkodliwych tre\u015bci (<em>sic!<\/em>).<\/p>\r\n<p>Mo\u017cna przypuszcza\u0107, \u017ce gdyby ca\u0142a ta &#8222;pandemia&#8221; pojawi\u0142a si\u0119 w czasie rz\u0105d\u00f3w tzw. lewicy czy innego komunistycznego od\u0142amu (SLD, KLD, PO, PSL, PC, UW&#8230;), oraz gdyby &#8211; gdyby! &#8211; nie by\u0142o Radia Maryja, to spo\u0142ecze\u0144stwo polskie nie by\u0142oby tak bardzo og\u0142upione propagand\u0105 koronawirusow\u0105. Tak wi\u0119c, niew\u0105tpliwie rola Radia Maryja by\u0142a &#8211; i jest nadal! &#8211; wybitnie destrukcyjna w tym zakresie.<\/p>\r\n<p>Teraz jednak, gdy temat bezsensowno\u015bci maseczek i innych gad\u017cet\u00f3w staje si\u0119 &#8222;oczywist\u0105 oczywisto\u015bci\u0105&#8221; Radio Maryja pr\u00f3buje wyj\u015b\u0107 z fasonem (&#8222;z przy\u0142bic\u0105&#8221; &#8211; he, he) z tego ca\u0142ego ambarasu i dopuszcza do g\u0142osu osoby w rodzaju dr. Basiukiewicza. Nie zmienia to jednak faktu, \u017ce ostatni rok by\u0142 rokiem czarnej, parszywej propagandy kreowanej przez pa\u0144stwowe telewizje oraz media ojca Tadeusza Rydzyka.<\/p>\r\n<p>Zapis rozmowy dost\u0119pny w archiwum <span style=\"text-decoration: underline;\"><a href=\"https:\/\/www.radiomaryja.pl\/informacje\/tylko-u-nas-dr-p-basiukiewicz-o-zmianie-podejscia-polskiego-rzadu-do-przylbic-i-maseczek-bawelnianych-przez-prawie-rok-wykonywalismy-dziwne-ruchy-jakby-dyktowane-z-ministerstwa-znanego-ze-skeczu-m\/?fbclid=IwAR2NJ\">Radia Maryja<\/a><\/span>.<\/p>\r\n<\/blockquote>\r\n<h4>&nbsp;<\/h4>\r\n<hr style=\"background-color: #000000; border-width: 0; color: #000000; height: 2px; line-height: 0; text-align: center; width: 100%;\">\r\n<h4>&nbsp;<\/h4>\r\n<h2>Przy\u0142bice zakazane, ale nie w Sejmie&#8230; Pos\u0142owie wci\u0105\u017c b\u0119d\u0105 mogli przy\u0142bic u\u017cywa\u0107<\/h2>\r\n<p>W imi\u0119 walki z koronawirusem rz\u0105d po niemal roku przestawia wajch\u0119 w kwestii zas\u0142aniania nosa i ust. Od 27 lutego obowi\u0105zkowa b\u0119dzie wy\u0142\u0105cznie maseczka, cho\u0107\u2026 nie dla wszystkich.<\/p>\r\n<p>Podczas konferencji prasowej ministerstwo zdrowia przekaza\u0142o, \u017ce zakazuje u\u017cywania w sferach publicznych noszenia na twarzy szalik\u00f3w, komin\u00f3w, bandan, chust i przy\u0142bic.<\/p>\r\n<p>Dopuszczone b\u0119d\u0105 wszystkie rodzaje maseczek, a rekomendowane maseczki chirurgiczne.<br>\r\nReklama<\/p>\r\n<p>Na konferencji prasowej g\u0142os w tej sprawie zabra\u0142 pose\u0142 Krzysztof Bosak z Konfederacji. Zdradzi\u0142, \u017ce <strong>pos\u0142owie wci\u0105\u017c b\u0119d\u0105 mogli przy\u0142bic u\u017cywa\u0107<\/strong>.<\/p>\r\n<p>\u2013 <em>Ironia sytuacji, w kt\u00f3rej si\u0119 znajdujemy polega na tym, \u017ce do nas, do pos\u0142\u00f3w dotar\u0142o nowe zarz\u0105dzenie marsza\u0142ek Sejmu. Okazuje si\u0119, \u017ce w Sejmie jak najbardziej przy\u0142bice wci\u0105\u017c obowi\u0105zuj\u0105<\/em> \u2013 m\u00f3wi\u0142 Bosak, wyra\u017anie rozbawiony absurdem ca\u0142ej sytuacji.<\/p>\r\n<p>\u2013 <em>Mamy tutaj dw\u00f3jmy\u015blenie charakterystyczne dla system\u00f3w totalitarnych i dyktatorskich. Tam, gdzie nie prawa, rozs\u0105dku czy prawa naturalnego, tam mamy arbitraln\u0105 uznaniowo\u015b\u0107 w\u0142adzy. A my, jak te trybiki w machinie, musimy by\u0107 tak d\u0142ugo szlifowani, a\u017c b\u0119dziemy prawid\u0142owo pracowa\u0107<\/em> \u2013 ironizowa\u0142 Bosak. [&#8230;]<\/p>\r\n<p class=\"zrodlo\">Ca\u0142o\u015b\u0107: <a href=\"https:\/\/nczas.com\/2021\/02\/24\/ale-numer-przylbice-zakazane-ale-nie-w-sejmie-rozbawiony-bosak-komentuje-zarzadzenie-marszalek-wideo\/\">Najwy\u017cszy Czas! (24 lutego 2021)<\/a> &#8211; [Org. tytu\u0142: \u00abALE NUMER! Przy\u0142bice zakazane, ale nie w Sejmie! Rozbawiony Bosak komentuje zarz\u0105dzenie marsza\u0142ek [WIDEO]\u00bb]<\/p>\r\n<h4>&nbsp;<\/h4>\r\n<hr style=\"background-color: #000000; border-width: 0; color: #000000; height: 2px; line-height: 0; text-align: center; width: 100%;\">\r\n<h4>&nbsp;<\/h4>","protected":false},"excerpt":{"rendered":"\u2013 Nie mam poj\u0119cia, co stoi u podstawy pomys\u0142u, \u017ceby nosi\u0107 jakiekolwiek maseczki w \u017cyciu codziennym, tym bardziej co stoi u podstaw decyzji, \u017ce najpierw mo\u017cna nosi\u0107 przy\u0142bic\u0119, a potem nie wolno. Maseczki noszone w \u017cyciu codziennym np. w sklepach czy biurach s\u0105 w\u0105tpliwym pomys\u0142em, za\u015b na ulicy s\u0105 po prostu bez sensu. Nikt nie [&hellip;]","protected":false},"author":1,"featured_media":0,"comment_status":"closed","ping_status":"closed","sticky":false,"template":"","format":"standard","meta":{"_acf_changed":false,"_monsterinsights_skip_tracking":false,"_monsterinsights_sitenote_active":false,"_monsterinsights_sitenote_note":"","_monsterinsights_sitenote_category":0,"ngg_post_thumbnail":0,"footnotes":"","_wp_rev_ctl_limit":""},"categories":[451],"tags":[433,98,83,20],"acf":[],"_links":{"self":[{"href":"https:\/\/www.bibula.com\/index.php?rest_route=\/wp\/v2\/posts\/123153"}],"collection":[{"href":"https:\/\/www.bibula.com\/index.php?rest_route=\/wp\/v2\/posts"}],"about":[{"href":"https:\/\/www.bibula.com\/index.php?rest_route=\/wp\/v2\/types\/post"}],"author":[{"embeddable":true,"href":"https:\/\/www.bibula.com\/index.php?rest_route=\/wp\/v2\/users\/1"}],"replies":[{"embeddable":true,"href":"https:\/\/www.bibula.com\/index.php?rest_route=%2Fwp%2Fv2%2Fcomments&post=123153"}],"version-history":[{"count":9,"href":"https:\/\/www.bibula.com\/index.php?rest_route=\/wp\/v2\/posts\/123153\/revisions"}],"predecessor-version":[{"id":123185,"href":"https:\/\/www.bibula.com\/index.php?rest_route=\/wp\/v2\/posts\/123153\/revisions\/123185"}],"wp:attachment":[{"href":"https:\/\/www.bibula.com\/index.php?rest_route=%2Fwp%2Fv2%2Fmedia&parent=123153"}],"wp:term":[{"taxonomy":"category","embeddable":true,"href":"https:\/\/www.bibula.com\/index.php?rest_route=%2Fwp%2Fv2%2Fcategories&post=123153"},{"taxonomy":"post_tag","embeddable":true,"href":"https:\/\/www.bibula.com\/index.php?rest_route=%2Fwp%2Fv2%2Ftags&post=123153"}],"curies":[{"name":"wp","href":"https:\/\/api.w.org\/{rel}","templated":true}]}}