{"id":123123,"date":"2021-02-20T15:46:27","date_gmt":"2021-02-20T20:46:27","guid":{"rendered":"https:\/\/www.bibula.com\/?p=123123"},"modified":"2021-02-20T15:46:27","modified_gmt":"2021-02-20T20:46:27","slug":"kard-robert-sarah-przestal-pelnic-urzad-prefekta-kongregacji-jestem-w-rekach-boga","status":"publish","type":"post","link":"https:\/\/www.bibula.com\/?p=123123","title":{"rendered":"Kard. Robert Sarah przesta\u0142 pe\u0142ni\u0107 urz\u0105d prefekta Kongregacji. \u201eJestem w r\u0119kach Boga\u201d"},"content":{"rendered":"<p><strong>W dniu 20 lutego, kard. Robert Sarah przesta\u0142 pe\u0142ni\u0107 urz\u0105d prefekta Kongregacji ds. Kultu Bo\u017cego i Dyscypliny Sakrament\u00f3w. Jego dymisj\u0119 podpisa\u0142 papie\u017c Franciszek. Odej\u015bcie z urz\u0119du jest zwi\u0105zane z uko\u0144czeniem przez hierarch\u0119 wieku 75 lat.<\/strong><\/p>\r\n<p>\u201eOjciec \u015awi\u0119ty przyj\u0105\u0142 rezygnacj\u0119 z urz\u0119du prefekta Kongregacji ds. Kultu Bo\u017cego i Dyscypliny Sakrament\u00f3w z\u0142o\u017con\u0105 przez Jego Eminencj\u0119 Ksi\u0119dza Kardyna\u0142a Roberta Saraha\u201d \u2013 poda\u0142o Biuro Prasowe Stolicy Apostolskiej.&nbsp;Hierarcha pe\u0142ni\u0142 sw\u0105 funkcj\u0119 od 2014 roku. W tym przypadku papie\u017c nie zdecydowa\u0142 si\u0119 wyd\u0142u\u017cy\u0107 czasu pos\u0142ugi kard. Sarah i przyj\u0105\u0142 jego dymisj\u0119 ze wzgl\u0119du na uko\u0144czenie 75 roku \u017cycia.<\/p>\r\n<p>\u201eDzi\u015b papie\u017c zaakceptowa\u0142 rezygnacj\u0119 z urz\u0119du prefekta Kongregacji ds. Kultu Bo\u017cego i Dyscypliny Sakrament\u00f3w, po uko\u0144czeniu 75 roku \u017cycia. Jestem w r\u0119kach Boga. Tylko Chrystus jest ska\u0142\u0105. Wkr\u00f3tce zobaczymy si\u0119 ponownie w Rzymie lub gdzie indziej\u201d \u2013 napisa\u0142 na Twitterze kard. Robert Sarah.<\/p>\r\n<p>Warto przypomnie\u0107, \u017ce by\u0142y ju\u017c prefekt Kongregacji ds. Kultu Bo\u017cego i Dyscypliny Sakrament\u00f3w bardzo troszczy\u0142 si\u0119 o godne sprawowanie Mszy \u015bwi\u0119tej. Wielokrotnie zach\u0119ca\u0142 i zaleca\u0142 odprawianie jej w formie <em>ad orientem<\/em>, a wi\u0119c przodem do Chrytusa, ty\u0142em do wiernych. Purpurat podkre\u015bla\u0142, \u017ce Sob\u00f3r Watyka\u0144ski II wcale nie nakazywa\u0142 odprawiania Mszy \u015bwi\u0119ty <em>versus populum<\/em>, tj. przodem do wiernych.<\/p>\r\n<p>\u2013 W czasie Liturgii S\u0142owa&nbsp;czytaj\u0105cy i s\u0142uchaj\u0105cy powinni by\u0107 zwr\u00f3ceni ku sobie&nbsp;\u2013 m\u00f3wi\u0142 w 2016 roku. \u2013&nbsp;Ale jak tylko osi\u0105gniemy moment od ofiarowania, kiedy kap\u0142an sam zwraca si\u0119 do Boga, jest konieczne, aby celebrans i wierni byli wsp\u00f3lnie zwr\u00f3ceni w kierunku wschodnim. To dok\u0142adnie odpowiada temu, czego chcieli ojcowie soborowi&nbsp;\u2013 podkre\u015bla\u0142 kardyna\u0142.<\/p>\r\n<p>\u2013&nbsp;Jest to zgodne z soborem i ma uzasadnienie w jego pismach i duchu&nbsp;\u2013 stwierdzi\u0142 hierarcha. \u2013&nbsp;Jako prefekt Kongregacji Kultu Bo\u017cego i Dyscypliny Sakrament\u00f3w chcia\u0142bym przypomnie\u0107, \u017ce celebracja <em>versus orientem<\/em>jest usankcjonowana rubrykami, kt\u00f3re wskazuj\u0105 te momenty, kiedy celebrans musi si\u0119 zwr\u00f3ci\u0107 w kierunku ludu. Dlatego nie jest konieczne posiadanie specjalnego pozwolenia na odprawianie Mszy \u015awi\u0119tej w kierunku Pana\u2013 podkre\u015bli\u0142 kardyna\u0142 Sarah.<\/p>\r\n<p><blockquote class=\"twitter-tweet\" data-width=\"550\" data-dnt=\"true\"><p lang=\"en\" dir=\"ltr\">Today, the Pope accepted the resignation of my office as Prefect of the Congregation for Divine Worship after my seventy-fifth birthday. I am in God&#39;s hands. The only rock is Christ. We will meet again very soon in Rome and elsewhere. +RS <a href=\"https:\/\/t.co\/6ywOlLnfDE\">pic.twitter.com\/6ywOlLnfDE<\/a><\/p>&mdash; Cardinal R. Sarah (@Card_R_Sarah) <a href=\"https:\/\/twitter.com\/Card_R_Sarah\/status\/1363086375013220354?ref_src=twsrc%5Etfw\">February 20, 2021<\/a><\/blockquote><script async src=\"https:\/\/platform.twitter.com\/widgets.js\" charset=\"utf-8\"><\/script><\/p>\r\n<p>\u0179r\u00f3d\u0142o: Twitter, catholicherald.co.uk, catholicworldreport.com<\/p>\r\n<p>WMa<\/p>\r\n<blockquote>\r\n<p>[<strong>Wybrane wypowiedzi internaut\u00f3w pod w\/w tekstem na stronie \u017ar\u00f3d\u0142owej:<\/strong>]<\/p>\r\n<p>Boj\u0119 si\u0119 ju\u017c my\u015ble\u0107, kto zajmie miejsce kardyna\u0142a.<br>\r\n<em>&#8230;<\/em><br>\r\n<br>\r\nNo to teraz gaz do dechy w betonow\u0105 scian\u0119.<br>\r\n<em>gosc123<\/em><br>\r\n<br>\r\nW ostatniej ksi\u0105\u017cce kard Sarah na ka\u017cde zdiagnozowane zagro\u017cenie, nadu\u017cycie i kryzys ma na koniec rozdzia\u0142u rad\u0119: nauczanie papie\u017ca Franciszka.<br>\r\n<em>Wojtek<\/em><br>\r\n<br>\r\n&#8222;Odej\u015bcie z urz\u0119du jest zwi\u0105zane z&#8221;. A\u017c chce si\u0119 dopisa\u0107 z czystk\u0105 niewygodnych S\u0142ug Bo\u017cych.<br>\r\n<em>ot co<\/em><br>\r\n<br>\r\n<\/p>\r\n<\/blockquote>\r\n<p class=\"zrodlo\">Za: <a href=\"https:\/\/www.pch24.pl\/kard--robert-sarah-przestal-pelnic-urzad-prefekta-kongregacji--jestem-w-rekach-boga,82169,i.html\">PoloniaChristiana &#8211; pch24.pl (2021-02-20)<\/a><\/p>\r\n<h4>&nbsp;<\/h4>\r\n<hr style=\"background-color: #000000; border-width: 0; color: #000000; height: 2px; line-height: 0; text-align: center; width: 100%;\">\r\n<h4>&nbsp;<\/h4>","protected":false},"excerpt":{"rendered":"W dniu 20 lutego, kard. Robert Sarah przesta\u0142 pe\u0142ni\u0107 urz\u0105d prefekta Kongregacji ds. Kultu Bo\u017cego i Dyscypliny Sakrament\u00f3w. Jego dymisj\u0119 podpisa\u0142 papie\u017c Franciszek. Odej\u015bcie z urz\u0119du jest zwi\u0105zane z uko\u0144czeniem przez hierarch\u0119 wieku 75 lat. \u201eOjciec \u015awi\u0119ty przyj\u0105\u0142 rezygnacj\u0119 z urz\u0119du prefekta Kongregacji ds. Kultu Bo\u017cego i Dyscypliny Sakrament\u00f3w z\u0142o\u017con\u0105 przez Jego Eminencj\u0119 Ksi\u0119dza Kardyna\u0142a [&hellip;]","protected":false},"author":1,"featured_media":0,"comment_status":"closed","ping_status":"closed","sticky":false,"template":"","format":"standard","meta":{"_acf_changed":false,"_monsterinsights_skip_tracking":false,"_monsterinsights_sitenote_active":false,"_monsterinsights_sitenote_note":"","_monsterinsights_sitenote_category":0,"ngg_post_thumbnail":0,"footnotes":"","_wp_rev_ctl_limit":""},"categories":[3],"tags":[301,41,33],"acf":[],"_links":{"self":[{"href":"https:\/\/www.bibula.com\/index.php?rest_route=\/wp\/v2\/posts\/123123"}],"collection":[{"href":"https:\/\/www.bibula.com\/index.php?rest_route=\/wp\/v2\/posts"}],"about":[{"href":"https:\/\/www.bibula.com\/index.php?rest_route=\/wp\/v2\/types\/post"}],"author":[{"embeddable":true,"href":"https:\/\/www.bibula.com\/index.php?rest_route=\/wp\/v2\/users\/1"}],"replies":[{"embeddable":true,"href":"https:\/\/www.bibula.com\/index.php?rest_route=%2Fwp%2Fv2%2Fcomments&post=123123"}],"version-history":[{"count":1,"href":"https:\/\/www.bibula.com\/index.php?rest_route=\/wp\/v2\/posts\/123123\/revisions"}],"predecessor-version":[{"id":123124,"href":"https:\/\/www.bibula.com\/index.php?rest_route=\/wp\/v2\/posts\/123123\/revisions\/123124"}],"wp:attachment":[{"href":"https:\/\/www.bibula.com\/index.php?rest_route=%2Fwp%2Fv2%2Fmedia&parent=123123"}],"wp:term":[{"taxonomy":"category","embeddable":true,"href":"https:\/\/www.bibula.com\/index.php?rest_route=%2Fwp%2Fv2%2Fcategories&post=123123"},{"taxonomy":"post_tag","embeddable":true,"href":"https:\/\/www.bibula.com\/index.php?rest_route=%2Fwp%2Fv2%2Ftags&post=123123"}],"curies":[{"name":"wp","href":"https:\/\/api.w.org\/{rel}","templated":true}]}}