{"id":123114,"date":"2021-02-20T15:46:06","date_gmt":"2021-02-20T20:46:06","guid":{"rendered":"https:\/\/www.bibula.com\/?p=123114"},"modified":"2021-02-20T15:46:20","modified_gmt":"2021-02-20T20:46:20","slug":"w-poznaniu-powstalo-duszpasterstwo-tradycji-lacinskiej-wkrotce-inauguracja","status":"publish","type":"post","link":"https:\/\/www.bibula.com\/?p=123114","title":{"rendered":"W Poznaniu powsta\u0142o duszpasterstwo tradycji \u0142aci\u0144skiej. Wkr\u00f3tce inauguracja"},"content":{"rendered":"<p><strong>W Poznaniu powo\u0142ano Duszpasterstwo Tradycji Katolickiej archidiecezji pozna\u0144skiej, kt\u00f3re b\u0119dzie gromadzi\u0142o wiernych przywi\u0105zanych do Mszy \u015bwi\u0119tej sprawowanej w nadzwyczajnej formie rytu rzymskiego. Duszpasterstwo powstaje w oparciu o dotychczas funkcjonuj\u0105ce Pozna\u0144skie \u015arodowisko Tradycji Katolickiej.<\/strong><\/p>\r\n<p>Msze \u015bw. w nadzwyczajnej formie rytu rzymskiego oraz formacja i obj\u0119cie opiek\u0105 duszpastersk\u0105 os\u00f3b, kt\u00f3re w nich uczestnicz\u0105, b\u0119d\u0105 celami Duszpasterstwa Tradycji Katolickiej w archidiecezji pozna\u0144skiej. \u201eTo wyj\u015bcie naprzeciw potrzeb wiernych przywi\u0105zanych do liturgii sprawowanej wed\u0142ug ksi\u0105g liturgicznych sprzed reformy \u015bw. Paw\u0142a VI\u201d \u2013 m\u00f3wi ks. Wojciech Nowicki.<\/p>\r\n<p>Regularne Msze \u015bw. w nadzwyczajnej formie rytu rzymskiego odprawiane s\u0105 w Poznaniu od 1994 r., kiedy to abp Jerzy Stroba udzieli\u0142 specjalnego indultu <strong>zezwalaj\u0105cego<\/strong> na sprawowanie takiej liturgii.<\/p>\r\n<p>W 2019 r. ks. Andrzej Komorowski, prze\u0142o\u017cony generalny Bractwa Kap\u0142a\u0144skiego \u015bw. Piotra, przewodniczy\u0142 uroczystej liturgii z okazji 25-lecia indultu, kt\u00f3ry da\u0142 pocz\u0105tek wsp\u00f3lnocie wiernych, nazywaj\u0105cych si\u0119 Pozna\u0144skim \u015arodowiskiem Tradycji Katolickiej. \u201eTo w\u0142a\u015bnie to \u015brodowisko zostaje przekszta\u0142cone w duszpasterstwo, kt\u00f3rego zadaniem b\u0119dzie opracowanie statutu i zorganizowanie \u017cycia duszpasterskiego dla katolik\u00f3w przywi\u0105zanych do nadzwyczajnej formy rytu rzymskiego&#8221; \u2013 wyja\u015bnia ks. Wojciech Nowicki, odpowiedzialny za prowadzenie duszpasterstwa.<\/p>\r\n<p>Siedzib\u0105 Duszpasterstwa b\u0119dzie ko\u015bci\u00f3\u0142 pw. Naj\u015bwi\u0119tszego Serca Jezusa i \u015bw. Floriana przy ul. Ko\u015bcielnej 3 w Poznaniu. Tam te\u017c w ka\u017cd\u0105 niedziel\u0119 o godz. 14 b\u0119dzie odprawiana Msza \u015bw. \u015bpiewana. Msze \u015bw. w nadzwyczajnej formie rytu rzymskiego odprawiane b\u0119d\u0105 tak\u017ce w Sanktuarium Naj\u015bwi\u0119tszej Krwi Chrystusa przy ul. \u017bydowskiej i w ko\u015bciele pw. Maryi Kr\u00f3lowej.<\/p>\r\n<p>Inauguracja duszpasterstwa odb\u0119dzie si\u0119 w 1. niedziel\u0119 Wielkiego Postu Msz\u0105 \u015bw. solenn\u0105, podczas kt\u00f3rej kazanie wyg\u0142osi bp Szymon Stu\u0142kowski.<\/p>\r\n<p>\u0179r\u00f3d\u0142o: KAI, tradycjapoznan.pl<\/p>\r\n<p>WMa<\/p>\r\n<blockquote>\r\n<p>[<strong>Wybrane wypowiedzi internaut\u00f3w pod w\/w tekstem na stronie \u017ar\u00f3d\u0142owej:<\/strong>]<\/p>\r\n<p>My\u015bl\u0119, \u017ce powr\u00f3t do Tradycji powinien by\u0107 bardziej konsekwentny, tzn. Msza \u015bw. przed po\u0142udniem, \u017ceby wierni mogli zachowa\u0107 post eucharystyczny, taki jak kiedy\u015b obowi\u0105zywa\u0142.<br>\r\n<em>Zofia<\/em><br>\r\n<br>\r\nZobaczymy co tak naprawd\u0119 kryje si\u0119 pod t\u0105 szlachetn\u0105 inicjatyw\u0105.<br>\r\n<em>Katolik<\/em><br>\r\n<br>\r\nCyt. &#8222;udzieli\u0142 specjalnego indultu zezwalaj\u0105cego na sprawowanie takiej liturgii&#8221; dla Mszy Swietej ktora nigdy nie byla zakazana i na ktora nie potrzeba od niogo zadnych zezwolen, dobre&#8230; chyba tylko ze wzgledu na &#8222;poprawrosc polityczna&#8221; tzw. posoborowia by nie zostala przypadkiem przycmiona i obrazona antropocentryczna poswiata modernistyczno liberalnej okupacji.<br>\r\n<em>x<\/em><\/p>\r\n<\/blockquote>","protected":false},"excerpt":{"rendered":"W Poznaniu powo\u0142ano Duszpasterstwo Tradycji Katolickiej archidiecezji pozna\u0144skiej, kt\u00f3re b\u0119dzie gromadzi\u0142o wiernych przywi\u0105zanych do Mszy \u015bwi\u0119tej sprawowanej w nadzwyczajnej formie rytu rzymskiego. Duszpasterstwo powstaje w oparciu o dotychczas funkcjonuj\u0105ce Pozna\u0144skie \u015arodowisko Tradycji Katolickiej. Msze \u015bw. w nadzwyczajnej formie rytu rzymskiego oraz formacja i obj\u0119cie opiek\u0105 duszpastersk\u0105 os\u00f3b, kt\u00f3re w nich uczestnicz\u0105, b\u0119d\u0105 celami Duszpasterstwa Tradycji [&hellip;]","protected":false},"author":1,"featured_media":0,"comment_status":"closed","ping_status":"closed","sticky":false,"template":"","format":"standard","meta":{"_acf_changed":false,"_monsterinsights_skip_tracking":false,"_monsterinsights_sitenote_active":false,"_monsterinsights_sitenote_note":"","_monsterinsights_sitenote_category":0,"ngg_post_thumbnail":0,"footnotes":"","_wp_rev_ctl_limit":""},"categories":[5],"tags":[350,98,24],"acf":[],"_links":{"self":[{"href":"https:\/\/www.bibula.com\/index.php?rest_route=\/wp\/v2\/posts\/123114"}],"collection":[{"href":"https:\/\/www.bibula.com\/index.php?rest_route=\/wp\/v2\/posts"}],"about":[{"href":"https:\/\/www.bibula.com\/index.php?rest_route=\/wp\/v2\/types\/post"}],"author":[{"embeddable":true,"href":"https:\/\/www.bibula.com\/index.php?rest_route=\/wp\/v2\/users\/1"}],"replies":[{"embeddable":true,"href":"https:\/\/www.bibula.com\/index.php?rest_route=%2Fwp%2Fv2%2Fcomments&post=123114"}],"version-history":[{"count":2,"href":"https:\/\/www.bibula.com\/index.php?rest_route=\/wp\/v2\/posts\/123114\/revisions"}],"predecessor-version":[{"id":123116,"href":"https:\/\/www.bibula.com\/index.php?rest_route=\/wp\/v2\/posts\/123114\/revisions\/123116"}],"wp:attachment":[{"href":"https:\/\/www.bibula.com\/index.php?rest_route=%2Fwp%2Fv2%2Fmedia&parent=123114"}],"wp:term":[{"taxonomy":"category","embeddable":true,"href":"https:\/\/www.bibula.com\/index.php?rest_route=%2Fwp%2Fv2%2Fcategories&post=123114"},{"taxonomy":"post_tag","embeddable":true,"href":"https:\/\/www.bibula.com\/index.php?rest_route=%2Fwp%2Fv2%2Ftags&post=123114"}],"curies":[{"name":"wp","href":"https:\/\/api.w.org\/{rel}","templated":true}]}}