{"id":123058,"date":"2021-02-19T15:16:33","date_gmt":"2021-02-19T20:16:33","guid":{"rendered":"https:\/\/www.bibula.com\/?p=123058"},"modified":"2021-02-19T15:16:33","modified_gmt":"2021-02-19T20:16:33","slug":"maseczkowa-panika-fachowcow-siega-granic-absurdu","status":"publish","type":"post","link":"https:\/\/www.bibula.com\/?p=123058","title":{"rendered":"Maseczkowa panika \u201efachowc\u00f3w\u201d si\u0119ga granic absurdu"},"content":{"rendered":"<p>&#8211; Przy\u0142bice \u2013 nie, chusty \u2013 nie, natomiast maseczki \u2013 tak. Co do rodzaju maseczek, to b\u0119dzie to tylko w formie mi\u0119kkiej rekomendacji Rady Medycznej \u2013 zapowiedzia\u0142 dzisiaj podczas konferencji prasowej minister zdrowia Adam Niedzielski.<\/p>\r\n<p>Je\u017celi chodzi o kwestie zwi\u0105zane z u\u017cywaniem zamiast maseczek \u2013 maseczek tych najprostszych, chirurgicznych albo bardziej zaawansowanych \u2013 przy\u0142bic, szalika, b\u0105d\u017a chusty, to rzeczywi\u015bcie patrz\u0105c na to, co si\u0119 dzieje w tej chwili z pandemi\u0105 i patrz\u0105c na to, \u017ce mamy coraz wi\u0119cej nowych zaka\u017ce\u0144, b\u0119dziemy chcieli wycofa\u0107 mo\u017cliwo\u015b\u0107 zast\u0119powania maseczek takimi surogatami \u2013 powiedzia\u0142 Niedzielski.<\/p>\r\n<p>Doda\u0142 tak\u017ce, \u017ce zamienniki te \u201enie spe\u0142niaj\u0105 kryteri\u00f3w jako\u015bciowych i nie stanowi\u0105 tak skutecznego zabezpieczenia\u201d.<\/p>\r\n<p>Minister zdrowia powiedzia\u0142 r\u00f3wnie\u017c, \u017ce kwestia rodzaju zas\u0142aniania ust jest w trakcie analiz, a zalecenia przygotowa\u0142 prof. Andrzej Horban razem z Rad\u0105 Medyczn\u0105.<\/p>\r\n<p>Tymczasem jak pokazuj\u0105 badania maseczki nie tylko nie chroni\u0105 skutecznie przez zaka\u017ceniem koronawirusem, ale stwarzaj\u0105 niebezpiecze\u0144stwo wielu chor\u00f3b.<\/p>\r\n<p>Jedne z bada\u0144 zosta\u0142y przeprowadzone w Szwajcarii.<\/p>\r\n<p>&#8211; Okazuje si\u0119, \u017ce wi\u0119kszo\u015b\u0107 os\u00f3b doje\u017cd\u017caj\u0105cych do pracy nosi maski przez kilka dni lub nawet tygodni. Wielu pytanych twierdzi, \u017ce nie chce produkowa\u0107 niepotrzebnych odpad\u00f3w. To fatalne zachowanie, poniewa\u017c 11 z 20 testowanych masek zawiera\u0142o ponad 100 tys. kolonii bakterii, a trzy &#8211; ponad 1 mln \u2013 czytamy na portalu infodent24.pl<\/p>\r\n<p>Jak si\u0119 okazuje w maseczkach znaleziono gronkowce (w 14 z 20 przebadanych), ple\u015bnie i dro\u017cd\u017ce (na 15 z 20 testowanych).<\/p>\r\n<p>Jak podaj\u0105 eksperci z BAG (Bundesamt f\u00fcr Gesundheit \u2013 niemiecki Urz\u0105d ds. Zdrowia) bakterie i drobnoustroje wykryte w maseczkach mog\u0105 prowadzi\u0107 do podra\u017cnie\u0144 dr\u00f3g oddechowych i oczu.<\/p>\r\n<p>Ciekawe i bardzo zastanawiaj\u0105ce jest, z jakich bada\u0144 korzystaj\u0105 i z jakimi fachowcami konsultuj\u0105 swoje decyzje nasi rz\u0105dowi \u201eeksperci\u201d?<\/p>\r\n<p>mp\/portal tvp info\/infodent24\/pl\/fronda.pl<\/p>\r\n<p class=\"zrodlo\">Za: <a href=\"https:\/\/www.fronda.pl\/a\/maseczkowa-panika-fachowcow-siega-granic-absurdu,157493.html\">Fronda.pl (19.02.21)<\/a> &#8211; [Org. tytu\u0142: \u00abMaseczkowa panika \u201efachowc\u00f3w\u201d si\u0119ga granic absurdu!\u00bb]<\/p>\r\n<h4>&nbsp;<\/h4>\r\n<hr style=\"background-color: #000000; border-width: 0; color: #000000; height: 2px; line-height: 0; text-align: center; width: 100%;\">\r\n<h4>&nbsp;<\/h4>","protected":false},"excerpt":{"rendered":"&#8211; Przy\u0142bice \u2013 nie, chusty \u2013 nie, natomiast maseczki \u2013 tak. Co do rodzaju maseczek, to b\u0119dzie to tylko w formie mi\u0119kkiej rekomendacji Rady Medycznej \u2013 zapowiedzia\u0142 dzisiaj podczas konferencji prasowej minister zdrowia Adam Niedzielski. Je\u017celi chodzi o kwestie zwi\u0105zane z u\u017cywaniem zamiast maseczek \u2013 maseczek tych najprostszych, chirurgicznych albo bardziej zaawansowanych \u2013 przy\u0142bic, szalika, [&hellip;]","protected":false},"author":1,"featured_media":0,"comment_status":"closed","ping_status":"closed","sticky":false,"template":"","format":"standard","meta":{"_acf_changed":false,"_monsterinsights_skip_tracking":false,"_monsterinsights_sitenote_active":false,"_monsterinsights_sitenote_note":"","_monsterinsights_sitenote_category":0,"ngg_post_thumbnail":0,"footnotes":"","_wp_rev_ctl_limit":""},"categories":[451],"tags":[433,98,20],"acf":[],"_links":{"self":[{"href":"https:\/\/www.bibula.com\/index.php?rest_route=\/wp\/v2\/posts\/123058"}],"collection":[{"href":"https:\/\/www.bibula.com\/index.php?rest_route=\/wp\/v2\/posts"}],"about":[{"href":"https:\/\/www.bibula.com\/index.php?rest_route=\/wp\/v2\/types\/post"}],"author":[{"embeddable":true,"href":"https:\/\/www.bibula.com\/index.php?rest_route=\/wp\/v2\/users\/1"}],"replies":[{"embeddable":true,"href":"https:\/\/www.bibula.com\/index.php?rest_route=%2Fwp%2Fv2%2Fcomments&post=123058"}],"version-history":[{"count":2,"href":"https:\/\/www.bibula.com\/index.php?rest_route=\/wp\/v2\/posts\/123058\/revisions"}],"predecessor-version":[{"id":123060,"href":"https:\/\/www.bibula.com\/index.php?rest_route=\/wp\/v2\/posts\/123058\/revisions\/123060"}],"wp:attachment":[{"href":"https:\/\/www.bibula.com\/index.php?rest_route=%2Fwp%2Fv2%2Fmedia&parent=123058"}],"wp:term":[{"taxonomy":"category","embeddable":true,"href":"https:\/\/www.bibula.com\/index.php?rest_route=%2Fwp%2Fv2%2Fcategories&post=123058"},{"taxonomy":"post_tag","embeddable":true,"href":"https:\/\/www.bibula.com\/index.php?rest_route=%2Fwp%2Fv2%2Ftags&post=123058"}],"curies":[{"name":"wp","href":"https:\/\/api.w.org\/{rel}","templated":true}]}}