{"id":12285,"date":"2009-08-07T09:01:37","date_gmt":"2009-08-07T14:01:37","guid":{"rendered":"http:\/\/www.bibula.com\/?p=12285"},"modified":"2009-08-07T09:01:58","modified_gmt":"2009-08-07T14:01:58","slug":"kampania-nieznanych-sprawcow-%e2%80%93-wywiad-ze-stanislawem-michalkiewiczem","status":"publish","type":"post","link":"https:\/\/www.bibula.com\/?p=12285","title":{"rendered":"Kampania nieznanych sprawc\u00f3w \u2013 <em>wywiad ze Stanis\u0142awem Michalkiewiczem<\/em>"},"content":{"rendered":"<p><strong><em>Czy m\u00f3g\u0142by si\u0119 Pan odnie\u015b\u0107 do sprawy zniszczenia wystawy \u201eWybierz \u017cycie\u201d przez grup\u0119 agresywnych zamaskowanych os\u00f3b w Kostrzynie? <\/em><\/strong><\/p>\r\n\r\n<p>Zniszczenie przez tak zwanych \u201enieznanych sprawc\u00f3w\u201d wystawy \u201eWybierz \u0179ycie\u201d w Kostrzynie, gdzie odbywa\u0142 si\u0119 Owsiakowy festiwal, jest logicznym nast\u0119pstwem nasilaj\u0105cej si\u0119 kampanii antyreligijnej i antyko\u015bcielnej.<\/p>\r\n\r\n<p>Podczas gdy jedni z wysoko\u015bci swoich wie\u017c z ko\u015bci s\u0142oniowej tylko rzucaj\u0105 s\u0142owa pot\u0119pienia \u201ekatolickiego fundamentalizmu\u201d i przestrogi przed rzekomo zagra\u017caj\u0105cym Polsce \u201epa\u0144stwem wyznaniowym\u201d, kt\u00f3re zagra\u017ca wolno\u015bci, bo nie b\u0119dzie mo\u017cna si\u0119 gzi\u0107 i poch\u0142epta\u0107 piwka &#8211; rewolucyjna m\u0142odzie\u017c, podniecona dodatkowo alkoholem i prochami wyci\u0105ga wnioski i dzia\u0142a. Obawiam si\u0119, \u017ce policja sprawc\u00f3w nie wykryje i to nie tylko dlatego, \u017ce w zasadzie ju\u017c nie interesuje si\u0119 zwalczaniem przest\u0119pstw, tylko kr\u0119ceniem lod\u00f3w &#8211; ale przede wszystkim dlatego, \u017ce wie, i\u017c w\u0142adze pa\u0144stwowe sobie tego nie \u017cycz\u0105. Nietrudno si\u0119 tego domy\u015bli\u0107 cho\u0107by z tonu, jakim kontrolowane przez tajne s\u0142u\u017cby media odnotowa\u0142y akty podlizywania si\u0119 rewolucyjnej m\u0142odzie\u017cy przez Tadeusza Mazowieckiego, czy Lecha Wa\u0142\u0119s\u0119 &#8211; a poprzednio &#8211; nawet arcybiskupa lubelskiego JE J\u00f3zefa \u0179yci\u0144skiego.<\/p>\r\n\r\n<p><strong><em>Jaki sens wed\u0142ug Pana ma wystawa \u201eWybierz \u017cycie\u201d, kt\u00f3ra dotychczas by\u0142a prezentowana w r\u00f3\u017cnych miastach?<\/em><\/strong><\/p>\r\n\r\n<p>Wystawa ta, kt\u00f3rej wprawdzie nie widzia\u0142em, ale z tytu\u0142u domy\u015blam si\u0119, \u017ce skierowana jest przeciwko zabijaniu ludzi bardzo ma\u0142ych lub bardzo chorych, czyli przeciwko aborcji i eutanazji. Po pierwsze &#8211; daje ona \u015bwiadectwo katolickiemu przywi\u0105zaniu do przykaza\u0144 Bo\u017cych.\u00a0 Po drugie &#8211; stanowi przestrog\u0119 przed burzeniem chrze\u015bcija\u0144skich fundament\u00f3w etycznych systemu prawnego i opieranie go na lotnym piasku masowych nastroj\u00f3w, czyli zasadzie demokratycznej: \u201eim wi\u0119ksza Liczba, tym s\u0142uszniejsza Racja\u201d. Dotychczas tak si\u0119 sk\u0142ada\u0142o, \u017ce wyznawcy zasady demokratycznej sami padali jej ofiar\u0105. Tak by\u0142o z rosyjskimi ch\u0142opami, kt\u00f3rzy najpierw mordowali ziemian i rabowali dwory &#8211; bo stanowili \u201elud\u201d, a potem, podczas kolektywizacji, konali z g\u0142odu we wsiach otoczonych kordonami wojsk NKWD &#8211; bo \u201eawangarda ludu\u201d tak postanowi\u0142a. Podobnie \u017bydzi, kt\u00f3rzy poprzez swoje o\u015brodki opiniotw\u00f3rcze w Europie nie tylko opowiadali si\u0119 za tzw. \u201epost\u0119pem\u201d, ale stanowili tzw., jego \u201eawangard\u0119\u201d &#8211; a\u017c Adolf Hitler wyci\u0105gn\u0105\u0142 z tego logiczne &#8211; co nie znaczy, \u017ce r\u00f3wnie\u017c uzasadnione moralnie &#8211; wnioski i zgotowa\u0142 im zag\u0142ad\u0119. Te historyczne przyk\u0142ady powinny u\u015bwiadomi\u0107 wszystkim, \u017ce tyrania Wi\u0119kszo\u015bci, podobnie jak tyrania Rozumu, mog\u0105 okaza\u0107 sie nie tylko straszliwe w skutkach, ale przede wszystkim &#8211; niebezpieczne dla ich propagator\u00f3w i militant\u00f3w. Oni ju\u017c wprawdzie nie b\u0119d\u0105 bardzo mali, ale mog\u0105 by\u0107 bardzo chorzy &#8211; i na to w\u0142a\u015bnie zwraca uwag\u0119 ta wystawa.<\/p>\r\n\r\n<p><strong><em>Jakie konsekwencje powinny spotka\u0107 niszczycieli wystawy?<\/em><\/strong><\/p>\r\n\r\n<p>Niszczycieli wystawy powinna spotka\u0107 kara zgodna z prawem, tzn. przewidziana za niszczenie cudzego mienia. Natomiast surowo\u015b\u0107 kary w odniesieniu do poszczeg\u00f3lnych sprawc\u00f3w powinna by\u0107 uzale\u017cniona od ich pobudek, kt\u00f3rych w tej chwili nie znamy i nie wiadomo, czy kiedykolwiek je poznamy, bo sprawcy ci &#8211; jak sadz\u0119 &#8211; pozostan\u0105 ju\u017c na zawsze\u00a0 nieznani.<\/p>\r\n\r\n<p><strong><em>Redaktor: Joanna Kuczy\u0144ska<\/em><\/strong><\/p>\r\n\r\n<p><span><br \/>\r\n <\/span><\/p>","protected":false},"excerpt":{"rendered":"Czy m\u00f3g\u0142by si\u0119 Pan odnie\u015b\u0107 do sprawy zniszczenia wystawy \u201eWybierz \u017cycie\u201d przez grup\u0119 agresywnych zamaskowanych os\u00f3b w Kostrzynie? Zniszczenie przez tak zwanych \u201enieznanych sprawc\u00f3w\u201d wystawy \u201eWybierz \u0179ycie\u201d w Kostrzynie, gdzie odbywa\u0142 si\u0119 Owsiakowy festiwal, jest logicznym nast\u0119pstwem nasilaj\u0105cej si\u0119 kampanii antyreligijnej i antyko\u015bcielnej. Podczas gdy jedni z wysoko\u015bci swoich wie\u017c z ko\u015bci s\u0142oniowej tylko rzucaj\u0105 [&hellip;]","protected":false},"author":1,"featured_media":0,"comment_status":"closed","ping_status":"closed","sticky":false,"template":"","format":"standard","meta":{"_acf_changed":false,"_monsterinsights_skip_tracking":false,"_monsterinsights_sitenote_active":false,"_monsterinsights_sitenote_note":"","_monsterinsights_sitenote_category":0,"ngg_post_thumbnail":0,"footnotes":"","_wp_rev_ctl_limit":""},"categories":[9],"tags":[94,100,98,34],"acf":[],"_links":{"self":[{"href":"https:\/\/www.bibula.com\/index.php?rest_route=\/wp\/v2\/posts\/12285"}],"collection":[{"href":"https:\/\/www.bibula.com\/index.php?rest_route=\/wp\/v2\/posts"}],"about":[{"href":"https:\/\/www.bibula.com\/index.php?rest_route=\/wp\/v2\/types\/post"}],"author":[{"embeddable":true,"href":"https:\/\/www.bibula.com\/index.php?rest_route=\/wp\/v2\/users\/1"}],"replies":[{"embeddable":true,"href":"https:\/\/www.bibula.com\/index.php?rest_route=%2Fwp%2Fv2%2Fcomments&post=12285"}],"version-history":[{"count":0,"href":"https:\/\/www.bibula.com\/index.php?rest_route=\/wp\/v2\/posts\/12285\/revisions"}],"wp:attachment":[{"href":"https:\/\/www.bibula.com\/index.php?rest_route=%2Fwp%2Fv2%2Fmedia&parent=12285"}],"wp:term":[{"taxonomy":"category","embeddable":true,"href":"https:\/\/www.bibula.com\/index.php?rest_route=%2Fwp%2Fv2%2Fcategories&post=12285"},{"taxonomy":"post_tag","embeddable":true,"href":"https:\/\/www.bibula.com\/index.php?rest_route=%2Fwp%2Fv2%2Ftags&post=12285"}],"curies":[{"name":"wp","href":"https:\/\/api.w.org\/{rel}","templated":true}]}}