{"id":122827,"date":"2021-02-11T11:57:31","date_gmt":"2021-02-11T16:57:31","guid":{"rendered":"https:\/\/www.bibula.com\/?p=122827"},"modified":"2021-02-11T11:58:07","modified_gmt":"2021-02-11T16:58:07","slug":"elon-musk-sie-nie-zaszczepi-i-krytykuje-lockdowny-nie-jestem-zagrozony-ludzie-stali-sie-irracjonalni","status":"publish","type":"post","link":"https:\/\/www.bibula.com\/?p=122827","title":{"rendered":"Elon Musk si\u0119 nie zaszczepi i krytykuje lockdowny. \u201eNie jestem zagro\u017cony. Ludzie stali si\u0119 irracjonalni\u201d"},"content":{"rendered":"<p><strong>Miliarder i wynalazca, w\u0142a\u015bciciel m.in. Tesli, Elon Musk, oznajmi\u0142, i\u017c nie przyjmie szczepionki na Covid-19. Musk stwierdzi\u0142, \u017ce \u201eludzie stali si\u0119 irracjonalni\u201d.<\/strong><\/p>\r\n<h4>Elon Musk krytykuje lockdowny<\/h4>\r\n<p>49-letni miliarder stwierdzi\u0142, \u017ce lockdowny by\u0142y b\u0142\u0119dem. Jego fabryki samochod\u00f3w pracowa\u0142y w czasie pandemii normalnie.<\/p>\r\n<p><em>\u2013 Przez ca\u0142y ten czas produkowali\u015bmy samochody i by\u0142o \u015bwietnie \u2013<\/em> stwierdzi\u0142.<\/p>\r\n<p>Wed\u0142ug Muska kwarantannie powinno si\u0119 poddawa\u0107 jedynie osoby zagro\u017cone.<\/p>\r\n<h4>Musk si\u0119 nie zaszczepi. \u201eLudzie stali si\u0119 irracjonalni\u201d<\/h4>\r\n<p><em>\u2013 Mam na my\u015bli to, \u017ce jest to gor\u0105cy temat, w kt\u00f3rym racjonalno\u015b\u0107 schodzi na drugi plan. W og\u00f3lnym rozrachunku mamy co\u015b, co ma bardzo nisk\u0105 \u015bmiertelno\u015b\u0107 i du\u017c\u0105 zara\u017aliwo\u015b\u0107 \u2013<\/em> m\u00f3wi\u0142 miliarder.<\/p>\r\n<p>\u2013 Zasadniczo s\u0142uszn\u0105 rzecz\u0105 by\u0142oby nie blokowanie ca\u0142ego kraju, ale poddanie kwarantannie ka\u017cdego, kto jest zagro\u017cony, do czasu przej\u015bcia zagro\u017cenia \u2013 doda\u0142.<\/p>\r\n<p>Koronapanika zszokowa\u0142a Muska.<strong><em> \u2013 To os\u0142abi\u0142o moj\u0105 wiar\u0119 w ludzko\u015b\u0107, ca\u0142a ta\u2026 irracjonalno\u015b\u0107 ludzi w og\u00f3le \u2013<\/em> powiedzia\u0142.<\/strong><\/p>\r\n<p>Miliarder zosta\u0142 <strong>zapytany, czy zamierza zaszczepi\u0107 si\u0119 na Covid-19.<\/strong><\/p>\r\n<p><strong><em>\u2013 Nie, nie grozi mi COVID. Moim dzieciom te\u017c nie \u2013<\/em> odpowiedzia\u0142.<\/strong><\/p>\r\n<p>\u0179r\u00f3d\u0142o: Daily Mail, NY Times<\/p>","protected":false},"excerpt":{"rendered":"Miliarder i wynalazca, w\u0142a\u015bciciel m.in. Tesli, Elon Musk, oznajmi\u0142, i\u017c nie przyjmie szczepionki na Covid-19. Musk stwierdzi\u0142, \u017ce \u201eludzie stali si\u0119 irracjonalni\u201d. Elon Musk krytykuje lockdowny 49-letni miliarder stwierdzi\u0142, \u017ce lockdowny by\u0142y b\u0142\u0119dem. Jego fabryki samochod\u00f3w pracowa\u0142y w czasie pandemii normalnie. \u2013 Przez ca\u0142y ten czas produkowali\u015bmy samochody i by\u0142o \u015bwietnie \u2013 stwierdzi\u0142. Wed\u0142ug Muska [&hellip;]","protected":false},"author":1,"featured_media":0,"comment_status":"closed","ping_status":"closed","sticky":false,"template":"","format":"standard","meta":{"_acf_changed":false,"_monsterinsights_skip_tracking":false,"_monsterinsights_sitenote_active":false,"_monsterinsights_sitenote_note":"","_monsterinsights_sitenote_category":0,"ngg_post_thumbnail":0,"footnotes":"","_wp_rev_ctl_limit":""},"categories":[451],"tags":[433,20,221,452],"acf":[],"_links":{"self":[{"href":"https:\/\/www.bibula.com\/index.php?rest_route=\/wp\/v2\/posts\/122827"}],"collection":[{"href":"https:\/\/www.bibula.com\/index.php?rest_route=\/wp\/v2\/posts"}],"about":[{"href":"https:\/\/www.bibula.com\/index.php?rest_route=\/wp\/v2\/types\/post"}],"author":[{"embeddable":true,"href":"https:\/\/www.bibula.com\/index.php?rest_route=\/wp\/v2\/users\/1"}],"replies":[{"embeddable":true,"href":"https:\/\/www.bibula.com\/index.php?rest_route=%2Fwp%2Fv2%2Fcomments&post=122827"}],"version-history":[{"count":2,"href":"https:\/\/www.bibula.com\/index.php?rest_route=\/wp\/v2\/posts\/122827\/revisions"}],"predecessor-version":[{"id":122829,"href":"https:\/\/www.bibula.com\/index.php?rest_route=\/wp\/v2\/posts\/122827\/revisions\/122829"}],"wp:attachment":[{"href":"https:\/\/www.bibula.com\/index.php?rest_route=%2Fwp%2Fv2%2Fmedia&parent=122827"}],"wp:term":[{"taxonomy":"category","embeddable":true,"href":"https:\/\/www.bibula.com\/index.php?rest_route=%2Fwp%2Fv2%2Fcategories&post=122827"},{"taxonomy":"post_tag","embeddable":true,"href":"https:\/\/www.bibula.com\/index.php?rest_route=%2Fwp%2Fv2%2Ftags&post=122827"}],"curies":[{"name":"wp","href":"https:\/\/api.w.org\/{rel}","templated":true}]}}