{"id":122622,"date":"2021-02-01T16:52:40","date_gmt":"2021-02-01T21:52:40","guid":{"rendered":"https:\/\/www.bibula.com\/?p=122622"},"modified":"2021-02-01T16:52:40","modified_gmt":"2021-02-01T21:52:40","slug":"zmarla-czwarta-osoba-w-polsce-po-podaniu-szczepionki-na-covid-19","status":"publish","type":"post","link":"https:\/\/www.bibula.com\/?p=122622","title":{"rendered":"Zmar\u0142a czwarta osoba w Polsce po podaniu szczepionki na Covid-19"},"content":{"rendered":"<p><strong>Jak powiedzia\u0142 w poniedzia\u0142ek wojewoda \u015bl\u0105ski Jaros\u0142aw Wieczorek podczas konferencji prasowej w Katowicach, zmar\u0142a kobieta, kt\u00f3ra przyj\u0119\u0142a szczepionk\u0119 przeciw COVID-19 w punkcie szczepie\u0144 w Mys\u0142owicach. Doda\u0142, \u017ce by\u0142a to osoba starsza i schorowana.<\/strong><\/p>\r\n<p>W raporcie o niepo\u017c\u0105danych odczynach poszczepiennych na stronie gov.pl dowiadujemy si\u0119, \u017ce od 27 stycznia kobieta mia\u0142a gor\u0105czk\u0119 od 38 do 38,4 st. Celsjusza, cierpia\u0142a na biegunk\u0119 i wymioty. U kobiety stwierdzono te\u017c powik\u0142ania w postaci obrz\u0119ku p\u0142uc, podejrzewano r\u00f3wnie\u017c zapalenie p\u0142uc. Chora zmar\u0142a 29 stycznia w wieku 90 lat.<\/p>\r\n<p>&#8211; Jest zdecydowanie za wcze\u015bnie, \u017ceby wyci\u0105ga\u0107 jakiekolwiek wnioski. To osoba starsza, do\u015b\u0107 schorowana, by\u0142bym bardzo ostro\u017cny w ocenie, czy mog\u0142o si\u0119 to szczepienie przyczyni\u0107 do \u015bmierci, czy te\u017c nie. Pami\u0119tajmy, \u017ce procent zaszczepionej populacji jest coraz wy\u017cszy, a \u015bmier\u0107 jest nieod\u0142\u0105cznym elementem \u017cycia. Odpowiednie komisje b\u0119d\u0105 to dog\u0142\u0119bnie weryfikowa\u0107, b\u0119d\u0105 to bada\u0107 \u2013 powiedzia\u0142 wojewoda.<\/p>\r\n<p>W Polsce dotychczas odnotowano trzy zgony, kt\u00f3re mia\u0142y miejsce w nied\u0142ugim czasie po podaniu szczepionki przeciw COVID-19.<\/p>\r\n<p>mp\/pap\/tysol.pl<\/p>","protected":false},"excerpt":{"rendered":"Jak powiedzia\u0142 w poniedzia\u0142ek wojewoda \u015bl\u0105ski Jaros\u0142aw Wieczorek podczas konferencji prasowej w Katowicach, zmar\u0142a kobieta, kt\u00f3ra przyj\u0119\u0142a szczepionk\u0119 przeciw COVID-19 w punkcie szczepie\u0144 w Mys\u0142owicach. Doda\u0142, \u017ce by\u0142a to osoba starsza i schorowana. W raporcie o niepo\u017c\u0105danych odczynach poszczepiennych na stronie gov.pl dowiadujemy si\u0119, \u017ce od 27 stycznia kobieta mia\u0142a gor\u0105czk\u0119 od 38 do 38,4 [&hellip;]","protected":false},"author":1,"featured_media":0,"comment_status":"closed","ping_status":"closed","sticky":false,"template":"","format":"standard","meta":{"_acf_changed":false,"_monsterinsights_skip_tracking":false,"ngg_post_thumbnail":0,"footnotes":"","_wp_rev_ctl_limit":""},"categories":[8],"tags":[433,105,98,20],"acf":[],"_links":{"self":[{"href":"https:\/\/www.bibula.com\/index.php?rest_route=\/wp\/v2\/posts\/122622"}],"collection":[{"href":"https:\/\/www.bibula.com\/index.php?rest_route=\/wp\/v2\/posts"}],"about":[{"href":"https:\/\/www.bibula.com\/index.php?rest_route=\/wp\/v2\/types\/post"}],"author":[{"embeddable":true,"href":"https:\/\/www.bibula.com\/index.php?rest_route=\/wp\/v2\/users\/1"}],"replies":[{"embeddable":true,"href":"https:\/\/www.bibula.com\/index.php?rest_route=%2Fwp%2Fv2%2Fcomments&post=122622"}],"version-history":[{"count":2,"href":"https:\/\/www.bibula.com\/index.php?rest_route=\/wp\/v2\/posts\/122622\/revisions"}],"predecessor-version":[{"id":122629,"href":"https:\/\/www.bibula.com\/index.php?rest_route=\/wp\/v2\/posts\/122622\/revisions\/122629"}],"wp:attachment":[{"href":"https:\/\/www.bibula.com\/index.php?rest_route=%2Fwp%2Fv2%2Fmedia&parent=122622"}],"wp:term":[{"taxonomy":"category","embeddable":true,"href":"https:\/\/www.bibula.com\/index.php?rest_route=%2Fwp%2Fv2%2Fcategories&post=122622"},{"taxonomy":"post_tag","embeddable":true,"href":"https:\/\/www.bibula.com\/index.php?rest_route=%2Fwp%2Fv2%2Ftags&post=122622"}],"curies":[{"name":"wp","href":"https:\/\/api.w.org\/{rel}","templated":true}]}}