{"id":122594,"date":"2021-01-31T13:04:53","date_gmt":"2021-01-31T18:04:53","guid":{"rendered":"https:\/\/www.bibula.com\/?p=122594"},"modified":"2021-01-31T13:17:01","modified_gmt":"2021-01-31T18:17:01","slug":"zbrodnia-w-koniuchach-komu-przeszkadza-prawda-o-sowiecko-zydowskiej-rzezi-polakow","status":"publish","type":"post","link":"https:\/\/www.bibula.com\/?p=122594","title":{"rendered":"Zbrodnia w Koniuchach. Komu przeszkadza prawda o sowiecko-\u017cydowskiej rzezi Polak\u00f3w?"},"content":{"rendered":"<p><strong><em>Zbrodnia mia\u0142a miejsce w styczniu 1944 roku. \u015aledztwo rozpocz\u0119to w roku 1995. Min\u0119\u0142o wi\u0119c ponad 50 lat. Sprawcy zbrodni w momencie wszcz\u0119cia \u015bledztwa praktycznie nie \u017cyli. Ze wzgl\u0119du na \u015bmier\u0107 ostatnich znanych z imienia i nazwiska zbrodniarzy w maju 2020 roku \u015bledztwo zosta\u0142o umorzone. Polskie przepisy m\u00f3wi\u0105 bowiem wyra\u017anie: je\u017celi sprawca nie \u017cyje, to \u015bledztwo podlega umorzeniu<\/em> &#8211; m\u00f3wi w rozmowie z PCh24.pl prof. Tomasz Panfil (KUL, Biuro Edukacji Narodowej IPN).<\/strong><strong><em>&nbsp;<\/em><\/strong><\/p>\r\n<p><strong><em>Co takiego sta\u0142o si\u0119 pod koniec stycznia 1944 roku w polskiej wsi Koniuchy?<\/em><\/strong><\/p>\r\n<p>M\u00f3wi\u0105c najkr\u00f3cej: dosz\u0142o tam do strasznej masakry Polak\u00f3w dokonanej przez tzw. partyzant\u00f3w radzieckich i \u017cydowskich. Najlepiej wyja\u015bnia to meldunek m\u00f3wi\u0105cy o tym, \u017ce wywo\u0142ani \u201epartyzanci\u201d posiadaj\u0105 odpowiedni\u0105 bro\u0144 i w zwi\u0105zku z tym zamierzaj\u0105 \u201eniszczy\u0107 wsie z uporczyw\u0105 samoobron\u0105\u201d. M\u00f3wi\u0105c wprost: mieszka\u0144cy wsi Koniuchy zostali zamordowani, poniewa\u017c o\u015bmielili si\u0119 broni\u0107 przed komunistycznymi bandytami.<\/p>\r\n<p><strong><em>Dlaczego m\u00f3wi Pan o tak zwanych partyzantach?<\/em><\/strong><\/p>\r\n<p>Poniewa\u017c by\u0142y to oddzia\u0142y z\u0142o\u017cone z okru\u017ce\u0144c\u00f3w, czyli \u017co\u0142nierzy z rozbitych w 1941 roku oddzia\u0142\u00f3w sowieckich, kt\u00f3rzy nie poszli do niewoli tylko ukrywali si\u0119 po lasach. Do nich do\u0142\u0105czali \u017bydzi uciekaj\u0105cy z r\u00f3\u017cnych gett litewskich. Razem stworzyli oni oddzia\u0142y komunistyczno-\u017cydowskie.<\/p>\r\n<p>Siedzieli oni w lasach. W zwi\u0105zku z tym, \u017ce chcieli prze\u017cy\u0107 i si\u0119 jako\u015b utrzyma\u0107 rabowali okoliczn\u0105 ludno\u015b\u0107. Na tym w\u0142a\u015bnie polega\u0142a ich ca\u0142a dzia\u0142alno\u015b\u0107 partyzancka, dlatego m\u00f3wi\u0119, \u017ce to tak zwani partyzanci.<\/p>\r\n<p>Niestety oddzia\u0142y, o kt\u00f3rych m\u00f3wimy uros\u0142y w si\u0142\u0119 i w pewnym momencie zosta\u0142y uj\u0119te w r\u00f3\u017cne schematy organizacyjne. Sta\u0142o si\u0119 tak na skutek \u201eemisariuszy\u201d z Armii Czerwonej, kt\u00f3rzy mocno przyczynili si\u0119 do przekszta\u0142cenia tych band w nowe bandy, nazywane dla niepoznaki partyzantami. To ich r\u0119kami Sowieci chcieli opanowa\u0107 tereny z dzisiejszego pogranicza Litwy i Bia\u0142orusi.<\/p>\r\n<p><strong><em>Dlaczego m\u00f3wi Pan o opanowaniu terenu?<\/em><\/strong><\/p>\r\n<p>Sytuacja w\u00f3wczas wygl\u0105da\u0142a w spos\u00f3b nast\u0119puj\u0105cy. Niemcy nie panowali nad tym terenem. Siedzieli w miasteczkach powiatowych i wysy\u0142ali grupy zaopatrzeniowe po to, \u017ceby \u015bci\u0105ga\u0107 kontyngenty. W terenie panowa\u0142y za\u015b ukrywaj\u0105ce si\u0119 po lasach bandy sowiecko-\u017cydowskie, kt\u00f3re rabuj\u0105 okoliczn\u0105 ludno\u015b\u0107.<\/p>\r\n<p>I tutaj dochodzimy do meritum. Starcie mi\u0119dzy czerwonymi bandytami, a Niemcami polega na tym, \u017ce jak ci drudzy przyje\u017cd\u017caj\u0105 wybra\u0107 kontyngent, to polscy ch\u0142opi odpowiadaj\u0105: \u201eNic nie mamy, bo napadli nas bandyci i obrabowali z wszystkiego\u201d. S\u0142ysz\u0105c to Niemcy przekazali polskim wioskom troch\u0119 broni i amunicji, i powiedzieli: \u201eNo to si\u0119 bro\u0144cie po to, \u017ceby\u015bcie mogli nam odda\u0107 to, co nasze, a nie, \u017ceby zosta\u0142o wam to zabrane przez zb\u00f3j\u00f3w z lasu\u201d.<\/p>\r\n<p>No i faktycznie w tych wioskach na Wile\u0144szczy\u017anie i na ziemiach bia\u0142oruskich zaczynaj\u0105 powstawa\u0107 oddzia\u0142y samoobrony.<\/p>\r\n<p><strong><em>Jak zareagowa\u0142y na to sowiecko-\u017cydowskie bandy?<\/em><\/strong><\/p>\r\n<p>Mieszka\u0144cy polskich wiosek maj\u0105c kilka karabin\u00f3w od Niemc\u00f3w pr\u00f3bowa\u0142y odstraszy\u0107 czerwonych z\u0142odziei i bandyt\u00f3w strzelaj\u0105c do nich. Czerwoni pocz\u0105tkowo uciekali, poniewa\u017c potrafili by\u0107 mocni tylko wobec bezbronnych, nieuzbrojonych ch\u0142op\u00f3w, a jakiejkolwiek walki po prostu si\u0119 bali.<\/p>\r\n<p>Niestety po jakim\u015b czasie le\u015bni bandyci zacz\u0119li dostawa\u0107 zaopatrzenie ze strony Armii Czerwonej i centrali w Moskwie przez co polepszy\u0142 si\u0119 ich stan uzbrojenia. Wtedy w\u0142a\u015bnie napisali ca\u0142y szereg meldunk\u00f3w, w kt\u00f3rych podkre\u015blali, \u017ce dzi\u0119ki odpowiedniemu wyposa\u017ceniu mog\u0105 w ko\u0144cu zrobi\u0107 porz\u0105dek z ca\u0142\u0105 polsk\u0105 samoobron\u0105.<\/p>\r\n<p>Prosz\u0119 pami\u0119ta\u0107, \u017ce Koniuchy nie by\u0142y jedynym przypadkiem takiej masakry. Przez nast\u0119pne miesi\u0105ce sowiecko-\u017cydowskie bandy spali\u0142y kolejne wioski.<\/p>\r\n<p><strong><em>Ale za co?! Po co?! Dlaczego?!<\/em><\/strong><\/p>\r\n<div class=\"donateInfoBox wpch-box\">\r\n<p>Tak jak ju\u017c powiedzia\u0142em: bo si\u0119 bronili przed komunistycznymi bandytami! Jedyn\u0105 win\u0105 mieszka\u0144c\u00f3w Koniuch i innych wiosek by\u0142o to, \u017ce nie pozwalali kra\u015b\u0107 swojego maj\u0105tku i \u017cywno\u015bci.<\/p>\r\n<p>Jest jeszcze jeden aspekt. W swoich meldunkach \u017cydowsko-komunistyczni bandyci pisali, \u017ce likwiduj\u0105 \u201ekontrrewolucyjne gniazda bandyckie\u201d, jak nazywano polskie wioski. To by\u0142 drugi pow\u00f3d do przeprowadzenia masakry.<\/p>\r\n<p>Koniuchy mia\u0142y by\u0107 lekcj\u0105 dla innych wiosek, aby nie broni\u0142y si\u0119 przed rabunkiem, a lekcja ta polega\u0142a na wymordowaniu wszystkich \u0142\u0105cznie z kobietami i dzie\u0107mi, a nawet byd\u0142em i spaleniu ca\u0142ej wioski. W ten spos\u00f3b chcieli przestraszy\u0107 wszystkich innych.<\/p>\r\n<p>Tym w\u0142a\u015bnie jest zbrodnia w Koniuchach &#8211; bandyckim, zbrodniczym ludob\u00f3jstwem bez powodu wy\u0142\u0105cznie po to, \u017ceby wprowadzi\u0107 czerwony terror.<\/p>\r\n<p><strong><em>Dlaczego co najwy\u017cej 0,5 proc. Polak\u00f3w wie o zbrodni w Koniuchach?<\/em><\/strong><\/p>\r\n<p>Odpowiem pytaniem: a dlaczego dowodz\u0105cy akcj\u0105 rzezi w Koniuchach Genrikas Zimanas, kt\u00f3ry naprawd\u0119 nazywa\u0142 si\u0119 <strong>Henoch Ziman<\/strong>, zosta\u0142 odznaczony orderem Virtuti Militari?<\/p>\r\n<p><strong><em>&#8230;<\/em><\/strong><\/p>\r\n<p>No w\u0142a\u015bnie&#8230;<\/p>\r\n<p><strong><em>Kiedy spraw\u0105 zbrodni w Koniuchach zainteresowa\u0142 si\u0119 IPN? Kiedy rozpocz\u0119\u0142o si\u0119 \u015bledztwo?<\/em><\/strong><\/p>\r\n<p>\u015aledztwo rozpocz\u0119\u0142o si\u0119 za spraw\u0105 G\u0142\u00f3wnej Komisji \u015acigania Zbrodni Przeciwko Narodowi Polskiemu w 1995 roku.<\/p>\r\n<p><strong><em>Co ustalono?<\/em><\/strong><\/p>\r\n<p>Wiemy wszystko. Kto kierowa\u0142, kto uczestniczy\u0142, kogo i w jaki spos\u00f3b zamordowano.<\/p>\r\n<p><strong><em>Dlaczego nie uda\u0142o si\u0119 poci\u0105gn\u0105\u0107 do odpowiedzialno\u015bci \u017cadnego z oprawc\u00f3w Polak\u00f3w zamordowanych w Koniuchach?<\/em><\/strong><\/p>\r\n<p>Zbrodnia mia\u0142a miejsce w styczniu 1944 roku. \u015aledztwo rozpocz\u0119to w roku 1995. Min\u0119\u0142o wi\u0119c ponad 50 lat. Sprawcy zbrodni w momencie wszcz\u0119cia \u015bledztwa praktycznie nie \u017cyli. Ze wzgl\u0119du na \u015bmier\u0107 ostatnich znanych z imienia i nazwiska zbrodniarzy w maju 2020 roku \u015bledztwo zosta\u0142o umorzone.<\/p>\r\n<p>Polskie przepisy m\u00f3wi\u0105 bowiem wyra\u017anie: je\u017celi sprawca nie \u017cyje, to \u015bledztwo podlega umorzeniu.<\/p>\r\n<p>Konkretne decyzje o ataku na Koniuchy zapad\u0142y w jednym z podwile\u0144skich las\u00f3w. Nikt z Moskwy b\u0105d\u017a innej twierdzy komunizmu nie rozkaza\u0142 sowiecko-\u017cydowskim bandytom wymordowania Polak\u00f3w. To by\u0142a ich spontaniczna decyzja, z kt\u00f3rej bardzo si\u0119 cieszyli. Nie by\u0142o \u017cadnego rozkazu z g\u00f3ry typu \u201eSpalcie Koniuchy\u201d. Bandyci zdecydowali o tym samodzielnie, o czym wprawdzie poinformowali \u201eg\u00f3r\u0119\u201d, kt\u00f3ra nic sobie nie zrobi\u0142a z tej zbrodni. Morderstwo by\u0142o, jest i b\u0119dzie wpisane w ide\u0119 krzewienia komunizmu.<\/p>\r\n<p><strong><em>I nic nie da si\u0119 zrobi\u0107?<\/em><\/strong><\/p>\r\n<p>Panie redaktorze! Henoch Ziman zmar\u0142 w 1985 roku &#8211; 10 lat przed rozpocz\u0119ciem \u015bledztwa&#8230;<\/p>\r\n<p><strong><em>Zak\u0142adam, \u017ce za swoje zas\u0142ugi \u017cy\u0142 w totalnym, jak na komunistyczne warunki dostatku.<\/em><\/strong><\/p>\r\n<p>Oczywi\u015bcie. Pe\u0142ni\u0142 on mn\u00f3stwo kierowniczych stanowisk w komunistycznej Litwie, wi\u0119c krzywda mu si\u0119 nie sta\u0142a, a r\u0119ka sprawiedliwo\u015bci nie mog\u0142a go dosi\u0119gn\u0105\u0107&#8230;<\/p>\r\n<p><strong><em>Ile polskich wiosek zosta\u0142o zniszczonych w czasie II wojny \u015bwiatowej?<\/em><\/strong><\/p>\r\n<p>Odpowied\u017a na to pytanie stanowi ogromny problem dla historyk\u00f3w. Niemcy zniszczyli 817 wiosek w obecnych granicach Polski. To wiemy na pewno. Nie wiemy jednak, ile polskich wiosek zosta\u0142o przez nich zniszczonych na terytorium II RP.<\/p>\r\n<p>Orientacyjnie mo\u017cemy powiedzie\u0107, \u017ce w 1944 roku Ukrai\u0144cy zniszczyli oko\u0142o 2 000 polskich wiosek.<\/p>\r\n<p>Do tego nale\u017cy doliczy\u0107 polskie wioski zniszczone przez Sowiet\u00f3w i przez komunistyczno-\u017cydowskie bandy udaj\u0105ce partyzant\u00f3w.<\/p>\r\n<p>Dodajmy do tego jeszcze wioski spalone po zako\u0144czeniu wojny przez UB, takich jak W\u0105wolnica ko\u0142o Pu\u0142aw w dniu 2 maja 1946 roku.<\/p>\r\n<p>Ile polskich wiosek w zwi\u0105zku z tym zniszczono? Tysi\u0105ce. Ile konkretnie, tego chyba nigdy si\u0119 nie dowiemy&#8230;<\/p>\r\n<p><strong><em>B\u00f3g zap\u0142a\u0107 za rozmow\u0119.<\/em><\/strong><\/p>\r\n<p>Tomasz D. Kolanek<\/p>\r\n<p class=\"zrodlo\">Za: <a href=\"https:\/\/www.pch24.pl\/zbrodnia-w-koniuchach--komu-przeszkadza-prawda-o-sowiecko-zydowskiej-rzezi-polakow-,81707,i.html\">PoloniaChristiana &#8211; pch24.pl (2021-01-31)<\/a><\/p>\r\n<\/div>\r\n<h4>&nbsp;<\/h4>\r\n<hr style=\"background-color: #000000; border-width: 0; color: #000000; height: 2px; line-height: 0; text-align: center; width: 100%;\">\r\n<h4>&nbsp;<\/h4>\r\n<h2>Wniosek o pozbawienie Orderu Virtuti Militari mordercy Honochowi Zimanowi (Genrikas Zimanas)<\/h2>\r\n<p>Siedlce, dnia 7.02.2014 r.<\/p>\r\n<p>Pan Bronis\u0142aw<br>\r\nKomorowski Prezydent Rzeczypospolitej Polskiej.<br>\r\n<br>\r\nOg\u00f3lnopolskie Stowarzyszenie Internowanych i Represjonowanych zwraca si\u0119 z wnioskiem do Pana Prezydenta o pozbawienie Orderu Virtuti Militari i wszystkich innych order\u00f3w i odznacze\u0144 przyznanych przez PRL mordercy Henochowi Zimanowi (Genrikas Zimanas).<\/p>\r\n<p>Wymieniony osobnik dowodz\u0105c 120-150 osobow\u0105 \u201epartyzantk\u0105\u201d w spos\u00f3b zaplanowany i zorganizowany dokona\u0142 w dniu 29 stycznia 1944 r. straszliwego mordu we wsi Koniuchy na Wile\u0144szczy\u017anie. W spos\u00f3b sadystyczny wymordowa\u0142 mieszka\u0144c\u00f3w wioski w tym dzieci, kobiety i starc\u00f3w, pal\u0105c \u017cywcem domownik\u00f3w lub pozbawiaj\u0105c ich \u017cycia morduj\u0105c w sadystyczny i okrutny spos\u00f3b. W za\u0142\u0105czeniu przesy\u0142amy kserokopi\u0119 zdj\u0119cie, w jaki spos\u00f3b \u201ewyzwoliciele\u201d post\u0119powali z ludno\u015bci\u0105 cywiln\u0105.<\/p>\r\n<p>Napady i rabunki na wsie \u201epartyzant\u00f3w\u201d pod dow\u00f3dztwem Henocha Zimana (Genrikas Zimanas) mia\u0142y miejsce jeszcze przed dniem 29.01.1944 r.<\/p>\r\n<p>Obszerne uzasadnienie naszego wniosku znajduje si\u0119 na \u0142amach Naszego Dzienniku nr 23 z dnia 29.01.2014 r. oraz na stronach internetowych:<br>\r\n<a href=\"http:\/\/www.naszawitryna.pl\/jedwabne_1066.html\">http:\/\/www.naszawitryna.pl\/jedwabne_1066.html<\/a><br>\r\n<a href=\"http:\/\/en.wikipedia.org\/wiki\/Koniuchy_massacre\">http:\/\/en.wikipedia.org\/wiki\/Koniuchy_massacre<\/a><br>\r\n<a href=\"http:\/\/www.naszdziennik.pl\/wp-archiwum?data=2014-01-29\">http:\/\/www.naszdziennik.pl\/wp-archiwum?data=2014-01-29<\/a><br>\r\noraz w tygodniku \u201eDo rzeczy\u201d nr 41\/041 z 4-11 listopada 2013 r.<\/p>\r\n<p>Order Henochowi Zimanowi (Genrikas Zimanas) zosta\u0142 przyznany na podstawie fa\u0142szywego uzasadnienia wniosku.<\/p>\r\n<p>W 1995 roku Kapitu\u0142a Orderu Virtuti Militari wyja\u015bni\u0142a kwestie legalno\u015bci nada\u0144 tego odznaczenia w okresie PRL. W specjalnym dokumencie Kapitu\u0142a oznajmi\u0142a m.in: [&#8230;] \u201estwierdzamy g\u0142o\u015bno i dobitnie, \u017ce praktyka nada\u0144 przez w\u0142adze Polski Ludowej Order\u00f3w Virtuti Militari, zw\u0142aszcza najwy\u017cszych klas nadanych w bezprecedensowej liczbie przedstawicielom obcego mocarstwa, to obraza honoru polskiego \u017co\u0142nierza[\u2026].<\/p>\r\n<p>Wnosimy o pozbawienie ww. zbrodniarza Orderu Virtuti Militari jak i wszystkich innych<br>\r\nprzyznanych mu order\u00f3w i odznacze\u0144.<\/p>\r\n<p><br>\r\nPoni\u017cszy link pokazuje mordy Polak\u00f3w w Sowietach:<br>\r\n<a href=\"http:\/\/treningantystresowy.pl\/Igor\/Cmentarz.ppt\">http:\/\/treningantystresowy.pl\/Igor\/Cmentarz.ppt<\/a><\/p>\r\n<p>Za: <a href=\"https:\/\/internowani-represjonowani.pl.tl\/Mord-Polak%F3w-w-Sowietach.htm\">Og\u00f3lnopolskie Stowarzyszenie Internowanych i Represjonowanych<\/a><\/p>\r\n<h4>&nbsp;<\/h4>\r\n<hr style=\"background-color: #000000; border-width: 0; color: #000000; height: 2px; line-height: 0; text-align: center; width: 100%;\">\r\n<h4>&nbsp;<\/h4>","protected":false},"excerpt":{"rendered":"Zbrodnia mia\u0142a miejsce w styczniu 1944 roku. \u015aledztwo rozpocz\u0119to w roku 1995. Min\u0119\u0142o wi\u0119c ponad 50 lat. Sprawcy zbrodni w momencie wszcz\u0119cia \u015bledztwa praktycznie nie \u017cyli. Ze wzgl\u0119du na \u015bmier\u0107 ostatnich znanych z imienia i nazwiska zbrodniarzy w maju 2020 roku \u015bledztwo zosta\u0142o umorzone. Polskie przepisy m\u00f3wi\u0105 bowiem wyra\u017anie: je\u017celi sprawca nie \u017cyje, to \u015bledztwo [&hellip;]","protected":false},"author":1,"featured_media":0,"comment_status":"closed","ping_status":"closed","sticky":false,"template":"","format":"standard","meta":{"_acf_changed":false,"_monsterinsights_skip_tracking":false,"_monsterinsights_sitenote_active":false,"_monsterinsights_sitenote_note":"","_monsterinsights_sitenote_category":0,"ngg_post_thumbnail":0,"footnotes":"","_wp_rev_ctl_limit":""},"categories":[8],"tags":[65,66,98,53,197,169,59],"acf":[],"_links":{"self":[{"href":"https:\/\/www.bibula.com\/index.php?rest_route=\/wp\/v2\/posts\/122594"}],"collection":[{"href":"https:\/\/www.bibula.com\/index.php?rest_route=\/wp\/v2\/posts"}],"about":[{"href":"https:\/\/www.bibula.com\/index.php?rest_route=\/wp\/v2\/types\/post"}],"author":[{"embeddable":true,"href":"https:\/\/www.bibula.com\/index.php?rest_route=\/wp\/v2\/users\/1"}],"replies":[{"embeddable":true,"href":"https:\/\/www.bibula.com\/index.php?rest_route=%2Fwp%2Fv2%2Fcomments&post=122594"}],"version-history":[{"count":4,"href":"https:\/\/www.bibula.com\/index.php?rest_route=\/wp\/v2\/posts\/122594\/revisions"}],"predecessor-version":[{"id":122598,"href":"https:\/\/www.bibula.com\/index.php?rest_route=\/wp\/v2\/posts\/122594\/revisions\/122598"}],"wp:attachment":[{"href":"https:\/\/www.bibula.com\/index.php?rest_route=%2Fwp%2Fv2%2Fmedia&parent=122594"}],"wp:term":[{"taxonomy":"category","embeddable":true,"href":"https:\/\/www.bibula.com\/index.php?rest_route=%2Fwp%2Fv2%2Fcategories&post=122594"},{"taxonomy":"post_tag","embeddable":true,"href":"https:\/\/www.bibula.com\/index.php?rest_route=%2Fwp%2Fv2%2Ftags&post=122594"}],"curies":[{"name":"wp","href":"https:\/\/api.w.org\/{rel}","templated":true}]}}