{"id":122551,"date":"2021-01-29T15:10:21","date_gmt":"2021-01-29T20:10:21","guid":{"rendered":"https:\/\/www.bibula.com\/?p=122551"},"modified":"2021-01-29T15:10:37","modified_gmt":"2021-01-29T20:10:37","slug":"makabryczne-statystyki-tak-zle-w-polsce-nie-bylo-od-ii-wojny-swiatowej","status":"publish","type":"post","link":"https:\/\/www.bibula.com\/?p=122551","title":{"rendered":"Makabryczne statystyki. Tak \u017ale w Polsce nie by\u0142o od II wojny \u015bwiatowej"},"content":{"rendered":"<p>Rok 2020 by\u0142 dla Polski makabryczny. W wyniku pandemii i kryzysu w opiece zdrowotnej, odnotowano najwi\u0119cej zgon\u00f3w od 1946 roku. To jednak nie koniec, bo i liczba narodzin jest powodem do niepokoju. Okazuje si\u0119, \u017ce zanotowali\u015bmy najni\u017cszy przyrost naturalny od 2003 roku.<\/p>\r\n<p>Wed\u0142ug G\u0142\u00f3wnego Urz\u0119du Statystycznego <strong>liczba ludno\u015bci w Polsce w por\u00f3wnaniu z rokiem 2019, w 2020 spad\u0142a o 115 tysi\u0119cy<\/strong> (w tym w I p\u00f3\u0142roczu 2020 r. zmniejszy\u0142a si\u0119 o 29 tys. os\u00f3b) i wynios\u0142a 38 milion\u00f3w 269 tysi\u0119cy.<\/p>\r\n<p><strong>Zesz\u0142y rok by\u0142 tragiczny pod wzgl\u0119dem liczby zgon\u00f3w<\/strong>. Tak \u017ale nie by\u0142o od 1946 roku. Najgorszy okaza\u0142 si\u0119 IV kwarta\u0142. [&#8230;]<\/p>\r\n<p>Martwi te\u017c inna statystyka. Okazuje si\u0119, \u017ce <strong>drastycznie spad\u0142a te\u017c liczba narodzin<\/strong>.&nbsp; [&#8230;] W 2020 roku w Polsce na \u015bwiat przysz\u0142o 355 tys. dzieci, a to ok. 20 tys. mniej ni\u017c rok wcze\u015bniej o najmniej od 2003 r. [&#8230;]<\/p>\r\n<p class=\"zrodlo\">Ca\u0142o\u015b\u0107: <a href=\"https:\/\/nczas.com\/2021\/01\/29\/makabryczne-statystyki-tak-zle-w-polsce-nie-bylo-od-ii-wojny-swiatowej\/\">Najwy\u017cszy Czas! (29 stycznia 2021)<\/a><\/p>","protected":false},"excerpt":{"rendered":"Rok 2020 by\u0142 dla Polski makabryczny. W wyniku pandemii i kryzysu w opiece zdrowotnej, odnotowano najwi\u0119cej zgon\u00f3w od 1946 roku. To jednak nie koniec, bo i liczba narodzin jest powodem do niepokoju. Okazuje si\u0119, \u017ce zanotowali\u015bmy najni\u017cszy przyrost naturalny od 2003 roku. Wed\u0142ug G\u0142\u00f3wnego Urz\u0119du Statystycznego liczba ludno\u015bci w Polsce w por\u00f3wnaniu z rokiem 2019, [&hellip;]","protected":false},"author":1,"featured_media":0,"comment_status":"closed","ping_status":"closed","sticky":false,"template":"","format":"standard","meta":{"_acf_changed":false,"_monsterinsights_skip_tracking":false,"ngg_post_thumbnail":0,"footnotes":"","_wp_rev_ctl_limit":""},"categories":[8],"tags":[433,203,105,98],"acf":[],"_links":{"self":[{"href":"https:\/\/www.bibula.com\/index.php?rest_route=\/wp\/v2\/posts\/122551"}],"collection":[{"href":"https:\/\/www.bibula.com\/index.php?rest_route=\/wp\/v2\/posts"}],"about":[{"href":"https:\/\/www.bibula.com\/index.php?rest_route=\/wp\/v2\/types\/post"}],"author":[{"embeddable":true,"href":"https:\/\/www.bibula.com\/index.php?rest_route=\/wp\/v2\/users\/1"}],"replies":[{"embeddable":true,"href":"https:\/\/www.bibula.com\/index.php?rest_route=%2Fwp%2Fv2%2Fcomments&post=122551"}],"version-history":[{"count":2,"href":"https:\/\/www.bibula.com\/index.php?rest_route=\/wp\/v2\/posts\/122551\/revisions"}],"predecessor-version":[{"id":122553,"href":"https:\/\/www.bibula.com\/index.php?rest_route=\/wp\/v2\/posts\/122551\/revisions\/122553"}],"wp:attachment":[{"href":"https:\/\/www.bibula.com\/index.php?rest_route=%2Fwp%2Fv2%2Fmedia&parent=122551"}],"wp:term":[{"taxonomy":"category","embeddable":true,"href":"https:\/\/www.bibula.com\/index.php?rest_route=%2Fwp%2Fv2%2Fcategories&post=122551"},{"taxonomy":"post_tag","embeddable":true,"href":"https:\/\/www.bibula.com\/index.php?rest_route=%2Fwp%2Fv2%2Ftags&post=122551"}],"curies":[{"name":"wp","href":"https:\/\/api.w.org\/{rel}","templated":true}]}}