{"id":122543,"date":"2021-01-29T17:48:32","date_gmt":"2021-01-29T22:48:32","guid":{"rendered":"https:\/\/www.bibula.com\/?p=122543"},"modified":"2021-01-29T17:48:32","modified_gmt":"2021-01-29T22:48:32","slug":"portugalski-parlament-zalegalizowal-eutanazje","status":"publish","type":"post","link":"https:\/\/www.bibula.com\/?p=122543","title":{"rendered":"Portugalski parlament zalegalizowa\u0142 eutanazj\u0119"},"content":{"rendered":"<p><strong>Portugalski parlament przeg\u0142osowa\u0142 w pi\u0105tek legalizacj\u0119 eutanazji. Portugalia mo\u017ce sta\u0107 si\u0119 si\u00f3dmym pa\u0144stwem na \u015bwiecie, kt\u00f3ry zezwoli na wspomagane samob\u00f3jstwo. Nie jest jasne, czy ustaw\u0119 podpisze prezydent Marcelo Rebelo de Sousa.<\/strong><\/p>\r\n<p>Za przyj\u0119ciem ustawy zag\u0142osowa\u0142o 136 deputowanych w 230-osobowym Zgromadzeniu Republiki. 78 by\u0142o przeciw a 4 wstrzyma\u0142o si\u0119 od g\u0142osu. Jak podaje Polska Agencja Prasowa, ustaw\u0119 popar\u0142y g\u0142\u00f3wnie ugrupowania centrolewicowe i partie skrajnej lewicy, z wyj\u0105tkiem komunist\u00f3w.<\/p>\r\n<p>Nowe prawo legalizuje eutanazj\u0119 w okre\u015blonych przypadkach i na \u015bci\u015ble okre\u015blonych zasadach. Osoby powy\u017cej 18 roku \u017cycia b\u0119d\u0105 mog\u0142y prosi\u0107 o pomoc w samob\u00f3jstwie, je\u015bli s\u0105 \u015bmiertelnie chore i cierpi\u0105 z powodu \u201etrwa\u0142ego\u201d i \u201enie do zniesienia\u201d b\u00f3lu \u2013 chyba \u017ce zostan\u0105 uznane za niezdolne psychicznie do podj\u0119cia takiej decyzji. Procedura b\u0119dzie dost\u0119pna tylko dla obywateli i legalnych rezydent\u00f3w Portugalii.<\/p>\r\n<p>Ustawa jest teraz w r\u0119kach centroprawicowego prezydenta Marcelo Rebelo de Sousa, kt\u00f3ry od przysz\u0142ego tygodnia b\u0119dzie mia\u0142 20 dni na jej podpisanie, zawetowanie, b\u0105d\u017a skierowanie do Trybuna\u0142u Konstytucyjnego. Nie jest jasne, jak\u0105 decyzj\u0119 podejmie Souza. PAP podaje, \u017ce w czasie swojej pierwszej kadencji Sousa zapowiada\u0142, \u017ce jako praktykuj\u0105cy katolik nie podpisze ustawy. Jednak w czasie niedawno zako\u0144czonej kampanii wyborczej unika\u0142 wypowiadania si\u0119 na ten temat. Tymczasem wed\u0142ug agencji Reutera Sousa powiedzia\u0142, \u017ce uszanuje decyzj\u0119 parlamentu.<\/p>\r\n<p>Portugalski parlament wst\u0119pnie zaakceptowa\u0142 ustaw\u0119 o eutanazji 20 lutego 2020 roku. Na ostateczne g\u0142osowanie czeka\u0142a ona ponad 11 miesi\u0119cy.<\/p>\r\n<p>W Portugalii od 2007 roku legalna jest aborcja do 10. tygodnia ci\u0105\u017cy, a od 2010 roku tzw. ma\u0142\u017ce\u0144stwa homoseksualne.<\/p>\r\n<p>Eutanazja jest ju\u017c legalna w Belgii, Kanadzie, Kolumbii, Luksemburgu, Niderlandach i Szwajcarii oraz w niekt\u00f3rych stanach USA. W trakcie jej legalizacji jest Hiszpania.<\/p>\r\n<p>Kresy.pl \/ reuters.com \/ polsatnews.pl \/ theportugalnews.com<\/p>\r\n<p class=\"zrodlo\">Za: <a href=\"https:\/\/kresy.pl\/wydarzenia\/regiony\/europa-poludniowa\/portugalski-parlament-zalegalizowal-eutanazje\/\">Kresy.pl (29 stycznia 2021)<\/a><\/p>","protected":false},"excerpt":{"rendered":"Portugalski parlament przeg\u0142osowa\u0142 w pi\u0105tek legalizacj\u0119 eutanazji. Portugalia mo\u017ce sta\u0107 si\u0119 si\u00f3dmym pa\u0144stwem na \u015bwiecie, kt\u00f3ry zezwoli na wspomagane samob\u00f3jstwo. Nie jest jasne, czy ustaw\u0119 podpisze prezydent Marcelo Rebelo de Sousa. Za przyj\u0119ciem ustawy zag\u0142osowa\u0142o 136 deputowanych w 230-osobowym Zgromadzeniu Republiki. 78 by\u0142o przeciw a 4 wstrzyma\u0142o si\u0119 od g\u0142osu. Jak podaje Polska Agencja Prasowa, [&hellip;]","protected":false},"author":1,"featured_media":0,"comment_status":"closed","ping_status":"closed","sticky":false,"template":"","format":"standard","meta":{"_acf_changed":false,"_monsterinsights_skip_tracking":false,"_monsterinsights_sitenote_active":false,"_monsterinsights_sitenote_note":"","_monsterinsights_sitenote_category":0,"ngg_post_thumbnail":0,"footnotes":"","_wp_rev_ctl_limit":""},"categories":[6],"tags":[94,49,224],"acf":[],"_links":{"self":[{"href":"https:\/\/www.bibula.com\/index.php?rest_route=\/wp\/v2\/posts\/122543"}],"collection":[{"href":"https:\/\/www.bibula.com\/index.php?rest_route=\/wp\/v2\/posts"}],"about":[{"href":"https:\/\/www.bibula.com\/index.php?rest_route=\/wp\/v2\/types\/post"}],"author":[{"embeddable":true,"href":"https:\/\/www.bibula.com\/index.php?rest_route=\/wp\/v2\/users\/1"}],"replies":[{"embeddable":true,"href":"https:\/\/www.bibula.com\/index.php?rest_route=%2Fwp%2Fv2%2Fcomments&post=122543"}],"version-history":[{"count":1,"href":"https:\/\/www.bibula.com\/index.php?rest_route=\/wp\/v2\/posts\/122543\/revisions"}],"predecessor-version":[{"id":122545,"href":"https:\/\/www.bibula.com\/index.php?rest_route=\/wp\/v2\/posts\/122543\/revisions\/122545"}],"wp:attachment":[{"href":"https:\/\/www.bibula.com\/index.php?rest_route=%2Fwp%2Fv2%2Fmedia&parent=122543"}],"wp:term":[{"taxonomy":"category","embeddable":true,"href":"https:\/\/www.bibula.com\/index.php?rest_route=%2Fwp%2Fv2%2Fcategories&post=122543"},{"taxonomy":"post_tag","embeddable":true,"href":"https:\/\/www.bibula.com\/index.php?rest_route=%2Fwp%2Fv2%2Ftags&post=122543"}],"curies":[{"name":"wp","href":"https:\/\/api.w.org\/{rel}","templated":true}]}}