{"id":122338,"date":"2021-01-22T17:38:49","date_gmt":"2021-01-22T22:38:49","guid":{"rendered":"https:\/\/www.bibula.com\/?p=122338"},"modified":"2021-01-22T17:38:49","modified_gmt":"2021-01-22T22:38:49","slug":"udar-mozgu-i-zaburzenia-rytmu-serca-wsrod-reakcji-po-szczepieniu-na-covid-19-lista-nop-opublikowana-przez-ministerstwo-zdrowia","status":"publish","type":"post","link":"https:\/\/www.bibula.com\/?p=122338","title":{"rendered":"Udar m\u00f3zgu i zaburzenia rytmu serca w\u015br\u00f3d reakcji po szczepieniu na Covid-19. Lista NOP opublikowana przez Ministerstwo Zdrowia"},"content":{"rendered":"<p><strong>Do 22 stycznia 2021 roku w Polsce zaszczepiono na Covid 644 999 os\u00f3b. Ministerstwo Zdrowia informuje o 283 niepo\u017c\u0105danych odczynach poszczepiennych. Wi\u0119kszo\u015b\u0107 to zaczerwienienie i kr\u00f3tkotrwa\u0142a bolesno\u015b\u0107 w miejscu wk\u0142ucia. Ale zdarzaj\u0105 si\u0119 te\u017c reakcje du\u017co powa\u017cniejsze, w tym udar m\u00f3zgu, zaburzenia rytmu serca i encefalopatia, czyli uszkodzenie m\u00f3zgu. Oto kilka opis\u00f3w z listy opublikowanej przez ministerstwo:<\/strong><\/p>\r\n<ul>\r\n\t<li>dr\u0119twienie i obrz\u0119k j\u0119zyka, trudno\u015b\u0107 z prze\u0142ykaniem \u015bliny, duszno\u015b\u0107, os\u0142abienie, blado\u015b\u0107 pow\u0142ok, potliwo\u015b\u0107, pogorszenie kontaktu. Liczne choroby wsp\u00f3\u0142istniej\u0105ce -pacjent hospitalizowany<\/li>\r\n\t<li>b\u00f3l r\u0119ki, dreszcze, kaszel, os\u0142abienie, b\u00f3l mi\u0119\u015bni. W 6-7 dniu po szczepieniu wyst\u0105pi\u0142y wymioty, b\u00f3l brzucha, utrata w\u0119chu i smaku \u2013 pacjent niehospitalizowany<\/li>\r\n\t<li>duszno\u015b\u0107 nag\u0142a trwaj\u0105ca 40 minut po szczepieniu, tachykardia, nadci\u015bnienie 170\/90, spadek saturacji, cechy niedotlenienia mi\u0119\u015bnia sercowego \u2013 pacjent niehospitalizowany<\/li>\r\n\t<li>gor\u0105czka 40,5 \u00b0C, drgawki gor\u0105czkowe \u2013 pacjent niehospitalizowany<\/li>\r\n\t<li>b\u00f3l ramienia, dr\u017cenie ko\u0144czyn dolnych, uczucie gor\u0105ca, omdlenie z utrat\u0105 przytomno\u015bci \u2013 pacjent niehospitalizowany<\/li>\r\n\t<li>napady padaczki \u2013 hospitalizacja<\/li>\r\n\t<li>anafilaksja z utrat\u0105 przytomno\u015bci, zatrzymaniem oddechu, skurczem krtani<\/li>\r\n\t<li>zaburzenia rytmu serca, zaburzenia komorowe, napady cz\u0119stoskurczu komorowego, trzepotanie przedsionk\u00f3w \u2013 pacjent hospitalizowany<\/li>\r\n\t<li>udar m\u00f3zgu \u2013 pacjent hospitalizowany<\/li>\r\n\t<li>dr\u0119twienie, mrowienie, os\u0142abienie po lewej stronie twarzy i lewej ko\u0144czyny g\u00f3rnej \u2013pacjent hospitalizowany<\/li>\r\n\t<li>ok. tydzie\u0144 po zaszczepieniu zaburzenia \u015bwiadomo\u015bci, zaburzenia orientacji auto i allopsychicznej, gor\u0105czka do 39 st. C, dreszcze, b\u00f3l g\u0142owy. Nasilony odczyn w miejscu wstrzykni\u0119cia o \u015brednicy 6-9 cm, encefalopatia \u2013 pacjent niehospitalizowany<\/li>\r\n<\/ul>\r\n<p><strong>Aktualizowana lista NOP publikowana przez Ministerstwo Zdrowia <a href=\"https:\/\/www.gov.pl\/web\/szczepimysie\/niepozadane-odczyny-poszczepienne\"><span style=\"text-decoration: underline;\">TUTAJ<\/span><\/a>.<\/strong><\/p>\r\n<p>W czwartek (21.01.2021) Justyna Socha ze Stowarzyszenia Stop-NOP poinformowa\u0142a na Facebooku o <strong>pierwszym w Polsce zgonie w ci\u0105gu 24 godzin po podaniu szczepionki na Covid-19<\/strong>. Zgon nie zosta\u0142 zg\u0142oszony jako niepo\u017c\u0105dany odczyn poszczepienny. O sprawie zosta\u0142a powiadomiona prokuratura.<\/p>\r\n<p><img decoding=\"async\" src=\"https:\/\/wprawo.pl\/wp-content\/uploads\/2021\/01\/Socha.png\"><\/p>\r\n<p>\u0179r\u00f3d\u0142o informacji: gov.pl, Facebook<\/p>\r\n<ul>\r\n\t<li>Zobacz te\u017c: <a href=\"https:\/\/wprawo.pl\/skuteczna-szczepionka-ponad-12-tys-zaszczepionych-izraelczykow-uzyskalo-pozytywny-wynik-testu-na-koronawirusa\/\" target=\"_top\" rel=\"noopener\">Skuteczna szczepionka? Ponad 12 tys. zaszczepionych Izraelczyk\u00f3w uzyska\u0142o pozytywny wynik testu na koronawirusa <\/a><\/li>\r\n<\/ul>\r\n<p class=\"zrodlo\">Za: <a href=\"https:\/\/wprawo.pl\/udar-mozgu-i-zaburzenia-rytmu-serca-wsrod-reakcji-poszczepiennych-w-polsce-lista-nop-opublikowana-przez-ministerstwo-zdrowia\/\">wprawo.pl (Sty 22, 2021)<\/a><\/p>","protected":false},"excerpt":{"rendered":"Do 22 stycznia 2021 roku w Polsce zaszczepiono na Covid 644 999 os\u00f3b. Ministerstwo Zdrowia informuje o 283 niepo\u017c\u0105danych odczynach poszczepiennych. Wi\u0119kszo\u015b\u0107 to zaczerwienienie i kr\u00f3tkotrwa\u0142a bolesno\u015b\u0107 w miejscu wk\u0142ucia. Ale zdarzaj\u0105 si\u0119 te\u017c reakcje du\u017co powa\u017cniejsze, w tym udar m\u00f3zgu, zaburzenia rytmu serca i encefalopatia, czyli uszkodzenie m\u00f3zgu. Oto kilka opis\u00f3w z listy opublikowanej [&hellip;]","protected":false},"author":1,"featured_media":0,"comment_status":"closed","ping_status":"closed","sticky":false,"template":"","format":"standard","meta":{"_acf_changed":false,"_monsterinsights_skip_tracking":false,"_monsterinsights_sitenote_active":false,"_monsterinsights_sitenote_note":"","_monsterinsights_sitenote_category":0,"ngg_post_thumbnail":0,"footnotes":"","_wp_rev_ctl_limit":""},"categories":[451,8],"tags":[433,105,98,20],"acf":[],"_links":{"self":[{"href":"https:\/\/www.bibula.com\/index.php?rest_route=\/wp\/v2\/posts\/122338"}],"collection":[{"href":"https:\/\/www.bibula.com\/index.php?rest_route=\/wp\/v2\/posts"}],"about":[{"href":"https:\/\/www.bibula.com\/index.php?rest_route=\/wp\/v2\/types\/post"}],"author":[{"embeddable":true,"href":"https:\/\/www.bibula.com\/index.php?rest_route=\/wp\/v2\/users\/1"}],"replies":[{"embeddable":true,"href":"https:\/\/www.bibula.com\/index.php?rest_route=%2Fwp%2Fv2%2Fcomments&post=122338"}],"version-history":[{"count":3,"href":"https:\/\/www.bibula.com\/index.php?rest_route=\/wp\/v2\/posts\/122338\/revisions"}],"predecessor-version":[{"id":122342,"href":"https:\/\/www.bibula.com\/index.php?rest_route=\/wp\/v2\/posts\/122338\/revisions\/122342"}],"wp:attachment":[{"href":"https:\/\/www.bibula.com\/index.php?rest_route=%2Fwp%2Fv2%2Fmedia&parent=122338"}],"wp:term":[{"taxonomy":"category","embeddable":true,"href":"https:\/\/www.bibula.com\/index.php?rest_route=%2Fwp%2Fv2%2Fcategories&post=122338"},{"taxonomy":"post_tag","embeddable":true,"href":"https:\/\/www.bibula.com\/index.php?rest_route=%2Fwp%2Fv2%2Ftags&post=122338"}],"curies":[{"name":"wp","href":"https:\/\/api.w.org\/{rel}","templated":true}]}}