{"id":122334,"date":"2021-01-22T17:38:42","date_gmt":"2021-01-22T22:38:42","guid":{"rendered":"https:\/\/www.bibula.com\/?p=122334"},"modified":"2021-01-22T17:38:42","modified_gmt":"2021-01-22T22:38:42","slug":"kto-sie-boi-prawdy-o-niemieckich-zbrodniach-na-polskich-dzieciach-facebook-blokuje-film-ipn","status":"publish","type":"post","link":"https:\/\/www.bibula.com\/?p=122334","title":{"rendered":"Kto si\u0119 boi prawdy o niemieckich zbrodniach na polskich dzieciach? Facebook blokuje film IPN"},"content":{"rendered":"<p><strong>Oddzia\u0142 Instytutu Pami\u0119ci Narodowej w \u0141odzi poinformowa\u0142, \u017ce administracja Facebooka zablokowa\u0142a mo\u017cliwo\u015b\u0107 zagranicznej promocji filmu \u201eOb\u00f3z na Przemys\u0142owej \u2013 poznaj nasz strach!\u201d.<\/strong><\/p>\r\n<p>Powodem decyzji Facebooka jest \u201euznanie kampanii jako politycznej o charakterze spo\u0142ecznym\u201d. Jak czytamy w o\u015bwiadczeniu na stronie internetowej oddzia\u0142u \u201euznanie przez portal Facebook, i\u017c film ma charakter polityczny, powoduje ca\u0142kowit\u0105 blokad\u0119 jego promocji w krajach za granic\u0105!!!\u201d.<\/p>\r\n<p>\u201eFilm dokumentalny zamieszczony na portalu spo\u0142eczno\u015bciowym Facebook, przedstawia histori\u0119 niemieckiego obozu dla polskich dzieci znajduj\u0105cego si\u0119 przy ul. Przemys\u0142owej w \u0141odzi. W tym roku mija 78 lat od powstania tego miejsca, do kt\u00f3rego trafi\u0142o ok. 3 tys. dzieci!\u201d, czytamy w o\u015bwiadczeniu.<\/p>\r\n<p>\u201eInstytut Pami\u0119ci Narodowej Oddzia\u0142 w \u0141odzi dokona\u0142 wszelkich stara\u0144, aby wiedza o obozie na Przemys\u0142owej dotar\u0142a do jak najwi\u0119kszej ilo\u015bci os\u00f3b, r\u00f3wnie\u017c tych z poza naszego kraju. Film przygotowano w 7 wersjach j\u0119zykowych \u2013 polskiej, angielskiej, francuskiej, hiszpa\u0144skiej, niemieckiej, rosyjskiej i hebrajskiej\u201d, napisali pracownicy IPN.<\/p>\r\n<p>Niemiecki Ob\u00f3z prewencyjny dla m\u0142odych Polak\u00f3w Policji Bezpiecze\u0144stwa w \u0141odzi funkcjonowa\u0142 przy ulicy Przemys\u0142owej, st\u0105d jego potoczna nazwa \u201eob\u00f3z przy Przemys\u0142owej\u201d. Zosta\u0142 on wydzielony w ramach \u0142\u00f3dzkiego getta i by\u0142 przeznaczony dla polskich dzieci w wieku od 6 do 16 lat. Realnie funkcjonowa\u0142 od grudnia 1942 do stycznia 1945 roku.<\/p>\r\n<p>\u0179r\u00f3d\u0142o: Instytut Pami\u0119ci Narodowej<\/p>\r\n<p>TK<\/p>\r\n<blockquote>\r\n<p>[<strong>Wybrane wypowiedzi internaut\u00f3w pod w\/w tekstem na stronie \u017ar\u00f3d\u0142owej:<\/strong>]<\/p>\r\n<p>Zbrodni dokonywano wy\u0142\u0105cznie na dzieciach \u017cydowskich.<br>\r\n<em>ena<\/em><br>\r\n<br>\r\nZostawi\u0107 ten \u015bciek lewacki lewakom. Te\u017c mia\u0142em tam konto. Pope\u0142ni\u0107 b\u0142\u0105d to rzecz ludzka; trwa\u0107 w nim ti du\u017co gorsze.<br>\r\n<em>magis<\/em><br>\r\n<br>\r\nbo ludzi bardziej interesuje kto si\u0119 boi ujawni\u0107 obecne zbrodnie na dzieciach<br>\r\n<em>lil<\/em><br>\r\n<br>\r\nBy\u0142a ju\u017c pr\u00f3ba bojkotu. Sporo ludzi przesz\u0142o do konkurencji.No i sko\u0144czy\u0142o si\u0119 tym \u017ce fb wszystkich wykupi\u0142.<br>\r\n<em>Do Very<\/em><br>\r\n<br>\r\nkiedy wreszcie zrozumiecie, \u017ce takie co\u015b jak fb trzeba bojkotowa\u0107 i omija\u0107 szerokim \u0142ukiem<br>\r\n<em>vera<\/em><br>\r\n<br>\r\n<\/p>\r\n<\/blockquote>\r\n<p class=\"zrodlo\">Za: <a href=\"https:\/\/www.pch24.pl\/kto-sie-boi-prawdy-o-niemieckich-zbrodniach-na-polskich-dzieciach--facebook-blokuje-film-ipn,81528,i.html\">PoloniaChristiana &#8211; pch24.pl (2021-01-22)<\/a><\/p>\r\n<h4>&nbsp;<\/h4>\r\n<hr style=\"background-color: #000000; border-width: 0; color: #000000; height: 2px; line-height: 0; text-align: center; width: 100%;\">\r\n<h4>&nbsp;<\/h4>\r\n<h2>Facebook odblokowa\u0142 film o hitlerowskim obozie dla polskich dzieci<\/h2>\r\n<p>Facebook odblokowa\u0142 film o hitlerowskim obozie dla polskich dzieci przy ul. Przemys\u0142owej w \u0141odzi &#8211; poinformowa\u0142a dzisiaj Kornelia Zaborska z \u0142\u00f3dzkiego oddzia\u0142u IPN, kt\u00f3ry przygotowa\u0142 dokument.<\/p>\r\n<p>Powodem wcze\u015bniejszej blokady by\u0142o uznanie przez Fecebook, \u017ce film ma charakter polityczny. [&#8230;]<\/p>\r\n<p>Dzisiaj wieczorem poinformowa\u0142a, \u017ce dzi\u0119ki zaanga\u017cowaniu medi\u00f3w, serwis odblokowa\u0142 film. [&#8230;]<\/p>\r\n<p class=\"zrodlo\">Ca\u0142o\u015b\u0107: <a href=\"https:\/\/naszdziennik.pl\/polska\/231780,facebook-odblokowal-film-o-hitlerowskim-obozie-dla-polskich-dzieci.html\">Nasz Dziennik (22 stycznia 2021)<\/a><\/p>\r\n<h4>&nbsp;<\/h4>\r\n<hr style=\"background-color: #000000; border-width: 0; color: #000000; height: 2px; line-height: 0; text-align: center; width: 100%;\">\r\n<h4>&nbsp;<\/h4>","protected":false},"excerpt":{"rendered":"Oddzia\u0142 Instytutu Pami\u0119ci Narodowej w \u0141odzi poinformowa\u0142, \u017ce administracja Facebooka zablokowa\u0142a mo\u017cliwo\u015b\u0107 zagranicznej promocji filmu \u201eOb\u00f3z na Przemys\u0142owej \u2013 poznaj nasz strach!\u201d. Powodem decyzji Facebooka jest \u201euznanie kampanii jako politycznej o charakterze spo\u0142ecznym\u201d. Jak czytamy w o\u015bwiadczeniu na stronie internetowej oddzia\u0142u \u201euznanie przez portal Facebook, i\u017c film ma charakter polityczny, powoduje ca\u0142kowit\u0105 blokad\u0119 jego promocji [&hellip;]","protected":false},"author":1,"featured_media":0,"comment_status":"closed","ping_status":"closed","sticky":false,"template":"","format":"standard","meta":{"_acf_changed":false,"_monsterinsights_skip_tracking":false,"_monsterinsights_sitenote_active":false,"_monsterinsights_sitenote_note":"","_monsterinsights_sitenote_category":0,"ngg_post_thumbnail":0,"footnotes":"","_wp_rev_ctl_limit":""},"categories":[7],"tags":[65,16,155,98,53,59],"acf":[],"_links":{"self":[{"href":"https:\/\/www.bibula.com\/index.php?rest_route=\/wp\/v2\/posts\/122334"}],"collection":[{"href":"https:\/\/www.bibula.com\/index.php?rest_route=\/wp\/v2\/posts"}],"about":[{"href":"https:\/\/www.bibula.com\/index.php?rest_route=\/wp\/v2\/types\/post"}],"author":[{"embeddable":true,"href":"https:\/\/www.bibula.com\/index.php?rest_route=\/wp\/v2\/users\/1"}],"replies":[{"embeddable":true,"href":"https:\/\/www.bibula.com\/index.php?rest_route=%2Fwp%2Fv2%2Fcomments&post=122334"}],"version-history":[{"count":2,"href":"https:\/\/www.bibula.com\/index.php?rest_route=\/wp\/v2\/posts\/122334\/revisions"}],"predecessor-version":[{"id":122341,"href":"https:\/\/www.bibula.com\/index.php?rest_route=\/wp\/v2\/posts\/122334\/revisions\/122341"}],"wp:attachment":[{"href":"https:\/\/www.bibula.com\/index.php?rest_route=%2Fwp%2Fv2%2Fmedia&parent=122334"}],"wp:term":[{"taxonomy":"category","embeddable":true,"href":"https:\/\/www.bibula.com\/index.php?rest_route=%2Fwp%2Fv2%2Fcategories&post=122334"},{"taxonomy":"post_tag","embeddable":true,"href":"https:\/\/www.bibula.com\/index.php?rest_route=%2Fwp%2Fv2%2Ftags&post=122334"}],"curies":[{"name":"wp","href":"https:\/\/api.w.org\/{rel}","templated":true}]}}