{"id":122317,"date":"2021-01-22T14:28:37","date_gmt":"2021-01-22T19:28:37","guid":{"rendered":"https:\/\/www.bibula.com\/?p=122317"},"modified":"2021-01-22T14:28:37","modified_gmt":"2021-01-22T19:28:37","slug":"","status":"publish","type":"post","link":"https:\/\/www.bibula.com\/?p=122317","title":{"rendered":"Biotechnokracja \u2013 nowa normalno\u015b\u0107 na gruzach demokracji?"},"content":{"rendered":"<p><strong>Rok 2020 min\u0105\u0142 pod znakiem pandemii i zwi\u0105zanych z ni\u0105 ogranicze\u0144 w dost\u0119pie do s\u0142u\u017cby zdrowia, a tak\u017ce ogranicze\u0144 dzia\u0142alno\u015bci gospodarczej. Rok 2021 stoi pod znakiem szczepie\u0144 i zwi\u0105zanego z nimi podzia\u0142u na obywateli lepszego i gorszego sortu. Na zgliszczach demokracji, niczym feniks z popio\u0142\u00f3w, rodzi si\u0119 nowy ustr\u00f3j: biotechnokracja\u2026<\/strong><\/p>\r\n<p>Zm\u0119czenie przed\u0142u\u017caj\u0105c\u0105 si\u0119 niepewno\u015bci\u0105 i ryzykiem zdrowotnym oraz gospodarczym zwi\u0105zanym z pandemi\u0105, jak r\u00f3wnie\u017c wizja poka\u017anych zysk\u00f3w, przyczyni\u0142y si\u0119 do powstania pierwszych szczepionek (czy jak pisz\u0105 krytycy form terapii genowych) przeciwko COVID-19. Z pewno\u015bci\u0105 mo\u017cemy \u017cyczy\u0107 sobie powstania etycznych, bezpiecznych i skutecznych form zapobiegania chorobom. Czy i na ile obecne preparaty spe\u0142niaj\u0105 te kryteria, pozostawiam ocenie medyk\u00f3w i bioetyk\u00f3w. Porusz\u0119 natomiast aspekt spo\u0142eczny zwi\u0105zany ze szczepieniami \u2013 zwi\u0105zany z nimi p\u0119d do segregacji ludzi. P\u0119d, kt\u00f3ry bez wzgl\u0119du na to, co s\u0105dzimy o samych medykamentach i o pandemii, powinien budzi\u0107 niepok\u00f3j.<\/p>\r\n<p>W Polsce zaszczepieni na COVID-19 otrzymaj\u0105 kod QR lub za\u015bwiadczenie w formie wydruku potwierdzaj\u0105ce przyj\u0119cie przez nich szczepienia. Joanna Potock i Mariusz Piekarski z RMF 24 pisz\u0105, \u017ce \u201eosoby zaszczepione dostan\u0105 dokument, kt\u00f3ry mo\u017ce by\u0107 wa\u017cny na rynku pracy\u201d. Szczeg\u00f3\u0142y tego rozwi\u0105zania zale\u017c\u0105 od konkretnych pracodawc\u00f3w. Mo\u017cna sobie wyobrazi\u0107 cho\u0107by scenariusz, \u017ce szczepienia na COVID wymaga\u0107 b\u0119d\u0105 instytucje pa\u0144stwowe, a w \u015blad za nim (lub za swymi zagranicznymi centralami) p\u00f3jd\u0105 wielkie korporacje. Trend ten stopniowo rozleje si\u0119 tak\u017ce na inne firmy.<\/p>\r\n<p>Nie wiadomo czy tak si\u0119 stanie. Wiadomo natomiast, \u017ce 8 grudnia Adam Niedzielski stwierdzi\u0142, \u017ce osoby zaszczepione otrzymaj\u0105 zwolnienie z kwarantanny po kontakcie z zaka\u017conym czy podr\u00f3\u017cy do kraju wysokiego ryzyka. Nie zostan\u0105 one tak\u017ce uwzgl\u0119dnione w limitach zgromadze\u0144 i spotka\u0144. Jednocze\u015bnie jednak podkre\u015bli\u0142, \u017ce to jedynie \u201epakiet minimum\u201d i pod uwag\u0119 bierze dodatkowe korzy\u015bci. Jakie? 1 stycznia na \u0142amach \u201eWprost\u201d ukaza\u0142a si\u0119 wypowied\u017a ministra zdrowia. Przekonywa\u0142 on, \u017ce \u201ew wielu krajach toczy si\u0119 dyskusja co do ograniczenia dost\u0119pu do r\u00f3\u017cnych us\u0142ug publicznych dla niezaszczepionych; my to te\u017c rozwa\u017camy, np. tylko zaszczepieni b\u0119d\u0105 mie\u0107 uproszczony dost\u0119p do pewnych \u015bwiadcze\u0144 medycznych\u201d. Nast\u0119pnie \u0142askawie stwierdzi\u0142, \u017ce nie chodzi tu o przypadki nag\u0142e.<\/p>\r\n<p>Tego typu segregacja przy \u015bwiadczeniach zdrowotnych stanowi\u0142aby naruszenie artyku\u0142u 68 Konstytucji RP g\u0142osz\u0105cej, \u017ce \u201eKa\u017cdy ma prawo do ochrony zdrowia\u201d oraz, \u017ce \u201eobywatelom, niezale\u017cnie od ich sytuacji materialnej, w\u0142adze publiczne zapewniaj\u0105 r\u00f3wny dost\u0119p do \u015bwiadcze\u0144 opieki zdrowotnej finansowanej ze \u015brodk\u00f3w publicznych. Warunki i zakres udzielania \u015bwiadcze\u0144 okre\u015bla ustawa\u201d. Trudno by\u0142oby to pogodzi\u0107 r\u00f3wnie\u017c z artyku\u0142em 32 stanowi\u0105cym, \u017ce \u201ewszyscy s\u0105 wobec prawa r\u00f3wni. Wszyscy maj\u0105 prawo do r\u00f3wnego traktowania przez w\u0142adze publiczne\u201d, oraz \u017ce \u201enikt nie mo\u017ce by\u0107 dyskryminowany w \u017cyciu politycznym, spo\u0142ecznym lub gospodarczym z jakiejkolwiek przyczyny\u201d. Opr\u00f3cz problemu prawnego powsta\u0142by r\u00f3wnie\u017c problem etyczny. Oto bowiem niezaszczepieni, p\u0142ac\u0105cy sk\u0142adki zdrowotne na tych samych warunkach co zaszczepieni, otrzymywaliby w zamian mniejszy dost\u0119p do us\u0142ug.<\/p>\r\n<p>Nie dziwi wi\u0119c, \u017ce wypowied\u017a ta wywo\u0142a\u0142a oburzenie, a minister Niedzielski wkr\u00f3tce wycofa\u0142 si\u0119 z tej zapowiedzi. Obecnie w\u0142adze utrzymuj\u0105, \u017ce jedyne przejawy r\u00f3\u017cnicowania dotyczy\u0107 b\u0119d\u0105 kwestii bezpo\u015brednio powi\u0105zanych z zaszczepieniem, takich jak zwolnienie z kwarantanny. Jednak balonik pr\u00f3bny zosta\u0142 puszczony i niewykluczone, \u017ce w przypadku z\u0142agodzenia czujno\u015bci opinii publicznej lub presji z zewn\u0105trz w\u0142adze powr\u00f3c\u0105 do kwestii forsowania podzia\u0142\u00f3w.<\/p>\r\n<p>Opcja ta jest mo\u017cliwa tym bardziej, \u017ce w niekt\u00f3rych krajach plany r\u00f3\u017cnicowania obywateli w zale\u017cno\u015bci od (nie)zaszczepienia s\u0105 ju\u017c znacznie dalej posuni\u0119te. Dotyczy to zar\u00f3wno sektora publicznego, jak i prywatnego. Jak podaje portal fly4free.pl, Alan Joyce \u2013 prezes australijskiej linii Quantas \u2013 zapowiedzia\u0142, \u017ce na pok\u0142ad samolotu u tego przewo\u017anika wejd\u0105 tylko osoby legitymuj\u0105ce si\u0119 wa\u017cnym szczepieniem na COVID-19. Stwierdzi\u0142 r\u00f3wnie\u017c, \u017ce inni prezesi du\u017cych linii lotniczych uwa\u017caj\u0105 podobnie. \u015awiat, w kt\u00f3rym cz\u0119\u015b\u0107 os\u00f3b z uwagi na obawy dotycz\u0105ce przyj\u0119cia danego preparatu zostanie wykluczona z korzystania z kluczowej formy wsp\u00f3\u0142czesnego transportu, jest zatem kwesti\u0105 miesi\u0119cy. Pozostaj\u0105 tylko kwestie techniczne. Na przyk\u0142ad stworzenie elektronicznej wersji ksi\u0105\u017ceczki szczepie\u0144, sprawdzaj\u0105cej jej legalno\u015b\u0107 w kraju dla pasa\u017cera docelowym.<\/p>\r\n<div class=\"donateInfoBox wpch-box\">\r\n<p>W Stanach Zjednoczonych na przyk\u0142ad prawnicy, z kt\u00f3rymi rozmawia\u0142 portal Healthline, twierdz\u0105, \u017ce w wi\u0119kszo\u015bci przypadk\u00f3w pracodawcy mog\u0105 wymaga\u0107 od pracownik\u00f3w zaszczepienia przeciwko COVID-19. Je\u015bli ci odm\u00f3wi\u0105, to prawo zezwala na zwolnienie ich z pracy. Od tej regu\u0142y istniej\u0105 dwazasadnicze wyj\u0105tki. Pierwszym jest ewentualne przeciwskazanie wynikaj\u0105ce z problem\u00f3w zdrowotnych, drugim za\u015b sprzeczno\u015b\u0107 szczepienia z czyimi\u015b przekonaniami religijnymi. Jednak z tego ostatniego nie mo\u017cna korzysta\u0107 w spos\u00f3b nieograniczony, lecz tylko pod warunkiem nienak\u0142adania niesprawiedliwych ci\u0119\u017car\u00f3w na pracodawc\u0119. Sama prawna mo\u017cliwo\u015b\u0107 nie oznacza, \u017ce wszystkie firmy z niej skorzystaj\u0105. Z pewno\u015bci\u0105 jednak wiele nie oprze si\u0119 pokusie. Zreszt\u0105 przyk\u0142ad idzie z g\u00f3ry a 20 stycznia urz\u0105d prezydenta USA obejmie zwolennik twardych metod walki z pandemi\u0105 \u2013 Joe Biden.<\/p>\r\n<p><strong>Paszport zdrowotny<\/strong><\/p>\r\n<p>\u015arodkiem do potwierdzania statusu zaszczepionego w niekt\u00f3rych krajach mo\u017ce okaza\u0107 si\u0119 tak zwany zdrowotny paszport cyfrowy. Wed\u0142ug Roberta Kennedy\u2019ego z Life Site News, w dotycz\u0105cym pandemii przem\u00f3wieniu Billa Gatesa na konferencji TED z czerwca 2020 miliarder stwierdzi\u0142, \u017ce wkr\u00f3tce b\u0119dziemy potrzebowa\u0107 cyfrowych paszport\u00f3w szczepionkowych. Ten fragment zosta\u0142 jednak jego zdaniem wyci\u0119ty z oryginalnego wideo. Nast\u0119pnie imputowanie Gatesowi promowania cyfrowych paszport\u00f3w szczepionkowych uznano za przejaw teorii spiskowych.<\/p>\r\n<p>Bez wzgl\u0119du na to, kto ma racj\u0119, widzimy, \u017ce p\u00f3\u0142 roku p\u00f3\u017aniej pomys\u0142 cyfrowego paszportu szczepionkowego sta\u0142 si\u0119 powszechnie rozwa\u017cany, a nawet ju\u017c wdra\u017cany. Jak szybko zmieni\u0142 si\u0119 \u015bwiat przez ten kr\u00f3tki czas! Frank Ulrich Montgomery, prezes World Medical Association prezes World Medical Association, oraz Thomas Mertens (wirusolog i szef niemieckiego komitetu antywirusowego) stwierdzili, \u017ce osoby uodpornione na koronawirusa powinni otrzyma\u0107 paszport, by otrzyma\u0107 dost\u0119p do samolot\u00f3w, restauracji, koncert\u00f3w i kin. Jak podaje Thompson Reuters Foundation, Izrael zamierza wystawi\u0107 paszport dla zaszczepionych, kt\u00f3ry umo\u017cliwi \u0142atwy dost\u0119p do restauracji i wydarze\u0144 kulturowych. W Chinach zamiast paszportu dzia\u0142a z kolei aplikacja wykorzystuj\u0105ca dane dotycz\u0105ce podr\u00f3\u017cy i leczenia. Na ich podstawie kwalifikuje ludzi do 3 kategorii i od nich uzale\u017cnia swobod\u0119 przemieszczania si\u0119 w r\u00f3\u017cne miejsca.<\/p>\r\n<p>Z kolei 8 stycznia portal economictimes.indiatimes.com poda\u0142, \u017ce Dania pracuje nad stworzeniem cyfrowego paszportu szczepionkowego. W ten spos\u00f3b chce u\u0142atwi\u0107 \u017cycie rz\u0105dom innych kraj\u00f3w, licz\u0105c, \u017ce mog\u0105 one wymaga\u0107 tego typu rozwi\u0105za\u0144. Paszport b\u0119dzie dost\u0119pny ju\u017c w pierwszych miesi\u0105cach 2021 roku i mo\u017cliwy do pobrania ze strony ministerstwa zdrowia. Rz\u0105d zwraca jednak uwag\u0119 na konieczno\u015b\u0107 prowadzenia bada\u0144 dotycz\u0105cych mo\u017cliwo\u015bci transmisji wirusa przez osoby zaszczepione.<\/p>\r\n<p><strong>Czy segregacja posiada medyczne uzasadnienie?<\/strong><\/p>\r\n<p>Dochodzimy tu do istotnej kwestii. Je\u015bli bowiem szczepionki s\u0142u\u017cy\u0142y wy\u0142\u0105cznie minimalizacji ryzyka ci\u0119\u017ckiego przebiegu choroby, a nie zapobiegaj\u0105 nosicielstwu i transmisji wirusa, to nawet ulgi typu zwolnienie z kwarantanny czy nieuwzgl\u0119dnianie w limitach spotka\u0144 okazuj\u0105 si\u0119 pozbawione podstaw. Obecnie (prze\u0142om 2020 i 2021) wp\u0142yw szczepie\u0144 na mo\u017cliwo\u015b\u0107 zaka\u017cania innych pozostaje s\u0142abo zbadany. Dr Kazi Mizanur Rahman i dr Holly Seale na \u0142amach \u201eThe Conversation\u201d (18 grudnia 2020) wskazuj\u0105, \u017ce kwestia ta nie by\u0142a po prostu badana w przypadku preparatu Pfizer\/BioNTech. Z kolei w przypadku preparatu Oxford\/AstraZeneca (nawiasem m\u00f3wi\u0105c, w\u0105tpliwego etycznie) istniej\u0105 pewne poszlaki m\u00f3wi\u0105ce, \u017ce zapobiegnie on r\u00f3wnie\u017c przenoszeniu wirusa. Jednak nie jest to jeszcze ostatecznie potwierdzone. Bardzo mo\u017cliwe, \u017ce przysz\u0142e badania poka\u017c\u0105, \u017ce szczepienia ograniczaj\u0105 nie tylko ryzyko ci\u0119\u017ckiego przebiegu, ale i przenoszenia wirusa na innych. Nim jednak si\u0119 to stanie, to nawet drobne przywileje dla zaszczepionych (typu \u201ezwolnienie z kwarantanny\u201d) s\u0105 bezzasadne. Co ciekawe, odrzucanie mo\u017cliwo\u015bci szczeg\u00f3lnych praw dla zaszczepionych jest wed\u0142ug \u201eDeutsche Welle\u201d dominuj\u0105ce w\u015br\u00f3d niemieckich w\u0142adz i polityk\u00f3w. Na przyk\u0142ad Karl Lauterbach, niemiecki epidemolog i polityk socjaldemokratyczny, twierdzi, \u017ce je\u015bli (obecnie) nie mo\u017cna wykluczy\u0107, \u017ce niezaszczepieni nie zara\u017caj\u0105 innych, to ani z naukowego, ani z moralnego punktu widzenia nie mo\u017cna uzasadni\u0107 przywilej\u00f3w za zaszczepionych.<\/p>\r\n<p><strong>Ku segregacji<\/strong><\/p>\r\n<p>G\u0142\u00f3wny nurt zmierza jednak ku segregacji i zwi\u0105zanej z ni\u0105 inwigilacji. W efekcie system (przynajmniej deklaratywnej) r\u00f3wno\u015bci wobec prawa ginie na naszych oczach. Cho\u0107 pewne formy przymusu zwi\u0105zanego ze szczepieniami istnia\u0142y ju\u017c wcze\u015bniej, to dzia\u0142o si\u0119 to na mniejsz\u0105 skal\u0119 i raczej ogranicza\u0142o do dzieci i dotyczy\u0142o g\u0142\u00f3wnie sprawdzonych preparat\u00f3w od lat zapobiegaj\u0105cych znanym chorobom.<\/p>\r\n<p>Z kolei obecnie, zamiast pozostawi\u0107 wolno\u015b\u0107 wyboru jednostkom, czy cho\u0107by unikn\u0105\u0107 ob\u0142udy i otwarcie opowiedzie\u0107 si\u0119 za przymusem, dryfujemy w stron\u0119 systemu przywilej\u00f3w z jednej strony i wykluczenia z drugiej. Ze spo\u0142ecznego punktu widzenia jest to rozwi\u0105zanie najgorsze. Prowadzi bowiem do nieuzasadnionej dyskryminacji i pog\u0142\u0119bia podzia\u0142y mi\u0119dzyludzkie. Ta rodz\u0105ca segregacja na zaszczepionych i niezaszczepionych mo\u017ce prowadzi\u0107 do swego rodzaju powrotu do spo\u0142ecze\u0144stwa kastowego. Z jednej strony zaszczepieni ciesz\u0105cy si\u0119 przywilejami (czytaj \u2013 tym, co jeszcze rok temu by\u0142o norm\u0105 dla wszystkich); a z drugiej niezaszczepieni wy\u0142\u0105czeni z g\u0142\u00f3wnego nurtu spo\u0142ecze\u0144stwa. Ponad tymi dwoma kastami znajdzie si\u0119 kasta najwy\u017csza \u2013 zarz\u0105dzaj\u0105cych tym wszystkich elit \u2013 decyduj\u0105ca o kszta\u0142cie nowej rzeczywisto\u015bci (wielkiego resetu): w\u0142odarzy biopolityki, elit finansowych, finansjery i big pharmy. To, co jeszcze do niedawna stanowi\u0142o dystopijn\u0105 wizj\u0119, dzi\u015b staje si\u0119 rzeczywisto\u015bci\u0105. Demokracja nie by\u0142a doskona\u0142ym ani najlepszym ustrojem. Nie by\u0142a jednak r\u00f3wnie\u017c najgorszym. Teraz to jednak sprawa dla historyk\u00f3w. Demokracja nie \u017cyje, rodzi si\u0119 biotechnokracja.<\/p>\r\n<p><strong><em>Marcin Jendrzejczak<\/em><\/strong><\/p>\r\n<blockquote>\r\n<p>[<strong>Wybrane wypowiedzi internaut\u00f3w pod w\/w tekstem na stronie \u017ar\u00f3d\u0142owej:<\/strong>]<\/p>\r\n<p><strong>Najgorsze jest, \u017ce to co rok temu budzi\u0142o niedowierzanie, dzi\u015b uznawane jest za naturalne zamykanie w domach, maseczki, a to co dzi\u015b ludzi oburza przymusowe szczepienia, segregacja ju\u017c za chwil\u0119 zostanie zracjonalizowane i wi\u0119kszo\u015b\u0107 ludzi uzna, \u017ce to uzasadnione i sprawiedliwe dzia\u0142anie.<\/strong> Ba, jeszcze b\u0119d\u0105 si\u0119 dziwi\u0107, ze by\u0142 czas kiedy tak nie by\u0142o. Co za barbarzy\u0144stwo chodzi\u0107 po ulicach i bezkarnie zara\u017ca\u0107 nie wiadomo czym, by\u0107 takim cichym morderca bez sumienia. A przecie\u017c ka\u017cdy jest nosicielem wirus\u00f3w, czasem bezobjawowym, czasem objawowym, zawsze jednak mo\u017ce kogo\u015b zarazi\u0107 i kto\u015b umrze. Przecie\u017c nie mo\u017cna nikogo nara\u017ca\u0107 na utrat\u0119 zdrowia i \u017cycia. Niestety ludzie ju\u017c tak my\u015bl\u0105.<br>\r\n<em>Iw<\/em><br>\r\n<br>\r\nTo nie prawda \u017ce \u015bwiat si\u0119 zmieni\u0142 szybko pod wp\u0142ywem pseudopandemi.To du\u017ca cz\u0119\u015b\u0107 ludzi zosta\u0142a zmieniona ich spos\u00f3b my\u015blenia i \u015bwiatopogl\u0105d.Dlatego mogli tak szybko wprowadzi\u0107 tak du\u017ce zmiany.A demokracja zamienia si\u0119 ju\u017c w technokracje podporz\u0105dkowanie ludzi przedmiotom.<br>\r\n<em>Andrzej.<\/em><br>\r\n<br>\r\nAndrzejBR &#8211; samym chwaleniem Pana lud bo\u017cy nie przetrwa. Wyra\u017anie powiedzia\u0142 \u017ce lepiej by by\u0142o utopi\u0107 go w morzu deprawatora. Jak lud bo\u017cy tego nie pojmie \u017ce patologi\u0119 MUSI zastraszy\u0107 to lud bo\u017cy p\u00f3jdzie do likwidacji. Dzieci i wnuki nam zdeprawuj\u0105 i ma\u0142o kto si\u0119 ostanie. Raczysko si\u0119 wycina skalpelem, laserem, chemi\u0105, na\u015bwietlaniami &#8211; likwiduje si\u0119 fizycznie tak jak to robi\u0142 Eliasz! Z wn\u0119trza ko\u015bcio\u0142a idzie przekaz od sodomit\u00f3w w hierarchii \u017ceby jeno drugi policzek i co jeszcze innego to pomin\u0119 nadstawia\u0107 i modli\u0107 si\u0119. Ot\u00f3\u017c poza modlitw\u0105: &#8222;Kto by si\u0119 sta\u0142 powodem grzechu dla jednego z tych ma\u0142ych, kt\u00f3rzy wierz\u010512, temu by\u0142oby lepiej uwi\u0105za\u0107 kamie\u0144 m\u0142y\u0144ski u szyi i wrzuci\u0107 go w morze.&#8221; Przecie\u017c to wezwanie do dzia\u0142ania a nie modlitwy! Nie oznacza to \u017ce m\u00f3wi\u0119 aby si\u0119 nie modli\u0107 &#8211; modli\u0107 i dzia\u0142a\u0107. Ogarnijcie si\u0119 bo wszystkich nie nawr\u00f3cicie &#8211; Chrystus nie nawr\u00f3ci\u0142 osobi\u015bcie &#8211; wy\u017cej od Niego si\u0119 stawiacie?<br>\r\n<em>Jot<\/em><br>\r\n<br>\r\nCa\u0142a ta PLANdemia to gwa\u0142t na prawie i rozumie<strong>. Lidle, Kauflandy, Biedry pootwierane a stoki narciarskie zamkni\u0119te.Przecie\u017c traktuj\u0105 nas jak bezrozumne byd\u0142o.<\/strong> Na wiosn\u0119 zesz\u0142ego roku nawet lasy by\u0142y siedliskiem wirusa a markety nie. Zdepopuluj\u0105 nas bezproblemowo. Mog\u0105 robi\u0107 co chc\u0105.<br>\r\n<em>Jot<\/em><br>\r\n<br>\r\n@aaa: Czas trwania danego ustroju w wi\u0119kszo\u015bci przypadk\u00f3w jest zale\u017cny od ilo\u015bci policji i wojska stoj\u0105cych za rz\u0105dz\u0105cymi<br>\r\n<em>anonim_galeon<\/em><\/p>\r\n<\/blockquote>\r\n<\/div>","protected":false},"excerpt":{"rendered":"Rok 2020 min\u0105\u0142 pod znakiem pandemii i zwi\u0105zanych z ni\u0105 ogranicze\u0144 w dost\u0119pie do s\u0142u\u017cby zdrowia, a tak\u017ce ogranicze\u0144 dzia\u0142alno\u015bci gospodarczej. Rok 2021 stoi pod znakiem szczepie\u0144 i zwi\u0105zanego z nimi podzia\u0142u na obywateli lepszego i gorszego sortu. Na zgliszczach demokracji, niczym feniks z popio\u0142\u00f3w, rodzi si\u0119 nowy ustr\u00f3j: biotechnokracja\u2026 Zm\u0119czenie przed\u0142u\u017caj\u0105c\u0105 si\u0119 niepewno\u015bci\u0105 i [&hellip;]","protected":false},"author":1,"featured_media":0,"comment_status":"closed","ping_status":"closed","sticky":false,"template":"","format":"standard","meta":{"_acf_changed":false,"_monsterinsights_skip_tracking":false,"_monsterinsights_sitenote_active":false,"_monsterinsights_sitenote_note":"","_monsterinsights_sitenote_category":0,"ngg_post_thumbnail":0,"footnotes":"","_wp_rev_ctl_limit":""},"categories":[451],"tags":[433,351,20,452],"acf":[],"_links":{"self":[{"href":"https:\/\/www.bibula.com\/index.php?rest_route=\/wp\/v2\/posts\/122317"}],"collection":[{"href":"https:\/\/www.bibula.com\/index.php?rest_route=\/wp\/v2\/posts"}],"about":[{"href":"https:\/\/www.bibula.com\/index.php?rest_route=\/wp\/v2\/types\/post"}],"author":[{"embeddable":true,"href":"https:\/\/www.bibula.com\/index.php?rest_route=\/wp\/v2\/users\/1"}],"replies":[{"embeddable":true,"href":"https:\/\/www.bibula.com\/index.php?rest_route=%2Fwp%2Fv2%2Fcomments&post=122317"}],"version-history":[{"count":2,"href":"https:\/\/www.bibula.com\/index.php?rest_route=\/wp\/v2\/posts\/122317\/revisions"}],"predecessor-version":[{"id":122319,"href":"https:\/\/www.bibula.com\/index.php?rest_route=\/wp\/v2\/posts\/122317\/revisions\/122319"}],"wp:attachment":[{"href":"https:\/\/www.bibula.com\/index.php?rest_route=%2Fwp%2Fv2%2Fmedia&parent=122317"}],"wp:term":[{"taxonomy":"category","embeddable":true,"href":"https:\/\/www.bibula.com\/index.php?rest_route=%2Fwp%2Fv2%2Fcategories&post=122317"},{"taxonomy":"post_tag","embeddable":true,"href":"https:\/\/www.bibula.com\/index.php?rest_route=%2Fwp%2Fv2%2Ftags&post=122317"}],"curies":[{"name":"wp","href":"https:\/\/api.w.org\/{rel}","templated":true}]}}