{"id":122282,"date":"2021-01-21T09:59:27","date_gmt":"2021-01-21T14:59:27","guid":{"rendered":"https:\/\/www.bibula.com\/?p=122282"},"modified":"2021-01-21T09:59:27","modified_gmt":"2021-01-21T14:59:27","slug":"zacznijmy-leczyc-covid-19-aby-uratowac-nasze-zdrowie-zycie-i-gospodarke-wlodzimierz-bodnar","status":"publish","type":"post","link":"https:\/\/www.bibula.com\/?p=122282","title":{"rendered":"Zacznijmy leczy\u0107 COVID-19, aby uratowa\u0107 nasze zdrowie, \u017cycie i gospodark\u0119 &#8211; <em> W\u0142odzimierz Bodnar<\/em>"},"content":{"rendered":"<p><strong><em>Lekarze, otw\u00f3rzcie si\u0119, zacznijcie leczy\u0107 pacjent\u00f3w.<\/em><\/strong><br>\r\n<strong><em>To pomo\u017ce w pokonaniu tej sztucznie utrzymanej pandemii.<\/em><\/strong><\/p>\r\n<p><strong>P<\/strong>o <a href=\"https:\/\/przychodnia-przemysl.pl\/list-otwarty-do-moniki-olejnik-w-sprawie-leczenia-amantadyna\/\" target=\"_blank\" rel=\"noopener\">li\u015bcie otwartym do Pani Moniki Olejnik<\/a> my\u015bla\u0142em, \u017ce media dojd\u0105 do jakiej\u015b refleksji. Okazuje si\u0119 niestety, \u017ce jest wr\u0119cz odwrotnie. Tym razem negacja przysz\u0142a z <em>telewizji publicznej TVP<\/em>, gdzie w g\u0142\u00f3wnym wydaniu Wiadomo\u015bci dyskredytuje si\u0119 leczenie amantadyn\u0105 powo\u0142uj\u0105c si\u0119<em> na tzw. \u2018apel lekarzy\u2019. By pod \u017cadnym pozorem jej nie stosowa\u0107 ze wzgl\u0119du na jej toksyczno\u015b\u0107. <\/em><\/p>\r\n<p><a href=\"https:\/\/www.polsatnews.pl\/wideo-program\/gosc-wydarzen-adam-niedzielski_6783022\/\" target=\"_blank\" rel=\"noopener\">A jednocze\u015bnie 19.01.2021<\/a> Minister Zdrowia Adam Niedzielski r\u00f3wnie\u017c powtarza te s\u0142owa i wymijaj\u0105co odpowiada w wywiadach na temat amantadyny. Dodatkowo twierdzi, \u017ce <em>to ogromne nieszcz\u0119\u015bcie, \u017ce ludzie lecz\u0105 si\u0119 m.in. amantadyn\u0105 <\/em>i przez takie leczenia trafiaj\u0105 w ci\u0119\u017ckim stanie do szpitala.<\/p>\r\n<p>Panie Ministrze, mam ogromn\u0105 pro\u015bb\u0119. Prosz\u0119 si\u0119 pochwali\u0107, jakie Pan leczenie obecnie rekomenduje i czy Polacy maj\u0105 faktycznie dost\u0119p do lekarza. Jak Pan pom\u00f3g\u0142 Polakom, kt\u00f3rzy nie brali \u017cadnych lek\u00f3w (zgodnie z rekomendacjami) i czekali na Pana pomoc, by w ko\u0144cu umrze\u0107 w szpitalu. Lub po cichu, w samotno\u015bci i \u017calu w swoim domu. Nie otrzymuj\u0105c \u017cadnej pomocy. Jedyne co Pa\u0144stwo zrobili to na\u0142o\u017cenie na nich kwarantanny, nasy\u0142anie s\u0142u\u017cb sanitarnych i policji w celu ich pilnowania.<\/p>\r\n<p>Wytworzono strach, by nie mogli opu\u015bci\u0107 domu pod \u017cadnym pozorem, <em>bo grozi im wysoka kara<\/em>. Tu musz\u0119 przyzna\u0107, \u017ce cel zosta\u0142 osi\u0105gni\u0119ty. Chorzy boj\u0105 si\u0119 wyj\u015b\u0107 do lekarza, kt\u00f3ry i tak zamkn\u0105\u0142 przed nimi drzwi przychodni, trac\u0105 zdrowie i w konsekwencji \u017cycie. Czego efektem jest dzienny licznik \u2018zgon\u00f3w\u2019, kt\u00f3ry tak szczytnie jest publikowany?<\/p>\r\n<p>Jednocze\u015bnie w mediach nadawane s\u0105 ci\u0105gle wypowiedzi<a href=\"https:\/\/wiadomosci.gazeta.pl\/wiadomosci\/7,173952,26688281,wiceminister-zachwala-amantadyne-prof-krzysztof-simon-skandaliczna.html\" target=\"_blank\" rel=\"noopener\"> ekspert\u00f3w, m.in. profesora Simona<\/a>, kt\u00f3ry twierdzi, \u017ce <em>amantadyna powoduje niebezpieczne mutacje<\/em> wirusa SARS-CoV-2. <strong>Nie poparte \u017cadn\u0105 wiedz\u0105 naukow\u0105, przekazywane bezrefleksyjnie.<\/strong> I tym bardziej zdumiewaj\u0105ce, \u017ce wed\u0142ug tych samych ekspert\u00f3w ten <em>lek nie dzia\u0142a,<\/em> wi\u0119c jak mia\u0142oby to wp\u0142yn\u0105\u0107 jednocze\u015bnie na mutacj\u0119? Zacytuj\u0119 jeden z komentarzy internaut\u00f3w, kt\u00f3ry pojawi\u0142 si\u0119 na mojej stronie internetowej:&nbsp;<\/p>\r\n<p>\u201c(\u2026) <em>pl\u00f3t\u0142 g\u0142upoty, a na koniec stwierdzi\u0142, \u017ce to po leczeniu amantadyn\u0105 wirus b\u0119dzie mutowa\u0142 !!!! Ale tym zacietrzewieniem i ko\u0144cowym stwierdzeniem sam sobie da\u0142 \u015bwiadectwo jakim to on jest profesorem ! \u201cUczona\u201d niewiedza godna pogardy, a nie tytu\u0142u profesora !!<\/em> \u201c<\/p>\r\n<p><strong>Nie pozostaje mi nic innego, jak tylko powiedzie\u0107 publicznie, \u017ce w naszym kraju ani na ca\u0142ym \u015bwiecie ma\u0142o komu zale\u017cy na leczeniu ludzi chorych na COVID-19.<\/strong> Podawanie ci\u0105gle statystyk o liczbie zgon\u00f3w i zachorowa\u0144 na COVID-19 jest jedynym i najwa\u017cniejszym argumentem do zamkni\u0119cia wszystkiego. W tym ca\u0142ej gospodarki, bo przecie\u017c ludzie umieraj\u0105. A jak wygl\u0105da leczenie, dost\u0119p do s\u0142u\u017cby zdrowia \u2013 wielu z nas mo\u017ce przekona\u0107 samemu.<\/p>\r\n<p>Mia\u0142em jeszcze z\u0142udzenia, \u017ce uda si\u0119 pokaza\u0107, \u017ce choroba jest \u0142atwa do leczenia i mimo wielu \u015bwiadectw skutecznego wyleczenia amantadyn\u0105 nic nie mog\u0119 zrobi\u0107. Spotka\u0142em si\u0119 z komentarzami, \u017ce sam mog\u0119 zrobi\u0107 badania kliniczne i udowodni\u0107 skuteczno\u015b\u0107. Niestety, wed\u0142ug prawa, osoba prywatna, ani przychodnia nie mo\u017ce zgodnie z przepisami takich bada\u0144 prowadzi\u0107 \u2013 tak wynika z procedur Komisji Bioetycznej. Mo\u017cna posun\u0105\u0107 si\u0119 dalej z wnioskami, \u017ce tutaj wcale nie chodzi o leczenie.<\/p>\r\n<p>Zamyka si\u0119 wszystko dla naszego dobra. Wprowadza si\u0119 dalsze zakazy i niszczy wszelkie przedsi\u0119biorstwa, tracicie wszystko. Ju\u017c za chwil\u0119 (o ile ju\u017c nie teraz w cz\u0119\u015bci przypadk\u00f3w) nie b\u0119dzie do czego wraca\u0107. Zniknie wszelka przedsi\u0119biorczo\u015b\u0107. Pozostan\u0105 jedynie wielkie korporacje i drobni rzemie\u015blnicy, kt\u00f3rzy b\u0119d\u0105 na ich \u0142asce. To w zasadzie ju\u017c si\u0119 dzieje. Wystarczy spojrze\u0107 na Europ\u0119. Klasa \u015brednia przesta\u0142a istnie\u0107 w zaledwie rok,<a href=\"https:\/\/www.bankier.pl\/wiadomosc\/Ekonomisci-Koronawirus-w-Hiszpanii-zredukowal-klase-srednia-do-poziomu-z-lat-90-8033862.html\" target=\"_blank\" rel=\"noopener\"> w Hiszpanii jej poziom spad\u0142 do tego z 1990<\/a>. Czyli 30 lat dobrobytu.<\/p>\r\n<p>Ja, jako obywatel tego kraju nie zgadzam si\u0119 z tak\u0105 polityk\u0105.<strong> Apeluj\u0119 jeszcze raz o g\u0142os rozs\u0105dku. Apeluj\u0119 w szczeg\u00f3lno\u015bci do mojej grupy zawodowej \u2013 do LEKARZY.<\/strong> Obecnie zamkni\u0119te przychodnie, to tylko przycz\u00f3\u0142ek do dalszych zmian. To wystarczy, by posun\u0105\u0107 si\u0119 dalej, aby Was mo\u017cna by\u0142o zamkn\u0105\u0107 raz na zawsze, a \u015bredni wiek lekarzy rodzinnych to 60-65 lat. Mog\u0105 by\u0107 wprowadzane coraz to nowe regulacje, kt\u00f3rych finalnie przychodnie nie b\u0119d\u0105 w stanie spe\u0142ni\u0107. Na przyk\u0142ad \u015bwiadcze\u0144 kompleksowych, czy obowi\u0105zek podlegania pod inne jednostki. Brzmi nieprawdopodobnie? O tym ju\u017c si\u0119 m\u00f3wi\u0142o rok temu, zach\u0119cam do lektury artyku\u0142u z<a href=\"https:\/\/serwisy.gazetaprawna.pl\/zdrowie\/artykuly\/1455934,wlaczenie-poz-do-szpitali-powiatowych.html\" target=\"_blank\" rel=\"noopener\"> Gazety Prawnej z 27.02.2020: Szpitalny zamach na autonomi\u0119 lekarzy rodzinnych<\/a>, gdzie w zamy\u015ble szpitale maj\u0105 przej\u0105\u0107 leczenie w ramach POZ.<\/p>\r\n<p><strong>Dziwi\u0119 si\u0119 wi\u0119c grupie zawodowej lekarzy, kt\u00f3ra jest tak zastraszona. Obud\u017acie si\u0119, bo za chwil\u0119 nikt z Was nic nie b\u0119dzie mie\u0107 do powiedzenia. Zaczniecie pracowa\u0107 w korporacjach.<\/strong> B\u0119dziecie mie\u0107 do wyboru tylko jeden zak\u0142ad. I aby pracowa\u0107 gdzie indziej, b\u0119dziecie musieli uzyska\u0107 na to zgod\u0119.<\/p>\r\n<p>I nie, nie utrzymacie si\u0119 z gabinet\u00f3w prywatnych, bo nie b\u0119dzie Was sta\u0107 na konkurencj\u0119 z korporacj\u0105 \u2013 popatrzcie na inne bran\u017ce. Je\u015bli teraz nie pomo\u017cecie innym, to w przysz\u0142o\u015bci nikt Wam nie b\u0119dzie w stanie pom\u00f3c. Otw\u00f3rzcie si\u0119, zacznijcie leczy\u0107 pacjent\u00f3w. To pomo\u017ce w pokonaniu tej sztucznie utrzymanej pandemii.<\/p>\r\n<p>Na tak\u0105 pandemi\u0119 czekano wiele lat. Ma ona trwa\u0107 i trwa\u0107. Bo jest to jeden ze spos\u00f3b na utrzymanie wysokiej inflacji, przez co pa\u0144stwa sztucznie zani\u017caj\u0105 sw\u00f3j d\u0142ug PKB. Kosztem Waszych oszcz\u0119dno\u015bci <em>(w tym ujemne stopy procentowe)<\/em>, kt\u00f3re topniej\u0105 w oczach i trac\u0105 w ten spos\u00f3b na warto\u015bci. <strong>Jednocze\u015bnie nast\u0119puje przejmowanie za bezcen wiele ga\u0142\u0119zi gospodarki, za dodrukowane wcze\u015bniej pieni\u0105dze. Zyskuj\u0105 banki i wielkie korporacje, za\u015b ca\u0142e maj\u0105tki trac\u0105 \u015brednie i ma\u0142e firmy oraz jednostki.<\/strong><\/p>\r\n<p>Dlatego apeluj\u0119 do Polskiego Rz\u0105du o racjonalne i m\u0105dre podej\u015bcie, nie uleganiu presji mi\u0119dzynarodowej i dyrektywom, kt\u00f3re nikomu nie s\u0142u\u017c\u0105 a przyczyniaj\u0105 si\u0119 do zniszczenia naszej gospodarki. Takie pr\u00f3by i spekulacje odbywa\u0142y si\u0119 ju\u017c w przesz\u0142o\u015bci.<\/p>\r\n<p>Zdecydowanie polecam lektur\u0119 artyku\u0142u 29.11.2009 z \u201c<a href=\"https:\/\/www.tygodnikprzeglad.pl\/kto-zarabia-na-grypie\/\" target=\"_blank\" rel=\"noopener\">Tygodnika Przegl\u0105d\u201d pod tytu\u0142em \u201cKto zarabia na grypie\u201d<\/a>.<\/p>\r\n<p><strong>Nie \u0142ud\u017acie si\u0119, \u017ce cokolwiek zostanie otwarte. \u017be zaczn\u0105 ponownie uczy\u0107 dzieci w szko\u0142ach, czy przestan\u0105 ogranicza\u0107 dost\u0119p, cho\u0107by do ko\u015bcio\u0142a.<\/strong> Zreszt\u0105 za chwil\u0119 i tak zostan\u0105 puste. Kwestia czasu, kiedy i tak Was zlicytuj\u0105 nie zostawiaj\u0105c Wam niczego, zgodnie z prawem!<\/p>\r\n<p>Z powa\u017caniem,<\/p>\r\n<p><strong><em>W\u0142odzimierz Bodnar<\/em><\/strong><\/p>\r\n<p>[\u0179r\u00f3dlo:] <a href=\"https:\/\/przychodnia-przemysl.pl\/zacznijmy-leczyc-covid-19-aby-uratowac-nasze-zdrowie-zycie-i-gospodarke\/\">https:\/\/przychodnia-przemysl.pl\/zacznijmy-leczyc-covid-19-aby-uratowac-nasze-zdrowie-zycie-i-gospodarke\/<\/a> (20 Stycze\u0144)<\/p>\r\n<p class=\"zrodlo\">Za: <a href=\"http:\/\/dakowski.pl\/index.php?option=com_content&amp;task=view&amp;id=30232&amp;Itemid=100\">Strona prof. Miros\u0142awa Dakowskiego (21.01.2021)<\/a><\/p>","protected":false},"excerpt":{"rendered":"Lekarze, otw\u00f3rzcie si\u0119, zacznijcie leczy\u0107 pacjent\u00f3w. To pomo\u017ce w pokonaniu tej sztucznie utrzymanej pandemii. Po li\u015bcie otwartym do Pani Moniki Olejnik my\u015bla\u0142em, \u017ce media dojd\u0105 do jakiej\u015b refleksji. Okazuje si\u0119 niestety, \u017ce jest wr\u0119cz odwrotnie. Tym razem negacja przysz\u0142a z telewizji publicznej TVP, gdzie w g\u0142\u00f3wnym wydaniu Wiadomo\u015bci dyskredytuje si\u0119 leczenie amantadyn\u0105 powo\u0142uj\u0105c si\u0119 na [&hellip;]","protected":false},"author":1,"featured_media":0,"comment_status":"closed","ping_status":"closed","sticky":false,"template":"","format":"standard","meta":{"_acf_changed":false,"_monsterinsights_skip_tracking":false,"_monsterinsights_sitenote_active":false,"_monsterinsights_sitenote_note":"","_monsterinsights_sitenote_category":0,"ngg_post_thumbnail":0,"footnotes":"","_wp_rev_ctl_limit":""},"categories":[451],"tags":[433,105,98],"acf":[],"_links":{"self":[{"href":"https:\/\/www.bibula.com\/index.php?rest_route=\/wp\/v2\/posts\/122282"}],"collection":[{"href":"https:\/\/www.bibula.com\/index.php?rest_route=\/wp\/v2\/posts"}],"about":[{"href":"https:\/\/www.bibula.com\/index.php?rest_route=\/wp\/v2\/types\/post"}],"author":[{"embeddable":true,"href":"https:\/\/www.bibula.com\/index.php?rest_route=\/wp\/v2\/users\/1"}],"replies":[{"embeddable":true,"href":"https:\/\/www.bibula.com\/index.php?rest_route=%2Fwp%2Fv2%2Fcomments&post=122282"}],"version-history":[{"count":2,"href":"https:\/\/www.bibula.com\/index.php?rest_route=\/wp\/v2\/posts\/122282\/revisions"}],"predecessor-version":[{"id":122284,"href":"https:\/\/www.bibula.com\/index.php?rest_route=\/wp\/v2\/posts\/122282\/revisions\/122284"}],"wp:attachment":[{"href":"https:\/\/www.bibula.com\/index.php?rest_route=%2Fwp%2Fv2%2Fmedia&parent=122282"}],"wp:term":[{"taxonomy":"category","embeddable":true,"href":"https:\/\/www.bibula.com\/index.php?rest_route=%2Fwp%2Fv2%2Fcategories&post=122282"},{"taxonomy":"post_tag","embeddable":true,"href":"https:\/\/www.bibula.com\/index.php?rest_route=%2Fwp%2Fv2%2Ftags&post=122282"}],"curies":[{"name":"wp","href":"https:\/\/api.w.org\/{rel}","templated":true}]}}