{"id":122256,"date":"2021-01-19T15:50:21","date_gmt":"2021-01-19T20:50:21","guid":{"rendered":"https:\/\/www.bibula.com\/?p=122256"},"modified":"2021-03-03T15:20:30","modified_gmt":"2021-03-03T20:20:30","slug":"blazenada-pod-nazwa-polska-marynarka-wojenna-mon-zapewnia-ze-okrety-podwodne-moga-sie-zanurzac-i-wynurzac","status":"publish","type":"post","link":"https:\/\/www.bibula.com\/?p=122256","title":{"rendered":"B\u0142azenada pod nazw\u0105: Polska Marynarka Wojenna. MON zapewnia, \u017ce okr\u0119ty podwodne mog\u0105 si\u0119 zanurza\u0107 i wynurza\u0107&#8230;"},"content":{"rendered":"<h4>MON zapewnia: polskie okr\u0119ty podwodne typu Kobben s\u0105 zdolne do bezpiecznego zanurzania i wynurzania<\/h4>\r\n<p>W odpowiedzi na szereg pyta\u0144 pos\u0142\u00f3w Konfederacji nt. kondycji starych okr\u0119t\u00f3w podwodnych typu Kobben, wci\u0105\u017c u\u017cywanych przez Marynark\u0119 Wojenn\u0105 RP, MON zapewnia, \u017ce s\u0105 one zdolne do bezpiecznego zanurzania i wynurzania. Resort nie chce ujawni\u0107 \u017cadnych konkretnych informacji ws. planowanych termin\u00f3w pozyskania nowych okr\u0119t\u00f3w podwodnych w ramach programu \u201eOrka\u201d.<\/p>\r\n<p>W pa\u017adzierniku 2020 roku grupa pos\u0142\u00f3w Konfederacji, Konrad Berkowicz, Grzegorz Braun, Artur Dziambor i Janusz Korwin-Mikke, wystosowa\u0142a do resort\u00f3w obrony i spraw zagranicznych interpelacj\u0119 w sprawie okr\u0119t\u00f3w podwodnych i wsp\u00f3\u0142pracy mi\u0119dzynarodowej. Do MON skierowano kilkana\u015bcie pyta\u0144, dotycz\u0105cych \u015bci\u015ble kwestii zwi\u0105zanych z pozostaj\u0105cymi wci\u0105\u017c w s\u0142u\u017cbie w Marynarce Wojennej RP, starymi okr\u0119tami podwodnymi typu Kobben.<\/p>\r\n<p>Pos\u0142owie w interpelacji pytali m.in., \u201ena podstawie jakich przetarg\u00f3w, od jakiej firmy, za jakie kwoty i w jakim okresie zosta\u0142y zakupione cz\u0119\u015bci zamienne do okr\u0119t\u00f3w Kobben\u201d, \u201eczy okr\u0119ty podwodne Kobben s\u0105 zdolne do bezpiecznego zanurzenia\u201d, a je\u015bli tak, to kiedy by\u0142o to ostatnio testowane i na jakiej g\u0142\u0119boko\u015bci\u201d czy w jakich \u0107wiczeniach mi\u0119dzynarodowych ostatnio bra\u0142 udzia\u0142 ORP Bielik?<\/p>\r\n<p>Zapytano te\u017c, kto przeprowadza inspekcje techniczne na ORP Bielik i gdzie mo\u017cna znale\u017a\u0107 jej wyniki oraz \u201eczy ORP Bielik jako okr\u0119t z nap\u0119dem diesel-elektrycznym spe\u0142nia normy ochrony \u015brodowiska\u201d.<\/p>\r\n<p>\u201eCzy przeprowadzano badania dotycz\u0105ce emisji spalin spowodowanej u\u017cyciem ORP Bielik?\u201d \u2013 pytaj\u0105 pos\u0142owie Konfederacji. Pytania dotyczy\u0142y te\u017c kolejny raz potencjalnego, promocyjnego rejsu jednego z okr\u0119t\u00f3w klasy Kobben dooko\u0142a \u015bwiata. [&#8230;]<\/p>\r\n<p>Wicemister odni\u00f3s\u0142 si\u0119 te\u017c do pytania o zdolno\u015bci techniczne jednostek typu Kobben, u\u017cywanych przez Polsk\u0119. <strong>\u201eOkr\u0119ty podwodne typu KOBBEN s\u0105 zdolne do bezpiecznego zanurzania i wynurzania\u201d \u2013 zapewni\u0142 Skurkiewicz.<\/strong> Doda\u0142, \u017ce \u201eostatnie zanurzanie okr\u0119tu podwodnego tego typu odby\u0142o si\u0119 we wrze\u015bniu br. na poligonie Marynarki Wojennej podczas planowej wsp\u00f3\u0142pracy z si\u0142ami ratowniczymi Marynarki Wojennej RP\u201d. [&#8230;]<\/p>\r\n<p>Czytaj wi\u0119cej: <a href=\"https:\/\/kresy.pl\/wydarzenia\/mon-chce-kupic-uzywane-okrety-podwodne-od-szwecji-czy-bedzie-to-jedynie-rozwiazanie-pomostowe\/\">MON chce kupi\u0107 u\u017cywane okr\u0119ty podwodne od Szwecji. Czy b\u0119dzie to jedynie rozwi\u0105zanie pomostowe? <\/a><\/p>\r\n<p><a href=\"https:\/\/www.sejm.gov.pl\/sejm9.nsf\/InterpelacjaTresc.xsp?key=BXAG4W&amp;view=6\" target=\"_blank\" rel=\"noopener noreferrer\">sejm.gov.pl<\/a> \/ Kresy.pl<\/p>\r\n<p class=\"zrodlo\">Ca\u0142o\u015b\u0107: <a href=\"https:\/\/kresy.pl\/wydarzenia\/mon-zapewnia-polskie-okrety-podwodne-typu-kobben-sa-zdolne-do-bezpiecznego-zanurzania-i-wynurzania\/\">Kresy.pl (19 stycznia 2021)<\/a> &#8211; [Org. tytu\u0142: \u00abMON zapewnia: polskie okr\u0119ty podwodne typu Kobben s\u0105 zdolne do bezpiecznego zanurzania i wynurzania\u00bb]<\/p>\r\n<h4>&nbsp;<\/h4>\r\n<hr style=\"background-color: #000000; border-width: 0; color: #000000; height: 2px; line-height: 0; text-align: center; width: 100%;\">\r\n<h4>&nbsp;<\/h4>\r\n<h2>Polska flota podwodna na dnie<\/h2>\r\n<p>Rzeczpospolita Polska posiada 440 km linii brzegowej Ba\u0142tyku i tylko 3 okr\u0119ty podwodne. Dwa z nich w tym roku b\u0119dzie trzeba zez\u0142omowa\u0107, bo maj\u0105 ju\u017c p\u00f3\u0142 wieku i s\u0105 niebezpieczne dla za\u0142ogant\u00f3w.<\/p>\r\n<p>Nawet polska gospodarka pod rz\u0105dami PiS nie jest w tak op\u0142akanym stanie, jak polska marynarka wojenna pod rz\u0105dami PiS (oraz wszystkich poprzednich rz\u0105d\u00f3w).<\/p>\r\n<p>Maj\u0105c najd\u0142u\u017csz\u0105 lini\u0119 brzegow\u0105 w historii, nie zadbali\u015bmy w og\u00f3le o morsk\u0105 obron\u0119 naszego pa\u0144stwa.<\/p>\r\n<p><strong>Obecnie grupa rekonstruktor\u00f3w historycznych, kt\u00f3ra dumnie nazywa si\u0119 \u201eMarynark\u0105 Wojenn\u0105 RP\u201d posiada\u2026 3 okr\u0119ty podwodne.<\/strong><\/p>\r\n<p><strong>2\/3 tej wspania\u0142ej floty nadaje si\u0119 na z\u0142om i prawdopodobnie w tym roku w\u0142a\u015bnie tam si\u0119 znajdzie.<\/strong><\/p>\r\n<p>\u2013 Okr\u0119ty podwodne typu Kobben planuje si\u0119 wycofa\u0107 z eksploatacji w 2021 roku. Uwa\u017cam t\u0119 decyzj\u0119 za s\u0142uszn\u0105, bowiem dalsza eksploatacja tych ponad 50-letnich jednostek mog\u0142a nara\u017ca\u0107 na utrat\u0119 zdrowia i \u017cycia ich za\u0142ogi \u2013 m\u00f3wi redakcji o2.pl Tomasz Dmitruk, analityk \u201eDziennika Zbrojnego\u201d.<\/p>\r\n<p>Okr\u0119ty, o kt\u00f3rych mowa, to poniemieckie jednostki klasy Kobben: <strong>54-letni ORP Bielik i 55-letni ORP S\u0119p.<\/strong> Czyli oba maj\u0105 ponad p\u00f3\u0142 wieku!<\/p>\r\n<p>No dobrze \u2013 zez\u0142omujemy te dwa, ale przecie\u017c jeszcze jeden nam zostanie. Ten jeden na pewno jest podwodnym pogromc\u0105, prawda? Ano nieprawda. Bo 35-letni poradziecki ORP Orze\u0142 od 2017 roku nieustannie jest w remoncie. [&#8230;]<\/p>\r\n<p class=\"zrodlo\">Ca\u0142o\u015b\u0107: <a href=\"https:\/\/nczas.com\/2021\/01\/21\/polska-flota-podwodna-na-dnie\/\">Najwy\u017cszy Czas! (21 stycznia 2021)<\/a><\/p>\r\n<h4>&nbsp;<\/h4>\r\n<hr style=\"background-color: #000000; border-width: 0; color: #000000; height: 2px; line-height: 0; text-align: center; width: 100%;\">\r\n<h4>&nbsp;<\/h4>\r\n<h2>Kolejne kraje buduj\u0105 okr\u0119ty podwodne. Polska szoruje dno<\/h2>\r\n<p>\u201ePolskie k\u0142y\u201d, czyli okr\u0119ty podwodne nowej generacji stacjonuj\u0105ce w naszych portach, to jedna z wielu rz\u0105dowych deklaracji, kt\u00f3re jak dot\u0105d nie doczeka\u0142y si\u0119 realizacji. W ramach programu \u201eOrka\u201d mieli\u015bmy pozyska\u0107 trzy okr\u0119ty, kt\u00f3re zast\u0105pi\u0105 wys\u0142u\u017cone, m.in. 40 i 60-letnie jednostki. Nie ma \u201ek\u0142\u00f3w\u201d nawet w postaci \u201emleczak\u00f3w\u201d. Kolejne kraje realizuj\u0105 swe programy, a w Polsce perspektywa posiadania okr\u0119t\u00f3w z prawdziwego zdarzenia oddala si\u0119 o kolejne dekady.<\/p>\r\n<p>Posiadanie okr\u0119t\u00f3w podwodnych, to nie tylko wzgl\u0119dy bezpiecze\u0144stwa. Najwa\u017cniejszej jest utrzymanie zdolno\u015bci i umiej\u0119tno\u015bci marynarzy. Powod\u00f3w zawieszenia programu \u201eOrka\u201d jest wiele, g\u0142\u00f3wny to oczywi\u015bcie brak pieni\u0119dzy. Teraz dosz\u0142a jeszcze pandemia koronawirusa, kt\u00f3ra mocno przetrzebi\u0142a pa\u0144stwowy portfel. Co ciekawe, w kraju, kt\u00f3ry w Europie jest jednym z najbardziej poszkodowanych przez pandemi\u0119 \u2013 we W\u0142oszech, og\u0142oszono w\u0142a\u015bnie, \u017ce rusza budowa nowych okr\u0119t\u00f3w podwodnych. W\u0142oska stocznia Fincantieri dzi\u0119ki kontraktowi z Thyssenkrupp Marine System, i wsp\u00f3\u0142pracy z mi\u0119dzynarodow\u0105 grup\u0105 Leonardo, zbuduje dwa okr\u0119ty, w 2027 i 2029 r. Niemiecki Thyssenkrupp oferuje podobn\u0105 wsp\u00f3\u0142prac\u0119 polskiej Marynarce Wojennej, rywalizuje w tym programie ze szwedzkim Saabem i francuskim Naval Group. Ta rywalizacji potrwa zapewne jeszcze co najmniej dwie dekady.<\/p>\r\n<p>W\u0142oski przypadek jest o tyle interesuj\u0105cy, \u017ce jednostki zostan\u0105 wyposa\u017cone w system zarz\u0105dzania podwodn\u0105 walk\u0105 opracowany przez koncern Leonardo, kolejn\u0105 w\u0142oska firm\u0119. Wszystko, a przede wszystkim ogromne pieni\u0105dze, zostaje wi\u0119c \u201ew rodzinie\u201d. Leonardo poza CMS, systemem nadzoru i ochrony okr\u0119t\u00f3w, dostarczy te\u017c laboratorium symulacyjno-szkoleniowe dla O\u015brodka \u0141odzi Podwodnych w\u0142oskiej marynarki wojennej w Taranto oraz pakiet wsparcia logistycznego obejmuj\u0105cy szkolenie personelu i zestaw cz\u0119\u015bci zamiennych. W tym samym czasie w Polsce od lat powstaj\u0105 plany i prezentacje, czyli wyborczy koncerty \u017cycze\u0144 [&#8230;]<\/p>\r\n<p class=\"zrodlo\">Ca\u0142o\u015b\u0107: <a href=\"https:\/\/nczas.com\/2021\/03\/03\/kolejne-kraje-buduja-okrety-podwodne-polska-szoruje-dno\/\">Najwy\u017cszy Czas! (3 marca 2021)<\/a><\/p>\r\n<h4>&nbsp;<\/h4>\r\n<hr style=\"background-color: #000000; border-width: 0; color: #000000; height: 2px; line-height: 0; text-align: center; width: 100%;\">\r\n<h4>&nbsp;<\/h4>","protected":false},"excerpt":{"rendered":"MON zapewnia: polskie okr\u0119ty podwodne typu Kobben s\u0105 zdolne do bezpiecznego zanurzania i wynurzania W odpowiedzi na szereg pyta\u0144 pos\u0142\u00f3w Konfederacji nt. kondycji starych okr\u0119t\u00f3w podwodnych typu Kobben, wci\u0105\u017c u\u017cywanych przez Marynark\u0119 Wojenn\u0105 RP, MON zapewnia, \u017ce s\u0105 one zdolne do bezpiecznego zanurzania i wynurzania. Resort nie chce ujawni\u0107 \u017cadnych konkretnych informacji ws. planowanych termin\u00f3w [&hellip;]","protected":false},"author":1,"featured_media":0,"comment_status":"closed","ping_status":"closed","sticky":false,"template":"","format":"standard","meta":{"_acf_changed":false,"_monsterinsights_skip_tracking":false,"_monsterinsights_sitenote_active":false,"_monsterinsights_sitenote_note":"","_monsterinsights_sitenote_category":0,"ngg_post_thumbnail":0,"footnotes":"","_wp_rev_ctl_limit":""},"categories":[8],"tags":[84,98],"acf":[],"_links":{"self":[{"href":"https:\/\/www.bibula.com\/index.php?rest_route=\/wp\/v2\/posts\/122256"}],"collection":[{"href":"https:\/\/www.bibula.com\/index.php?rest_route=\/wp\/v2\/posts"}],"about":[{"href":"https:\/\/www.bibula.com\/index.php?rest_route=\/wp\/v2\/types\/post"}],"author":[{"embeddable":true,"href":"https:\/\/www.bibula.com\/index.php?rest_route=\/wp\/v2\/users\/1"}],"replies":[{"embeddable":true,"href":"https:\/\/www.bibula.com\/index.php?rest_route=%2Fwp%2Fv2%2Fcomments&post=122256"}],"version-history":[{"count":7,"href":"https:\/\/www.bibula.com\/index.php?rest_route=\/wp\/v2\/posts\/122256\/revisions"}],"predecessor-version":[{"id":123339,"href":"https:\/\/www.bibula.com\/index.php?rest_route=\/wp\/v2\/posts\/122256\/revisions\/123339"}],"wp:attachment":[{"href":"https:\/\/www.bibula.com\/index.php?rest_route=%2Fwp%2Fv2%2Fmedia&parent=122256"}],"wp:term":[{"taxonomy":"category","embeddable":true,"href":"https:\/\/www.bibula.com\/index.php?rest_route=%2Fwp%2Fv2%2Fcategories&post=122256"},{"taxonomy":"post_tag","embeddable":true,"href":"https:\/\/www.bibula.com\/index.php?rest_route=%2Fwp%2Fv2%2Ftags&post=122256"}],"curies":[{"name":"wp","href":"https:\/\/api.w.org\/{rel}","templated":true}]}}