{"id":122168,"date":"2021-01-16T12:54:18","date_gmt":"2021-01-16T17:54:18","guid":{"rendered":"https:\/\/www.bibula.com\/?p=122168"},"modified":"2021-01-16T12:54:18","modified_gmt":"2021-01-16T17:54:18","slug":"wyszczepianie-czy-mamy-status-bydla-adam-wielomski","status":"publish","type":"post","link":"https:\/\/www.bibula.com\/?p=122168","title":{"rendered":"\u201eWyszczepianie\u201d. Czy mamy status\u00a0byd\u0142a? &#8211; <em>Adam Wielomski<\/em>"},"content":{"rendered":"<p><strong>Nie wiem, czy zwr\u00f3cili\u015bcie Pa\u0144stwo uwag\u0119, \u017ce w mediach politycy i eksperci u\u017cywaj\u0105 okre\u015blenia \u201ewyszczepianie\u201d, aby opisa\u0107 proces masowych szczepie\u0144 przeciw koronawirusowi?<\/strong><\/p>\r\n<p>Mnie osobi\u015bcie wydaje si\u0119, \u017ce ludzi si\u0119 \u201eszczepi\u201d, a byd\u0142o si\u0119 \u201ewyszczepia\u201d. Czy wi\u0119c mamy status byd\u0142a?<\/p>\r\n<p><span id=\"more-89947\"><\/span>Nie jestem ani lekarzem, ani biologiem, ani epidemiologiem, wi\u0119c na temat \u201ewyszczepiania\u201d Polak\u00f3w i ca\u0142ej planety nie powinienem si\u0119 mo\u017ce odzywa\u0107. Zabieraj\u0105c g\u0142os w tej debacie, zwr\u00f3c\u0119 tylko uwag\u0119 na kilka fakt\u00f3w natury politycznej, kt\u00f3re s\u0105 dla mnie zdecydowanie bardziej przekonuj\u0105ce ni\u017c internetowe spory zwolennik\u00f3w i przeciwnik\u00f3w \u201ewyszczepiania\u201d.<\/p>\r\n<p>Nie posiadam telewizora, ale od czasu do czasu mam w\u0105tpliw\u0105 okazj\u0119 zobaczy\u0107, co si\u0119 w tym magicznym pude\u0142ku dzieje, przy okazji wizyt u rodziny. I bez wzgl\u0119du na to, czy w\u0142\u0105czona jest pisowska TVP, czy demoliberalna TVN, to w k\u00f3\u0142ko mamy propagand\u0119 masowego \u201ewyszczepiania\u201d. Pokaz\u00f3wki, jak \u201ewyszczepili\u201d si\u0119 piel\u0119gniarka, lekarz lub polityk, sprawiaj\u0105 wra\u017cenie starannie wyre\u017cyserowanej kampanii propagandowej rodem z gomu\u0142kowszczyzny.<\/p>\r\n<p><strong>Jednog\u0142os budzi najwi\u0119kszy sceptycyzm<\/strong><\/p>\r\n<p>Zauwa\u017cmy, \u017ce za \u201ewyszczepianiem\u201d powsta\u0142a, m\u00f3wi\u0105ca jednym g\u0142osem, wielka koalicja obejmuj\u0105ca George\u2019a Sorosa, Billa Gatesa, Mateusza Morawieckiego, Jaros\u0142awa Kaczy\u0144skiego, Donalda Tuska, Roberta Biedronia i Adriana Zandberga. I ta zgodno\u015b\u0107, ten jednog\u0142os budzi m\u00f3j najwi\u0119kszy sceptycyzm.<\/p>\r\n<p>Czy po\u017cyczyliby\u015bcie Pa\u0144stwo 200 z\u0142otych Sorosowi, Morawieckiemu lub Biedroniowi? Zapewne wi\u0119kszo\u015b\u0107 Czytelnik\u00f3w natychmiast si\u0119 skrzywi i bez wahania odpowie: NIE. Dlaczego? Dlatego, \u017ce tym ludziom kompletnie nie ufamy.<\/p>\r\n<p>Skoro nie mamy do nich na tyle du\u017cego zaufania, aby po\u017cyczy\u0107 im 200 z\u0142otych, to czy mamy do nich na tyle du\u017ce zaufanie, aby da\u0107 si\u0119 \u201ewyszczepi\u0107\u201d, poniewa\u017c oni nas do tego namawiaj\u0105?<\/p>\r\n<p>Osobi\u015bcie przypuszczam, \u017ce ostatecznie zostaniemy \u201ewyszczepieni\u201d. Na razie rz\u0105d stosuje perswazj\u0119, siermi\u0119\u017cn\u0105 gomu\u0142kowsk\u0105 kampani\u0119 propagandow\u0105. Ale to nie wystarczy. W tej chwili rz\u0105d walczy o uzyskanie wi\u0119kszo\u015bci, kt\u00f3r\u0105 b\u0119dzie mo\u017cna rzuci\u0107 \u2013 jako rozstrzygaj\u0105cy \u201eautorytet\u201d \u2013 przeciwko opornym, czyli tym, kt\u00f3rzy nie \u0142ykaj\u0105 telewizyjnej propagandy jak przys\u0142owiowe pelikany.<\/p>\r\n<p>Je\u015bli uzyska wi\u0119kszo\u015b\u0107, poczuje j\u0105 za sob\u0105, to rozpoczn\u0105 si\u0119 prze\u015bladowania niezaszczepionych. By\u0107 mo\u017ce nigdy nie zostanie wprowadzony przymus szczepie\u0144, ale niezaszczepieni stan\u0105 si\u0119 obywatelami drugiej kategorii, jak nie-Aryjczycy wedle ustaw norymberskich. Nie b\u0119dzie im wolno podr\u00f3\u017cowa\u0107 za granic\u0119, nie b\u0119d\u0105 bez bada\u0144 przyjmowani do przychodni i szpitali, b\u0119dzie liczone ich pog\u0142owie w miejscach publicznych, wraz z gro\u017ab\u0105 mandat\u00f3w. Potem przyjd\u0105 bardziej radykalne \u015brodki.<\/p>\r\n<p><strong>Propozycja nie do odrzucenia<\/strong><\/p>\r\n<p>Ju\u017c s\u0142ysza\u0142em propozycj\u0119, aby osoby niezaszczepione nie mog\u0142y otrzyma\u0107 za\u015bwiadczenia lekarskiego koniecznego do przyj\u0119cia do pracy lub co jaki\u015b czas przedk\u0142adanego pracodawcy w postaci tzw. bada\u0144 okresowych. Wtedy niezaszczepieni zostan\u0105 ju\u017c tylko przedsi\u0119biorcy, emeryci i bezrobotni. Tych ostatnich mo\u017cna zreszt\u0105 \u0142atwo zmusi\u0107 do \u201ewyszczepiania\u201d za pomoc\u0105 gro\u017aby cofni\u0119cia zasi\u0142ku. Emeryci i renci\u015bci by\u0107 mo\u017ce nie b\u0119d\u0105 zmuszani do \u201ewyszczepienia si\u0119\u201d, gdy\u017c stanowi\u0105 obci\u0105\u017cenie dla ZUS, kt\u00f3ry wci\u0105\u017c i nieustannie stoi na skraju bankructwa.<\/p>\r\n<p>Mo\u017cna te\u017c jeszcze niezaszczepionych ob\u0142o\u017cy\u0107 dodatkowym podatkiem \u201ezdrowotnym\u201d. W ten przecie\u017c spos\u00f3b Arabowie i Turcy islamizowali ziemie zdobyte na chrze\u015bcija\u0144skim Bizancjum, kr\u00f3lowie angielscy dokonali anglicyzacji swojego kraju kosztem katolik\u00f3w, a Holendrzy spacyfikowali katolik\u00f3w w Niderlandach \u2013 wszyscy oni nak\u0142adali specjalne podatki na \u201eniewiernych\u201d, wymuszaj\u0105c ich konwersj\u0119 na po\u017c\u0105dan\u0105 religi\u0119.<\/p>\r\n<p>Kto\u015b powie, \u017ce tego typu restrykcje by\u0142yby niezgodne z prawem? A to prosz\u0119 zwr\u00f3ci\u0107 si\u0119 z t\u0105 kwesti\u0105 do Julii Przy\u0142\u0119bskiej i kierowanego przez ni\u0105 Trybuna\u0142u Konstytucyjnego. S\u0105dy konstytucyjne w innych krajach tak\u017ce b\u0119d\u0105 pos\u0142uszne. Wida\u0107, \u017ce po stronie \u201ewyszczepie\u0144\u201d stan\u0119\u0142y pot\u0119\u017cne lobbies, grupy nacisku, pot\u0119\u017cni politycy, finansi\u015bci i biznesmeni. Wszyscy oni s\u0105 zjednoczeni w woli \u201ewyszczepienia\u201d ca\u0142ej planety, co do ostatniego cz\u0142owieka.<\/p>\r\n<p><strong>Sprawa zdrowotna czy drugie dno?<\/strong><\/p>\r\n<p>Dlaczego wszystkim tak na tym zale\u017cy? S\u0105 dwie mo\u017cliwe odpowiedzi. By\u0107 mo\u017ce bez tego \u201ewyszczepienia\u201d \u015bwiatu rzeczywi\u015bcie gro\u017c\u0105 dziesi\u0119ciolecia pandemii, permanentne lockdowny, nowa czarna \u015bmier\u0107, kryzys gospodarczy etc.<\/p>\r\n<p>Mo\u017cliwe jednak, \u017ce \u2013 jak uwa\u017caj\u0105 sceptycy i przeciwnicy przymusowych szczepie\u0144 \u2013 sprawa ma jakie\u015b drugie dno, do\u015b\u0107 ciemne i niejasne, o kt\u00f3rym mo\u017cna tylko spekulowa\u0107. By\u0107 mo\u017ce nie jest to jedno ukryte dno, lecz chodzi o wiele r\u00f3\u017cnych interes\u00f3w rozmaitych grup i lobbies, z kt\u00f3rych interes firm farmaceutycznych jest tylko jednym z wielu.<\/p>\r\n<p>M\u00f3j sceptycyzm wynika z faktu, \u017ce wszyscy ci, kt\u00f3rym nie ufam, kt\u00f3rych pos\u0105dzam, \u017ce chc\u0105 dla og\u00f3\u0142u ludzi \u017ale, jak jeden m\u0105\u017c opowiadaj\u0105 si\u0119 za \u201ewyszczepianiem\u201d. Nie przekonaj\u0105 mnie te\u017c w tej kwestii wypowiedzi rozmaitych telewizyjnych lekarzy-autorytet\u00f3w, dop\u00f3ki nie dowiem si\u0119, czy i w jakich firm farmaceutycznych s\u0105 doradcami i konsultantami i jakie z tego powodu czerpi\u0105 profity.<\/p>\r\n<p><strong>Nowa normalno\u015b\u0107<\/strong><\/p>\r\n<p>Premier Mateusz Morawiecki ju\u017c zapowiedzia\u0142, \u017ce po \u201ewyszczepieniu\u201d Polak\u00f3w czeka nas \u201enowa normalno\u015b\u0107\u201d. Je\u015bli normalno\u015b\u0107 ma by\u0107 \u201enowa\u201d, to znaczy, \u017ce nie b\u0119dzie taka jak \u201estara\u201d, czyli \u201enormalna\u201d normalno\u015b\u0107.<\/p>\r\n<p>Poprzez lockdown, rozmaite tarcze os\u0142onowe etc. rz\u0105d chce w spos\u00f3b radykalny przemodelowa\u0107 polsk\u0105 gospodark\u0119 i spo\u0142ecze\u0144stwo. Ma\u0142e i \u015brednie polskie firmy maj\u0105 upa\u015b\u0107. Ich miejsce maj\u0105 zaj\u0105\u0107 mi\u0119dzynarodowe koncerny. Ma znikn\u0105\u0107 \u2013 i tak s\u0142aba \u2013 klasa polskich w\u0142a\u015bcicieli.<\/p>\r\n<p>Polacy maj\u0105 \u201ezap*** za misk\u0119 ry\u017cu\u201d jako pracownicy najemni w zagranicznych koncernach. Ci wykszta\u0142ceni b\u0119d\u0105 w nich stanowi\u0107 warstw\u0119 biurokratyczn\u0105 \u015bredniego szczebla. Reszta ma zosta\u0107 sproletaryzowana i pe\u0142ni\u0107 rol\u0119 prekariatu. Aby Polacy nie zauwa\u017cyli tej wielkiej rewolucji spo\u0142ecznej, trzeba ich zaj\u0105\u0107 problemem pandemii i aspo\u0142eczn\u0105 postaw\u0105 antyszczepionkowc\u00f3w.<\/p>\r\n<p>Ci ostatni b\u0119d\u0105 pe\u0142nili rol\u0119 koz\u0142a ofiarnego. Rewolucje udaj\u0105 si\u0119 tylko wtedy, gdy walcz\u0105 z wrogiem.<\/p>\r\n<p><strong><em>Adam Wielomski<\/em><\/strong><br>\r\n<em><a href=\"https:\/\/nczas.com\/2021\/01\/16\/wyszczepianie-czy-mamy-status-bydla\/\" target=\"_blank\" rel=\"noopener\">https:\/\/nczas.com\/<\/a><\/em><\/p>\r\n<p class=\"zrodlo\">Za: <a href=\"https:\/\/marucha.wordpress.com\/2021\/01\/16\/wyszczepianie-czy-mamy-status-bydla\/\">Dziennik gajowego Maruchy (2021-01-16)<\/a><\/p>\r\n<blockquote>\r\n<p>[<strong>Wybrane wypowiedzi internaut\u00f3w pod w\/w tekstem na stronie \u017ar\u00f3d\u0142owej:<\/strong>]<\/p>\r\n<p><em>Leo<\/em><br>\r\nWszyscy b\u0119d\u0105 pos\u0142uszni, poniewa\u017c poza dochodem gwarantowanym uzale\u017cnionym od pa\u0144stwa nie b\u0119d\u0105 mieli \u017cadnego sposobu na prze\u017cycie. Zniknie niezale\u017cno\u015b\u0107. Jednocze\u015bnie elity powoli doprowadz\u0105 do zak\u0142adanej liczby ludno\u015bci na \u015bwiecie: szczepieniami, g\u0142odem, bied\u0105\u2026 i ziszcz\u0105 si\u0119 ksi\u0119gi i przepowiednie narodu \u201eprzebranego\u201d.<\/p>\r\n<\/blockquote>","protected":false},"excerpt":{"rendered":"Nie wiem, czy zwr\u00f3cili\u015bcie Pa\u0144stwo uwag\u0119, \u017ce w mediach politycy i eksperci u\u017cywaj\u0105 okre\u015blenia \u201ewyszczepianie\u201d, aby opisa\u0107 proces masowych szczepie\u0144 przeciw koronawirusowi? Mnie osobi\u015bcie wydaje si\u0119, \u017ce ludzi si\u0119 \u201eszczepi\u201d, a byd\u0142o si\u0119 \u201ewyszczepia\u201d. Czy wi\u0119c mamy status byd\u0142a? Nie jestem ani lekarzem, ani biologiem, ani epidemiologiem, wi\u0119c na temat \u201ewyszczepiania\u201d Polak\u00f3w i ca\u0142ej planety [&hellip;]","protected":false},"author":1,"featured_media":0,"comment_status":"closed","ping_status":"closed","sticky":false,"template":"","format":"standard","meta":{"_acf_changed":false,"_monsterinsights_skip_tracking":false,"_monsterinsights_sitenote_active":false,"_monsterinsights_sitenote_note":"","_monsterinsights_sitenote_category":0,"ngg_post_thumbnail":0,"footnotes":"","_wp_rev_ctl_limit":""},"categories":[451],"tags":[433,98,20,452],"acf":[],"_links":{"self":[{"href":"https:\/\/www.bibula.com\/index.php?rest_route=\/wp\/v2\/posts\/122168"}],"collection":[{"href":"https:\/\/www.bibula.com\/index.php?rest_route=\/wp\/v2\/posts"}],"about":[{"href":"https:\/\/www.bibula.com\/index.php?rest_route=\/wp\/v2\/types\/post"}],"author":[{"embeddable":true,"href":"https:\/\/www.bibula.com\/index.php?rest_route=\/wp\/v2\/users\/1"}],"replies":[{"embeddable":true,"href":"https:\/\/www.bibula.com\/index.php?rest_route=%2Fwp%2Fv2%2Fcomments&post=122168"}],"version-history":[{"count":1,"href":"https:\/\/www.bibula.com\/index.php?rest_route=\/wp\/v2\/posts\/122168\/revisions"}],"predecessor-version":[{"id":122169,"href":"https:\/\/www.bibula.com\/index.php?rest_route=\/wp\/v2\/posts\/122168\/revisions\/122169"}],"wp:attachment":[{"href":"https:\/\/www.bibula.com\/index.php?rest_route=%2Fwp%2Fv2%2Fmedia&parent=122168"}],"wp:term":[{"taxonomy":"category","embeddable":true,"href":"https:\/\/www.bibula.com\/index.php?rest_route=%2Fwp%2Fv2%2Fcategories&post=122168"},{"taxonomy":"post_tag","embeddable":true,"href":"https:\/\/www.bibula.com\/index.php?rest_route=%2Fwp%2Fv2%2Ftags&post=122168"}],"curies":[{"name":"wp","href":"https:\/\/api.w.org\/{rel}","templated":true}]}}