{"id":122086,"date":"2021-01-15T10:56:53","date_gmt":"2021-01-15T15:56:53","guid":{"rendered":"https:\/\/www.bibula.com\/?p=122086"},"modified":"2021-01-15T10:56:53","modified_gmt":"2021-01-15T15:56:53","slug":"absurd-czy-walka-o-swoje-niemieccy-fryzjerzy-pisza-do-wladz-pilkarskiej-ligi-chodzi-o-uczesanie-sportowcow","status":"publish","type":"post","link":"https:\/\/www.bibula.com\/?p=122086","title":{"rendered":"Absurd czy walka o swoje? Niemieccy fryzjerzy pisz\u0105 do w\u0142adz pi\u0142karskiej ligi. Chodzi o uczesanie sportowc\u00f3w"},"content":{"rendered":"<p>Cho\u0107 sprawa brzmi jak ponury \u017cart, to chodzi w niej o zupe\u0142nie powa\u017cne kwestie jak r\u00f3wno\u015b\u0107 wobec prawa i powa\u017cne traktowanie os\u00f3b trac\u0105cych na gospodarczym lockdownie. Oto bowiem fryzjerzy, kt\u00f3rzy od po\u0142owy grudnia nie mog\u0105 w Niemczech \u015bwiadczy\u0107 swoich us\u0142ug, zauwa\u017cyli, \u017ce pi\u0142karze wyst\u0119puj\u0105cy w Bundeslidze maj\u0105 perfekcyjne fryzury. A same si\u0119 przecie\u017c nie zrobi\u0142y.<\/p>\r\n<p>Zwi\u0105zek niemieckich fryzjer\u00f3w w skardze skierowanej do zarz\u0105dzaj\u0105cej rozgrywkami ligi pi\u0142karskiej w RFN sp\u00f3\u0142ki DFL zauwa\u017cy\u0142, \u017ce fryzury pi\u0142karzy s\u0105 zbyt zadbane jak na czasy, w kt\u00f3rych \u015bwiadczenie us\u0142ug tego typu jest niemo\u017cliwe. Najpewniej wi\u0119c liczni sportowcy s\u0105 czesani przez specjalist\u00f3w potajemnie i wbrew obostrzeniom, kt\u00f3re zmusi\u0142y do zawieszenia dzia\u0142alno\u015bci 80 tysi\u0119cy salon\u00f3w. Jedni na lockdownie trac\u0105, drudzy za\u015b \u2013 jak wida\u0107 \u2013 funkcjonuj\u0105. Jednak i tym korzystaj\u0105cym z okazji, by m\u00f3c wykonywa\u0107 swoj\u0105 prac\u0119, trudno si\u0119 dziwi\u0107.<\/p>\r\n<p>W pi\u015bmie czytamy, \u017ce pi\u0142karze wybiegaj\u0105cy na boiska Bundesligi maj\u0105 \u201edok\u0142adnie przystrzy\u017cone w\u0142osy, pi\u0119knie u\u0142o\u017cone przedzia\u0142ki, \u0142adnie przyci\u0119te w\u0142osy na karku, efektowne kontury\u201d \u2013 podaje onet.pl. Zdaniem zwi\u0105zku fryzjer\u00f3w to ewidentnie efekt pracy fachowc\u00f3w z profesjonalnym sprz\u0119tem, co oznacza najpewniej zakazane w czasach pandemii wizyty domowe. Zwi\u0105zek prosi o interwencj\u0119.<\/p>\r\n<p>W\u0142adze Bundesligi obieca\u0142y przyjrze\u0107 si\u0119 sprawie, jednak w gr\u0119 nie wchodzi raczej zaapelowanie do pi\u0142karzy o nieczesanie si\u0119. Nie wiadomo wi\u0119c na razie jakie rozwi\u0105zania zapadn\u0105 w sprawie [&#8230;]<\/p>\r\n<p>MW\u0142<\/p>\r\n<p class=\"zrodlo\">Za: <a href=\"https:\/\/www.pch24.pl\/absurd-czy-walka-o-swoje--niemieccy-fryzjerzy-pisza-do-wladz-pilkarskiej-ligi--chodzi-o-uczesanie-sportowcow,81331,i.html\">PoloniaChristiana &#8211; pch24.pl (2021-01-15)<\/a><\/p>\r\n<h4>&nbsp;<\/h4>\r\n<hr style=\"background-color: #000000; border-width: 0; color: #000000; height: 2px; line-height: 0; text-align: center; width: 100%;\">\r\n<h4>&nbsp;<\/h4>\r\n<h2>Pies mo\u017ce, ale w\u0142a\u015bciciel nie mo\u017ce<\/h2>\r\n<p>Takiego wyroku jeszcze nie by\u0142o. S\u0105d orzek\u0142, \u017ce psy mog\u0105 chodzi\u0107 do salon\u00f3w fryzjerskich, ale ich w\u0142a\u015bciciele ostrzyc ju\u017c si\u0119 nie mog\u0105.<\/p>\r\n<p>S\u0105d administracyjny w M\u00fcnster orzek\u0142, \u017ce nakaz zamkni\u0119cia salon\u00f3w fryzjerskich odnosi si\u0119 tylko do us\u0142ug dla ludzi. Co innego zwierz\u0119ta.<\/p>\r\n<p>Psy mog\u0105 odwiedza\u0107 fryzjer\u00f3w i otrzyma\u0107 us\u0142ugi. Jedyny warunek, to taki, \u017ce w\u0142a\u015bciciel musi zachowa\u0107 p\u00f3\u0142tora metra odst\u0119pu podczas przekazania psa do fryzjera.<\/p>\r\n<p>Wyrok by\u0142 efektem wniosku w\u0142a\u015bcicielki salonu pi\u0119kno\u015bci dla ps\u00f3w w Emsdetten. Kobieta poskar\u017cy\u0142a si\u0119, \u017ce obostrzenia wprowadzone w pandemii koronawirusa uniemo\u017cliwiaj\u0105 jej wykonywanie zawodu.<\/p>\r\n<p>Ku zaskoczeniu Niemki s\u0105d stwierdzi\u0142, \u017ce mo\u017ce prowadzi\u0107 swoj\u0105 dzia\u0142alno\u015b\u0107 dalej. Ponadto s\u0105d wskaza\u0142, \u017ce plac\u00f3wki \u015bwiadcz\u0105ce us\u0142ugi takie jak sprz\u0105tanie, pranie, naprawa samochod\u00f3w i rower\u00f3w czy wynajem pojazd\u00f3w mog\u0105 ca\u0142y czas by\u0107 otwarte.<\/p>\r\n<p>Co ciekawsze, s\u0105d przyzna\u0142, \u017ce w plac\u00f3wkach, kt\u00f3re znalaz\u0142y si\u0119 na li\u015bcie dalej otwartych i tak dochodzi do kontaktu z klientem \u2013 cho\u0107by chwilowego. Tak jest np. w warsztatach samochodowych i rowerowych podczas przekazania im \u201eprzedmiotu wymagaj\u0105cego naprawy\u201d.<\/p>\r\n<p>Podobnie dzieje si\u0119 w salonach fryzjerskich dla ps\u00f3w, gdy ich w\u0142a\u015bciciele przekazuj\u0105 je pracownikom salonu do obci\u0119cia sier\u015bci albo pazur\u00f3w.<\/p>\r\n<p>Na zamkni\u0119te salony fryzjerskie w Niemczech skar\u017c\u0105 si\u0119 m.in. pi\u0142karze Bundesligi. Jednak ich wystylizowane fryzury, mimo zamkni\u0119cia salon\u00f3w fryzjerskich, wzbudzi\u0142 podejrzenia fan\u00f3w.<\/p>\r\n<p>\u2013 Fakt, \u017ce w czasie lockdownu pi\u0142karze na meczach czy w mediach pokazuj\u0105 si\u0119 zawsze nienagannie ostrzy\u017ceni, z\u0142o\u015bci centralne stowarzyszenie niemieckich fryzjer\u00f3w, kt\u00f3re pot\u0119pi\u0142o brak solidarno\u015bci i utrat\u0119 roli wzorca do na\u015bladowania, jakim powinni by\u0107 sportowcy. Harald Esser, prezes Centralnego Zwi\u0105zku Niemieckich Firm Bran\u017cy Fryzjerskiej, i jego stowarzyszenie wystosowali w tej sprawie list otwarty do prezesa Niemieckiego Zwi\u0105zku Pi\u0142ki No\u017cnej Fritza Kellera \u2013 wskazuje Deutsche Welle.<\/p>\r\n<p>W Niemczech zamkni\u0119tych zosta\u0142o ok. 80 tys. salon\u00f3w fryzjerskich. Otworzy\u0107 mog\u0105 si\u0119 dopiero po zako\u0144czeniu \u201etwardego lockdownu\u201d.<\/p>\r\n<p>W bran\u017cy tej w Niemczech pracuje ponad 240 tys. os\u00f3b i ok. 20 tys. m\u0142odych ucz\u0105cych si\u0119 zawodu. Rocznie generuj\u0105 obroty rz\u0119du ponad 7,5 mld euro.<\/p>\r\n<p>\u0179r\u00f3d\u0142o: Deutsche Welle<\/p>\r\n<p class=\"zrodlo\">Za: <a href=\"https:\/\/nczas.com\/2021\/01\/15\/pies-moze-ale-wlasciciel-nie-moze\/\">Najwy\u017cszy Czas! (15 stycznia 202)<\/a><\/p>\r\n<h4>&nbsp;<\/h4>\r\n<hr style=\"background-color: #000000; border-width: 0; color: #000000; height: 2px; line-height: 0; text-align: center; width: 100%;\">\r\n<h4>&nbsp;<\/h4>","protected":false},"excerpt":{"rendered":"Cho\u0107 sprawa brzmi jak ponury \u017cart, to chodzi w niej o zupe\u0142nie powa\u017cne kwestie jak r\u00f3wno\u015b\u0107 wobec prawa i powa\u017cne traktowanie os\u00f3b trac\u0105cych na gospodarczym lockdownie. Oto bowiem fryzjerzy, kt\u00f3rzy od po\u0142owy grudnia nie mog\u0105 w Niemczech \u015bwiadczy\u0107 swoich us\u0142ug, zauwa\u017cyli, \u017ce pi\u0142karze wyst\u0119puj\u0105cy w Bundeslidze maj\u0105 perfekcyjne fryzury. A same si\u0119 przecie\u017c nie zrobi\u0142y. [&hellip;]","protected":false},"author":1,"featured_media":0,"comment_status":"closed","ping_status":"closed","sticky":false,"template":"","format":"standard","meta":{"_acf_changed":false,"_monsterinsights_skip_tracking":false,"_monsterinsights_sitenote_active":false,"_monsterinsights_sitenote_note":"","_monsterinsights_sitenote_category":0,"ngg_post_thumbnail":0,"footnotes":"","_wp_rev_ctl_limit":""},"categories":[12],"tags":[433,166,20,213],"acf":[],"_links":{"self":[{"href":"https:\/\/www.bibula.com\/index.php?rest_route=\/wp\/v2\/posts\/122086"}],"collection":[{"href":"https:\/\/www.bibula.com\/index.php?rest_route=\/wp\/v2\/posts"}],"about":[{"href":"https:\/\/www.bibula.com\/index.php?rest_route=\/wp\/v2\/types\/post"}],"author":[{"embeddable":true,"href":"https:\/\/www.bibula.com\/index.php?rest_route=\/wp\/v2\/users\/1"}],"replies":[{"embeddable":true,"href":"https:\/\/www.bibula.com\/index.php?rest_route=%2Fwp%2Fv2%2Fcomments&post=122086"}],"version-history":[{"count":2,"href":"https:\/\/www.bibula.com\/index.php?rest_route=\/wp\/v2\/posts\/122086\/revisions"}],"predecessor-version":[{"id":122088,"href":"https:\/\/www.bibula.com\/index.php?rest_route=\/wp\/v2\/posts\/122086\/revisions\/122088"}],"wp:attachment":[{"href":"https:\/\/www.bibula.com\/index.php?rest_route=%2Fwp%2Fv2%2Fmedia&parent=122086"}],"wp:term":[{"taxonomy":"category","embeddable":true,"href":"https:\/\/www.bibula.com\/index.php?rest_route=%2Fwp%2Fv2%2Fcategories&post=122086"},{"taxonomy":"post_tag","embeddable":true,"href":"https:\/\/www.bibula.com\/index.php?rest_route=%2Fwp%2Fv2%2Ftags&post=122086"}],"curies":[{"name":"wp","href":"https:\/\/api.w.org\/{rel}","templated":true}]}}