{"id":122042,"date":"2021-01-13T19:47:42","date_gmt":"2021-01-14T00:47:42","guid":{"rendered":"https:\/\/www.bibula.com\/?p=122042"},"modified":"2021-01-13T19:47:42","modified_gmt":"2021-01-14T00:47:42","slug":"rewolucja-w-modzie-rewolucja-w-seksualnosci-jak-pierre-cardin-zmienil-swiat","status":"publish","type":"post","link":"https:\/\/www.bibula.com\/?p=122042","title":{"rendered":"Rewolucja w modzie, rewolucja w seksualno\u015bci. Jak Pierre Cardin zmieni\u0142 \u015bwiat"},"content":{"rendered":"<p><strong>Pod koniec grudnia ub. roku zmar\u0142 znany francuski projektant mody w\u0142oskiego pochodzenia Pierre Cardin. Liczne media na \u015bwiecie wspomina\u0142y go jako kreatywnego i niezwykle bogatego tw\u00f3rc\u0119, kt\u00f3ry wywar\u0142 przemo\u017cny wp\u0142yw na to, jak wygl\u0105da wsp\u00f3\u0142czesny \u015bwiat. \u00d3w wp\u0142yw ma jednak mocno rewolucyjne, a wi\u0119c negatywne oblicze.<\/strong><\/p>\r\n<p>Cardin, maj\u0105c upodobanie do futurystycznych form, zainicjowa\u0142 m.in. produkcj\u0119 odzie\u017cy unisex.<strong> Prowadzi\u0142 amoralne \u017cycie i lansowa\u0142 zerwanie z wszelkimi konwencjami.<\/strong> O Cardinie m\u00f3wi si\u0119 jako o wielkim innowatorze, kt\u00f3ry przez 70 lat tworzenia mody zrywa\u0142 z wszelkimi konwencjami i stara\u0142 si\u0119 uchwyci\u0107 \u201educha czasu\u201d. Zawsze chcia\u0142 odkrywa\u0107 co\u015b nowego, by\u0107 zaskakuj\u0105cym. Nic wi\u0119c dziwnego, \u017ce cz\u0119\u015b\u0107 jego stroj\u00f3w po prostu nie nadaje si\u0119 do noszenia. Do tej grupy nale\u017ca\u0142y zw\u0142aszcza kostiumy zainspirowane er\u0105 kosmiczn\u0105.<\/p>\r\n<p>Cardin \u0142ama\u0142 wzory nie tylko w \u015bwiecie mody, ale przede wszystkim w \u017cyciu osobistym, gardz\u0105c moralno\u015bci\u0105 chrze\u015bcija\u0144sk\u0105. W latach sze\u015b\u0107dziesi\u0105tych utrzymywa\u0142 romans z aktork\u0105 Jeanne Moreau. Potem zwi\u0105za\u0142 si\u0119 z francuskim homoseksualnym projektantem Andre Oliverem, z kt\u00f3rym pozostawa\u0142 w relacji seksualnej do jego \u015bmierci w 1993 roku. W latach pi\u0119\u0107dziesi\u0105tych ub. wieku zainicjowa\u0142 rewolucj\u0119 w sposobie ubierania si\u0119 nowej, post\u0119powej generacji. Zaproponowany przez niego styl przyj\u0119li cz\u0142onkowie zespo\u0142u \u201eThe Beatles\u201d.<\/p>\r\n<p>Do 2018 roku \u2013 niegdy\u015b najm\u0142odszy wp\u0142ywowy projektant w Pary\u017cu \u2013 sta\u0142 si\u0119 najstarszym kreatorem, szukaj\u0105cym nowych sposob\u00f3w na uchwycenie przysz\u0142o\u015bci. Sam opowiada\u0142, \u017ce \u201epreferuje ubrania, kt\u00f3re jeszcze nie istniej\u0105 (\u2026) preferuje \u015bwiat jutra\u201d. Pochodz\u0105cy z zamo\u017cnej rodziny kupc\u00f3w winiarskich z Treviso we W\u0142oszech, Pierre by\u0142 ostatnim z 11 dzieci. Przyszed\u0142 na \u015bwiat w 1922 roku. Jego rodzice opu\u015bcili W\u0142ochy Mussoliniego udaj\u0105c si\u0119 do Francji. Mieli nadziej\u0119, \u017ce syn zostanie architektem, ale ju\u017c gdy by\u0142 dzieckiem by\u0142o jasne, \u017ce interesuje go moda i projektowanie.<\/p>\r\n<p>W Vichy Cardin nauczy\u0142 si\u0119 zawodu krawca i pracowa\u0142 dla Czerwonego Krzy\u017ca. Sam wspomina\u0142, \u017ce pewnego dnia wr\u00f3\u017cka przepowiedzia\u0142a mu, \u017ce odniesie wyj\u0105tkowy sukces, a jego nazwisko b\u0119dzie znane a\u017c w Australii. M\u0142ody Pierre zapyta\u0142 j\u0105 te\u017c, czy nie zna kogo\u015b w Pary\u017cu, gdzie m\u00f3g\u0142by pracowa\u0107. Poda\u0142a mu imi\u0119 jakiego\u015b m\u0119\u017cczyzny, kt\u00f3rego spotka\u0142 przypadkowo na ulicy, by zapyta\u0107 o drog\u0119. Cho\u0107 mog\u0142o to si\u0119 wydawa\u0107 szalone \u2013 wspomina\u0142 \u2013 zaczyna\u0142o przypomina\u0107 jego przeznaczenie.<\/p>\r\n<p>Trafi\u0142 wi\u0119c do Paquin, jednego z wiod\u0105cych francuskich dom\u00f3w mody, gdzie spotka\u0142 re\u017cysera Jeane\u2019a Cocteau. Zaprojektowa\u0142 dla niego kostiumy do filmu \u201ePi\u0119kna i Bestia\u201d. Ten, b\u0119d\u0105c pod wiekiem wra\u017ceniem umiej\u0119tno\u015bci m\u0142odego krawca, mia\u0142 go przedstawi\u0107 Christianowi Diorowi. Po pi\u0119ciu latach Cardin by\u0142 ju\u017c dobrze znany i m\u00f3g\u0142 rozpocz\u0105\u0107 w\u0142asn\u0105 dzia\u0142alno\u015b\u0107. Dior mia\u0142 mu pom\u00f3c otworzy\u0107 butik Eve przy rue Faubourg Saint-Honor\u00e9. Kreator od razu zaszokowa\u0142 \u015bwiat, projektuj\u0105c b\u0105belkow\u0105 sukienk\u0119: niezwykle ciasn\u0105 w talii, faluj\u0105c\u0105 w udach i w\u0105sk\u0105 u do\u0142u. By\u0142a to&nbsp; sensacja na skal\u0119 \u015bwiatow\u0105. Jego kreacje zacz\u0119\u0142y natychmiast zamawia\u0107 Rita Hayworth czy Eva Peron.<\/p>\r\n<p>Cardin du\u017co podr\u00f3\u017cowa\u0142, szukaj\u0105c inspiracji za granic\u0105. Kszta\u0142ci\u0142 tak\u017ce m\u0142od\u0105 generacj\u0119 tw\u00f3rc\u00f3w mody. Szokowa\u0142 i denerwowa\u0142 za to cz\u0119\u015b\u0107 starszych koleg\u00f3w po fachu. Rewolucja, jak\u0105 zainicjowa\u0142 w formie i wzornictwie (figury geometryczne), dotyczy\u0142a tak\u017ce materia\u0142\u00f3w. Zacz\u0105\u0142 u\u017cywa\u0107 winylu, plastiku, srebrnych materia\u0142\u00f3w i du\u017cych zamk\u00f3w. Z plastiku formowa\u0142 kapelusze na kszta\u0142t he\u0142m\u00f3w astronaut\u00f3w itp. Szok wywo\u0142a\u0142a jego kolekcja unisex z 1964 roku, wyprzedzaj\u0105ca p\u00f3\u017aniejsze trendy. W latach siedemdziesi\u0105tych zaj\u0105\u0142 si\u0119 tworzeniem linii i wzornictwem przemys\u0142owym, projektuj\u0105c wn\u0119trza samochod\u00f3w, samolot\u00f3w, meble i porcelanow\u0105 zastaw\u0119. Jest te\u017c prekursorem opatrywania wszystkich swoich wytwor\u00f3w imieniem i nazwiskiem. Udziela\u0142 licencji na kopiowanie jego pomys\u0142\u00f3w.<\/p>\r\n<p>Mnogo\u015b\u0107 produkt\u00f3w opatrzonych jego imieniem i nazwiskiem by\u0142a tak du\u017ca, \u017ce w 1989 roku \u201eThe Economist\u201d sarkastycznie zauwa\u017cy\u0142: \u201ePodpis Pierre\u2019a Cardina jest prawie tak powszechny, jak podpis ameryka\u0144skiego sekretarza skarbu i tak samo zdewaluowany, jak podpisane przez niego dolary\u201d.<\/p>\r\n<p>W 2011 roku Cardin pr\u00f3bowa\u0142 sprzeda\u0107 firm\u0119, \u017c\u0105daj\u0105c miliarda euro, chocia\u017c prawdopodobnie by\u0142 to jedynie u\u0142amek jej warto\u015bci. Na staro\u015b\u0107 projektant kupi\u0142 zamek markiza de Sade i stworzy\u0142 festiwal sztuki awangardowej. Otworzy\u0142 muzeum w Saint-Ouen. Zosta\u0142 te\u017c Ambasadorem Dobrej Woli agendy ONZ ds. wy\u017cywienia. Prezentowa\u0142 spektakularne nowe kolekcje w Rosji i Chinach. Cardin by\u0142 pierwszym zachodnim <em>couturierem<\/em>, kt\u00f3ry zorganizowa\u0142 pokaz mody w Chinach w 1979 roku. Cztery lata p\u00f3\u017aniej, oko\u0142o 3 km od placu Tiananmen, otworzy\u0142 plac\u00f3wk\u0119 swojej paryskiej restauracji Maxim\u2019s, gdzie serwowano komunistycznym aparatczykom francuskie przysmaki.<\/p>\r\n<p>Projektant, kt\u00f3ry zmar\u0142 w wieku 98 lat, mia\u0142 obsesj\u0119 na punkcie plastyczno\u015bci we\u0142nianej tkaniny i mo\u017cliwo\u015bci ci\u0119cia. Nie inspirowa\u0142 si\u0119 kobiecym cia\u0142em ale, jak sam m\u00f3wi\u0142, \u201eumieszcza\u0142 kobiety w architektonicznych pancerzach\u201d. \u2013 <em>Moje ubrania nie s\u0105 fajne. S\u0105 niepokoj\u0105ce, to jak s\u0142uchanie muzyki wsp\u00f3\u0142czesnej<\/em> \u2013 komentowa\u0142.<\/p>\r\n<p>John Horvat II na stronie imaginativeconservative.org zauwa\u017ca, \u017ce <strong>\u201ePierre Cardin zniszczy\u0142 mod\u0119, wprowadzaj\u0105c chaotyczne, irracjonalne, dziwaczne i nieskromne motywy do swoich linii ubra\u0144\u201d. Jako ikona rewolucji seksualnej przyczyni\u0142 si\u0119 do upadku standard\u00f3w moralnych. Pogardza\u0142 tradycj\u0105 i nienawidzi\u0142 przesz\u0142o\u015bci<\/strong>, co znalaz\u0142o odzwierciedlenie w jego \u201eBubble House\u201d niedaleko Cannes. Cardin \u2013 zdaniem Horvata \u2013 zamiast podkre\u015bla\u0107 cechy jednostki i odzwierciedla\u0107 uniwersalne pi\u0119kno, lekcewa\u017cy\u0142 je, lansuj\u0105c dziwaczne wytwory swojej wyobra\u017ani. Niew\u0105tpliwie wp\u0142yn\u0105\u0142 on na spos\u00f3b ubierania si\u0119, my\u015blenia i dzia\u0142ania wielu ludzi na \u015bwiecie.<\/p>\r\n<p>\u0179r\u00f3d\u0142o: bbc.com \/ scmp.com \/ theguardian.com \/ imaginativeconservative.org<\/p>\r\n<p>AS<\/p>","protected":false},"excerpt":{"rendered":"Pod koniec grudnia ub. roku zmar\u0142 znany francuski projektant mody w\u0142oskiego pochodzenia Pierre Cardin. Liczne media na \u015bwiecie wspomina\u0142y go jako kreatywnego i niezwykle bogatego tw\u00f3rc\u0119, kt\u00f3ry wywar\u0142 przemo\u017cny wp\u0142yw na to, jak wygl\u0105da wsp\u00f3\u0142czesny \u015bwiat. \u00d3w wp\u0142yw ma jednak mocno rewolucyjne, a wi\u0119c negatywne oblicze. Cardin, maj\u0105c upodobanie do futurystycznych form, zainicjowa\u0142 m.in. produkcj\u0119 [&hellip;]","protected":false},"author":1,"featured_media":0,"comment_status":"closed","ping_status":"closed","sticky":false,"template":"","format":"standard","meta":{"_acf_changed":false,"_monsterinsights_skip_tracking":false,"_monsterinsights_sitenote_active":false,"_monsterinsights_sitenote_note":"","_monsterinsights_sitenote_category":0,"ngg_post_thumbnail":0,"footnotes":"","_wp_rev_ctl_limit":""},"categories":[9],"tags":[100,26,53,97,20],"acf":[],"_links":{"self":[{"href":"https:\/\/www.bibula.com\/index.php?rest_route=\/wp\/v2\/posts\/122042"}],"collection":[{"href":"https:\/\/www.bibula.com\/index.php?rest_route=\/wp\/v2\/posts"}],"about":[{"href":"https:\/\/www.bibula.com\/index.php?rest_route=\/wp\/v2\/types\/post"}],"author":[{"embeddable":true,"href":"https:\/\/www.bibula.com\/index.php?rest_route=\/wp\/v2\/users\/1"}],"replies":[{"embeddable":true,"href":"https:\/\/www.bibula.com\/index.php?rest_route=%2Fwp%2Fv2%2Fcomments&post=122042"}],"version-history":[{"count":1,"href":"https:\/\/www.bibula.com\/index.php?rest_route=\/wp\/v2\/posts\/122042\/revisions"}],"predecessor-version":[{"id":122043,"href":"https:\/\/www.bibula.com\/index.php?rest_route=\/wp\/v2\/posts\/122042\/revisions\/122043"}],"wp:attachment":[{"href":"https:\/\/www.bibula.com\/index.php?rest_route=%2Fwp%2Fv2%2Fmedia&parent=122042"}],"wp:term":[{"taxonomy":"category","embeddable":true,"href":"https:\/\/www.bibula.com\/index.php?rest_route=%2Fwp%2Fv2%2Fcategories&post=122042"},{"taxonomy":"post_tag","embeddable":true,"href":"https:\/\/www.bibula.com\/index.php?rest_route=%2Fwp%2Fv2%2Ftags&post=122042"}],"curies":[{"name":"wp","href":"https:\/\/api.w.org\/{rel}","templated":true}]}}