{"id":122029,"date":"2021-01-13T14:06:02","date_gmt":"2021-01-13T19:06:02","guid":{"rendered":"https:\/\/www.bibula.com\/?p=122029"},"modified":"2021-01-13T14:06:02","modified_gmt":"2021-01-13T19:06:02","slug":"logika-a-sprawa-pandemii","status":"publish","type":"post","link":"https:\/\/www.bibula.com\/?p=122029","title":{"rendered":"Logika a sprawa pandemii"},"content":{"rendered":"<p>Uniwersalne podej\u015bcie do sposob\u00f3w walki z pandemi\u0105 musi doprawdy zadziwia\u0107. Prawie wszystkie pa\u0144stwa realizuj\u0105 identyczny skrypt post\u0119powania, bez spor\u00f3w i dyskusji.<\/p>\r\n<p>Do znanych mi wyj\u0105tk\u00f3w nale\u017c\u0105 jedynie s\u0105siedzi naszej Ojczyzny: Bia\u0142oru\u015b i Szwecja, oraz pojedyncze stany USA: Po\u0142udniowa Dakota i Floryda, kt\u00f3re odrzuci\u0142y restrykcje zwi\u0105zane z pandemi\u0105.<\/p>\r\n<p>Pomimo to, w \u017cadnym z wymienionych kraj\u00f3w nie zanotowano jakichkolwiek dramatycznych efekt\u00f3w tego post\u0119powania.<\/p>\r\n<p>Aby nie rozwleka\u0107 si\u0119, nie b\u0119d\u0119 szczeg\u00f3\u0142owo analizowa\u0142 powy\u017cszej sytuacji i zacytuj\u0119 jedynie oficjalne szwedzkie statystyki \u015bmiertelno\u015bci. Ilustruje je zamieszczona poni\u017cej tabela.<\/p>\r\n<p><a href=\"https:\/\/m.salon24.pl\/9fba89bf5068984ed963392efa4caa92,860,0,0,0.png\"><img decoding=\"async\" class=\"aligncenter\" src=\"https:\/\/m.salon24.pl\/9fba89bf5068984ed963392efa4caa92,860,0,0,0.png\" width=\"600\"><\/a><\/p>\r\n<p>Jak wida\u0107 \u015bmiertelno\u015b\u0107 w okresie pandemii nie zmieni\u0142a si\u0119, w por\u00f3wnaniu z latami ubieg\u0142ymi i wynios\u0142a 0,92, przy zakresie 0,86 do 1,07 w ostatnich dwu dekadach.<\/p>\r\n<p>Z elementarnej logiki wynika co nast\u0119puje:<\/p>\r\n<p style=\"padding-left: 40px;\"><strong>*<\/strong> \u017cadna pandemia nie mia\u0142a i nie ma miejsca na naszej planecie, a je\u015bli nawet ma to jest ona bezobjawowa i nieszkodliwa;<\/p>\r\n<p style=\"padding-left: 40px;\"><strong>*<\/strong> enigmatyczne statystyki \u201eprzypadk\u00f3w\u201d z kraj\u00f3w restrykcyjnych, jak Polska , nie wyja\u015bniaj\u0105ce ich natury, s\u0105 jedynie czyst\u0105 propagand\u0105 nakierowan\u0105 na zastraszenie i dalsze rozhisteryzowanie ludno\u015bci.<\/p>\r\n<p style=\"padding-left: 40px;\">Nie ulega w\u0105tpliwo\u015bci, \u017ce dzia\u0142ania w\u0142adz, z premedytacj\u0105 nakierowane s\u0105 na szkod\u0119 obywateli, we wszystkich mo\u017cliwych obszarach spo\u0142ecznych, a wiec:<\/p>\r\n<p style=\"padding-left: 40px;\"><strong>*<\/strong> gospodarczych, poprzez ograniczanie aktywno\u015bci przedsi\u0119biorc\u00f3w;<\/p>\r\n<p style=\"padding-left: 40px;\"><strong>*<\/strong> socjalnych, poprzez atomizacj\u0119 ludno\u015bci, pozbawienie jej elementarnego wykszta\u0142cenia, kultury, dzia\u0142alno\u015bci cywilnej (w tym politycznej) oraz de facto wolno\u015bci poruszania si\u0119, przy pomocy perfidnych \u201ewymog\u00f3w sanitarnych\u201d;<\/p>\r\n<p style=\"padding-left: 40px;\"><strong>*<\/strong> ochrony zdrowia, poprzez nakierowanie aparatu s\u0142u\u017cb medycznych na terroryzm pandemiczny, miast opieki zdrowotnej obywateli, co powoduje autentyczny wzrost \u015bmiertelno\u015bci w\u015br\u00f3d chronicznie chorych na raka , choroby wie\u0144cowe, itd.<\/p>\r\n<p>Truizmem jest stwierdzenie, \u017ce takie post\u0119powanie w\u0142adz nosi wszelkie znamiona ludob\u00f3jstwa i zdrady stanu ze wszystkimi wynikaj\u0105cymi z tych fakt\u00f3w konsekwencjami karnymi. Przy czym szkodliwe dzia\u0142ania w\u0142adz nie s\u0105 \u017cadnym novum i od dawna nakierowane s\u0105 na eksploatacj\u0119 i wyniszczanie Narod\u00f3w.<\/p>\r\n<p>W przypadku III RP, mi\u0119kkie ludob\u00f3jstwo zacz\u0119\u0142o si\u0119 ju\u017c od \u201ereform wolnorynkowych\u201d towarzysza \u201eprofesora\u201d Leszka Balcerowicza, przy pomocy kt\u00f3rych rozgrabiono i\/lub zniszczono ca\u0142\u0105 realn\u0105 gospodark\u0119 kraju, powoduj\u0105c w rezultacie masow\u0105 emigracj\u0119, wzrost liczby aborcji, rozwod\u00f3w, umieralno\u015bci wzbudzonej n\u0119dz\u0105 i brakiem opieki zdrowotnej spo\u0142ecze\u0144stwa.<\/p>\r\n<p>Przeci\u0119tnemu obywatelowi trudno by\u0142o poj\u0105\u0107 ca\u0142\u0105 perfidi\u0119 dzia\u0142a\u0144, pod zmasowan\u0105 os\u0142on\u0105 propagandow\u0105 medi\u00f3w g\u0142\u00f3wnego nurtu.<\/p>\r\n<p>Dzi\u015b, kiedy zupe\u0142nie opad\u0142a kurtyna zakrywaj\u0105ce dotychczas machinacje agenturalnych w\u0142adc\u00f3w, nawet szeregowy obywatel m\u00f3g\u0142by poj\u0105\u0107 mechanizmy tych zbrodniczych dzia\u0142a\u0144, ale sprzedajno\u015b\u0107 znacznej cz\u0119\u015bci spo\u0142ecze\u0144stwa, a szczeg\u00f3lno\u015bci \u201edziennikarzy\u201d, personelu medycznego, oraz pracownik\u00f3w pa\u0144stwowcy i cz\u0142onk\u00f3w s\u0142u\u017cb si\u0142owych, powoduje histeryczne otumanienie mas posp\u00f3lstwa. Jak kierdel baran\u00f3w pod\u0105\u017caj\u0105 one bezmy\u015blnie ku przepa\u015bci za fa\u0142szywymi pasterzami i przodownikami stada.<\/p>\r\n<p>G\u0142upot\u0105 wykazuj\u0105 si\u0119 te\u017c ci wymienieni powy\u017cej \u201espryciarze\u201d, kt\u00f3rzy korzystaj\u0105c z okazji wsp\u00f3\u0142pracuj\u0105 z w\u0142adzami w dziele wprowadzania totalnego zamordyzmu pod przykrywk\u0105 wymog\u00f3w sanitarnych i depopulacji pod przykrywk\u0105 opieki medycznej (\u201eszczepionk\u0105\u201d). Nie zadaj\u0105 sobie bowiem pytania co ich samych czeka w nowej rzeczywisto\u015bci. Ale to ju\u017c temat do osobnego artyku\u0142u.<\/p>\r\n<p><strong><em>Ignacy Nowopolski<\/em><\/strong><\/p>\r\n<p>https:\/\/wordpress.com\/view\/drnowopolskipolskapanorama.home.blog<\/p>","protected":false},"excerpt":{"rendered":"Uniwersalne podej\u015bcie do sposob\u00f3w walki z pandemi\u0105 musi doprawdy zadziwia\u0107. Prawie wszystkie pa\u0144stwa realizuj\u0105 identyczny skrypt post\u0119powania, bez spor\u00f3w i dyskusji. Do znanych mi wyj\u0105tk\u00f3w nale\u017c\u0105 jedynie s\u0105siedzi naszej Ojczyzny: Bia\u0142oru\u015b i Szwecja, oraz pojedyncze stany USA: Po\u0142udniowa Dakota i Floryda, kt\u00f3re odrzuci\u0142y restrykcje zwi\u0105zane z pandemi\u0105. Pomimo to, w \u017cadnym z wymienionych kraj\u00f3w nie [&hellip;]","protected":false},"author":1,"featured_media":0,"comment_status":"closed","ping_status":"closed","sticky":false,"template":"","format":"standard","meta":{"_acf_changed":false,"_monsterinsights_skip_tracking":false,"_monsterinsights_sitenote_active":false,"_monsterinsights_sitenote_note":"","_monsterinsights_sitenote_category":0,"ngg_post_thumbnail":0,"footnotes":"","_wp_rev_ctl_limit":""},"categories":[451],"tags":[433,20,205],"acf":[],"_links":{"self":[{"href":"https:\/\/www.bibula.com\/index.php?rest_route=\/wp\/v2\/posts\/122029"}],"collection":[{"href":"https:\/\/www.bibula.com\/index.php?rest_route=\/wp\/v2\/posts"}],"about":[{"href":"https:\/\/www.bibula.com\/index.php?rest_route=\/wp\/v2\/types\/post"}],"author":[{"embeddable":true,"href":"https:\/\/www.bibula.com\/index.php?rest_route=\/wp\/v2\/users\/1"}],"replies":[{"embeddable":true,"href":"https:\/\/www.bibula.com\/index.php?rest_route=%2Fwp%2Fv2%2Fcomments&post=122029"}],"version-history":[{"count":1,"href":"https:\/\/www.bibula.com\/index.php?rest_route=\/wp\/v2\/posts\/122029\/revisions"}],"predecessor-version":[{"id":122030,"href":"https:\/\/www.bibula.com\/index.php?rest_route=\/wp\/v2\/posts\/122029\/revisions\/122030"}],"wp:attachment":[{"href":"https:\/\/www.bibula.com\/index.php?rest_route=%2Fwp%2Fv2%2Fmedia&parent=122029"}],"wp:term":[{"taxonomy":"category","embeddable":true,"href":"https:\/\/www.bibula.com\/index.php?rest_route=%2Fwp%2Fv2%2Fcategories&post=122029"},{"taxonomy":"post_tag","embeddable":true,"href":"https:\/\/www.bibula.com\/index.php?rest_route=%2Fwp%2Fv2%2Ftags&post=122029"}],"curies":[{"name":"wp","href":"https:\/\/api.w.org\/{rel}","templated":true}]}}