{"id":122020,"date":"2021-01-13T14:05:30","date_gmt":"2021-01-13T19:05:30","guid":{"rendered":"https:\/\/www.bibula.com\/?p=122020"},"modified":"2021-01-13T14:05:30","modified_gmt":"2021-01-13T19:05:30","slug":"trwa-testowanie-nauczycieli-na-covid-19-czeka-nas-trzecia-fala-w-statystykach","status":"publish","type":"post","link":"https:\/\/www.bibula.com\/?p=122020","title":{"rendered":"Trwa testowanie nauczycieli na Covid-19. Czeka nas \u201etrzecia fala\u201d w statystykach?"},"content":{"rendered":"<p><strong>Trwa \u201enarodowe\u201d testowanie nauczycieli na obecno\u015b\u0107 SARS-Cov-2 dla nauczycieli klas I-III szk\u00f3\u0142 podstawowych, nauczycieli szk\u00f3\u0142 specjalnych i pracownik\u00f3w obs\u0142ugi administracyjnej szk\u00f3\u0142. Wynik bada\u0144 przesiewowych poznamy na sam koniec skumulowanych ferii zimowych. Czy oznacza\u0107 b\u0119dzie on nadej\u015bcie statystycznej \u201etrzeciej fali\u201d koronawirusa?<\/strong><\/p>\r\n<p>Po zako\u0144czonych, skumulowanych feriach zimowych dzieci m\u0142odszych klas szk\u00f3\u0142 podstawowych maj\u0105 18 stycznia 2021 roku powr\u00f3ci\u0107 do szk\u00f3\u0142. Plan to \u015bmia\u0142y, albowiem ruszy\u0142o w\u0142a\u015bnie masowe testowanie obs\u0142uguj\u0105cego je personelu. Wprawdzie badania przesiewowe na obecno\u015b\u0107 SARS-Cov-2 nie s\u0105 obowi\u0105zkowe, ale wiadomo, \u017ce niemal 200 tys. os\u00f3b zatrudnionych w szko\u0142ach chcia\u0142o si\u0119 mu podda\u0107. Przez mniej wi\u0119cej tydzie\u0144 \u2013 do 15 stycznia 2021 pobierane s\u0105 pr\u00f3bki, a ostateczny wynik \u201eprzesiewu\u201d ma by\u0107 znany najp\u00f3\u017aniej 17 stycznia. Jak si\u0119 zdaje nieprzypadkowo jest to ostatni dzie\u0144 ferii zimowych.<\/p>\r\n<p>I mo\u017ce okaza\u0107 si\u0119 tak, \u017ce wyniki przesiewu b\u0119d\u0105 na tyle niepokoj\u0105ce, \u017ce powrotu do szko\u0142y \u2013 wbrew zapewnieniom, \u017ce wynik nie b\u0119dzie mia\u0142 wp\u0142ywu na t\u0119 decyzj\u0119 \u2013 nie b\u0119dzie. Na razie wiemy, \u017ce b\u0119dzie on uzale\u017cniony od mo\u017cliwo\u015bci \u201ewystawienia\u201d przez dyrekcje szk\u00f3\u0142 sk\u0142adu obs\u0142uguj\u0105cego m\u0142odszych uczni\u00f3w. Oczywi\u015bcie cz\u0119\u015bciowy powr\u00f3t do szko\u0142y b\u0119dzie mo\u017cliwy tylko w re\u017cimie sanitarnym \u2013 przetestowanym ju\u017c we wrze\u015bniu 2020 roku. To jednak osobna kwestia\u2026 Wr\u00f3\u0107my do bada\u0144 przesiewowych.<\/p>\r\n<p>Testy dla nauczycieli klas I-III szk\u00f3\u0142 podstawowych, nauczycieli szk\u00f3\u0142 specjalnych i pracownik\u00f3w obs\u0142ugi administracyjnej szk\u00f3\u0142 s\u0105 dobrowolne i bezp\u0142atne. Mogli si\u0119 na nie zg\u0142osi\u0107 nie tylko nauczyciele, ale r\u00f3wnie\u017c pracownicy szko\u0142y, tj.: obs\u0142uga administracyjna, kierownictwo szko\u0142y, personel sekretariatu, personel pomocniczy, personel odpowiedzialny za funkcjonowanie techniczne szko\u0142y, personel sprz\u0105taj\u0105cy, a tak\u017ce personel wykonuj\u0105cy bie\u017c\u0105ce prace naprawcze na terenie szko\u0142y. I takich ochotnik\u00f3w zebrano niemal 200 tys.<\/p>\r\n<p>Badania s\u0105 realizowane za pomoc\u0105 testu PCR \u2013 zar\u00f3wno w jednostkach inspekcji sanitarnej jak i w punktach drive thru. Ka\u017cdy z uczestnik\u00f3w bada\u0144 otrzyma sw\u00f3j wynik najp\u00f3\u017aniej 17 stycznia 2021 roku. Owe badania maj\u0105 zagwarantowa\u0107 bezpiecze\u0144stwo w szko\u0142ach\u2026<\/p>\r\n<p>Tyle w teorii. Warto jednak zwr\u00f3ci\u0107 uwag\u0119 na ca\u0142\u0105 konstrukcj\u0119 przeprowadzanej operacji. Jak ju\u017c wskazali\u015bmy, formalnie powr\u00f3t dzieci do szk\u00f3\u0142 nie zale\u017cy od wyniku testowania nauczycieli. Ta decyzja b\u0119dzie podejmowana na podstawie\u2026 przebiegu epidemii.<\/p>\r\n<p>To do\u015b\u0107 ciekawe podej\u015bcie. Bo czy mo\u017cna t\u0119 deklaracj\u0119 odczyta\u0107, \u017ce oto wyniki bada\u0144 przesiewowych personelu szk\u00f3\u0142 nie b\u0119d\u0105 brane do og\u00f3lnej sumy os\u00f3b przetestowanych (i \u201epozytywnych\u201d)?<\/p>\r\n<p>Tylko w sytuacji, gdy przyj\u0119te zostanie takie rozwi\u0105zanie (oddzielenia wynik\u00f3w bada\u0144 przesiewowych nauczycieli, od \u201ecodziennych\u201d test\u00f3w), wynik grona pedagogicznego nie b\u0119dzie przek\u0142ada\u0142 si\u0119 na opisywanie przebiegu epidemii koronawirusa. Je\u015bli bowiem wynik ze szk\u00f3\u0142 zostanie dodany do wszystkich test\u00f3w, zapewne czeka\u0107 nas b\u0119dzie w statystykach \u201etrzecia fala koronawirusa\u201d.<\/p>\r\n<p>W takim wypadku mo\u017cna wyobrazi\u0107 sobie przebieg dalszych wydarze\u0144 \u2013 zamkni\u0119te szko\u0142y, przed\u0142u\u017cenie lub zwi\u0119kszenie obostrze\u0144 obowi\u0105zuj\u0105cych w czasie narodowej kwarantanny i og\u00f3lna, narodowa reprymenda za \u201ebrak odpowiedzialno\u015bci\u201d, nieprzestrzeganie zalece\u0144 i lekkomy\u015blno\u015b\u0107\u2026<\/p>\r\n<p>Warto zada\u0107 sobie pytanie kiedy testowanie nauczycieli mo\u017ce da\u0107 w statystykach \u201eg\u00f3rk\u0119\u201d? Je\u015bli przyj\u0105\u0107, \u017ce w 5 dni przetestowanych ma by\u0107 &#8211; ostatnie dane m\u00f3wi\u0105 o 165 tys. ch\u0119tnych &#8211; to \u0142atwo stwierdzi\u0107, \u017ce \u015brednio na dzie\u0144 b\u0119dzie to 33 tys. test\u00f3w. Przez ostatni tydzie\u0144 testowano oko\u0142o 40-60 tys. os\u00f3b dziennie. Tu liczby podawane w kolejnych dniach mocno si\u0119 r\u00f3\u017cni\u0105, bo 10 stycznia raportowano o 43 tys. test\u00f3w, a w kolejnych dniach by\u0142o to nieco ponad 26 tys. i ponad 50 tys.). Wyliczana \u015brednia dobowa \u201edobija\u0142a\u201d do 48 tys. test\u00f3w.<\/p>\r\n<p>Tu pojawia si\u0119 zasadnicze pytanie \u2013 czy pracownicy szk\u00f3\u0142 s\u0105 uj\u0119ci w raportach, czy nie? Wiadomo, \u017ce wpisywani s\u0105 w systemie, bo tam te\u017c mog\u0105 szuka\u0107 swoich wynik\u00f3w. Ponadto, czy z powodu testowania nauczycieli ograniczono liczb\u0119 innych test\u00f3w? C\u00f3\u017c. Je\u015bli nie, to wiemy, \u017ce wydajno\u015b\u0107 s\u0142u\u017cb si\u0119ga 80 tys. test\u00f3w dziennie\u2026 Zatem, je\u015bli zajdzie potrzeba wygenerowania w statystykach \u201etrzeciej fali\u201d zaka\u017ce\u0144, wystarczy, by przez najbli\u017csze dni s\u0142u\u017cby wykorzysta\u0142y swoje pe\u0142ne mo\u017cliwo\u015bci. Zale\u017cno\u015b\u0107 jest prosta: wi\u0119cej test\u00f3w, to wi\u0119cej przypadk\u00f3w (dla porz\u0105dku warto doda\u0107, \u017ce od pocz\u0105tku zmaga\u0144 z koronawirusem w oko\u0142o 18 proc. przypadk\u00f3w test\u00f3w stwierdzano pozytywny wynik).<\/p>\r\n<p>Dzi\u015b ju\u017c wiemy, \u017ce \u201enarodowa kwarantanna\u201d potrwa do ko\u0144ca stycznia. Wiemy te\u017c, \u017ce mamy \u201eG\u00f3ralskie Veto\u201d i przedsi\u0119biorcy z Podhala b\u0119d\u0105 od 18 stycznia \u2013 wbrew nakazom w\u0142adzy \u2013 otwiera\u0107 dzia\u0142alno\u015b\u0107. Nietrudno w mediach spo\u0142eczno\u015bciowych znale\u017a\u0107 firmy, kt\u00f3re deklaruj\u0105, \u017ce ruszaj\u0105 jeszcze przed tym weekendem, bo dalszy przest\u00f3j oznacza\u0142by ich koniec. Widzimy te\u017c jak funkcjonuj\u0105 w praktyce centra handlowe \u2013 o istnieniu koronawirusa przypominaj\u0105 tam jedynie komunikaty z g\u0142o\u015bnik\u00f3w, maski na twarzach klient\u00f3w i zapach p\u0142ynu dezynfekuj\u0105cego. Zamkni\u0119te s\u0105 wyci\u0105gi narciarskie, ale na stokach nie brakuje saneczkowej dziatwy\u2026 Praktyka pokazuje, \u017ce nikt nie chce ju\u017c lockdownu.<\/p>\r\n<p>Ponadto wraz z pocz\u0105tkiem drugiego tygodnia stycznia 2021, pandemia \u201ezaskoczy\u0142a\u201d ministra zdrowia. Oto liczba \u201ezaka\u017conych\u201d skoczy\u0142a mocno w d\u00f3\u0142. A to mo\u017ce wskazywa\u0107, \u017ce \u201ezwi\u0119kszone zachorowania, z kt\u00f3rymi mieli\u015bmy do czynienia po \u015bwi\u0119tach, to by\u0142a pewna kumulacja bada\u0144, a nie start nowych zachorowa\u0144\u201d \u2013 oceni\u0142 Adam Niedzielski. Weryfikacja tej tezy wymaga czasu.<\/p>\r\n<p>Tu jednak wracamy do statystyk i testowania nauczycieli. Kluczowym bowiem b\u0119dzie czy zebrane dane pos\u0142u\u017c\u0105 do kolejnego dokr\u0119cenia \u015bruby na kolejne tygodnie, a mo\u017ce i miesi\u0105ce\u2026 A mo\u017ce rz\u0105d patrz\u0105c na reakcj\u0119 spo\u0142ecze\u0144stwa maj\u0105cego do\u015b\u0107 nielogicznych zakaz\u00f3w potakuje je w kategoriach \u201edowodu\u201d na unikni\u0119cie \u201etrzeciej fali\u201d i stan\u0105 si\u0119 one pretekstem do odmra\u017cania gospodarki? Praktyka pokazuje, \u017ce rz\u0105d ch\u0119tnie podejmuje dzia\u0142ania \u201epod opini\u0119 publiczn\u0105\u201d. Kto wie? Mo\u017ce takim te\u017c sposobem \u2013 przy rodz\u0105cym si\u0119 na naszych oczach mocnym sprzeciwie obywateli \u2013 uda si\u0119 te\u017c \u201epokona\u0107 koronawirusa\u201d?<\/p>\r\n<p><strong><em>Marcin Austyn<\/em><\/strong><\/p>\r\n<blockquote>\r\n<p>[<strong>Wybrane wypowiedzi internaut\u00f3w pod w\/w tekstem na stronie \u017ar\u00f3d\u0142owej:<\/strong>]<\/p>\r\n<p>czyli jedyny maz stanu to LUKASZENKO a reszta w tym nasi to kukielki w teatrze koncernow Rocefelerow i reszty o BIALORUSINI jako jedyni mozecie jeszcze normalnie oddychac<br>\r\n<em>zbigniew<\/em><br>\r\n<br>\r\nNiestety, ale autor zak\u0142ada, \u017ce \u017cyjemy w normalnym pa\u0144stwie, gdzie rz\u0105dz\u0105cy my\u015bl\u0105 i kieruj\u0105 si\u0119 logik\u0105, rozs\u0105dkiem itp. Prawda jest taka, \u017ce ju\u017c \u017cyjemy w Matrixie &#8211; wmawia nam si\u0119 nieprawd\u0119 i k\u0142amie w \u017cywe oczy. A ludzie od lat karmieni medialn\u0105 papk\u0105 \u0142ykaj\u0105 wszystko. Ma\u0142o tych, kt\u00f3rzy maj\u0105 odwag\u0119 samodzielnie wyci\u0105ga\u0107 wnioski, ich g\u0142os to moim zdaniem &#8222;g\u0142os wo\u0142aj\u0105cego na pustyni&#8221;&#8230;<br>\r\n<em>M<\/em><br>\r\n<br>\r\nNa pewno wykryte przypadki zaka\u017ce\u0144 bezobjawowych zostan\u0105 dodane do statystyk, \u017ceby by\u0142o czym straszy\u0107 i &#8222;uzasadnia\u0107&#8221; dalsze przed\u0142u\u017canie lockdownu. Cho\u0107 nale\u017cy si\u0119 dziwi\u0107, \u017ce tak bezmy\u015blnie a\u017c 165 tys. nauczycieli, ludzi podobno inteligentnych, wyrazi\u0142o gotowo\u015b\u0107 do udzia\u0142u w tej antypolskiej machinie, zw\u0142aszcza \u017ce przecie\u017c wi\u0119kszo\u015b\u0107 z nich to kobiety, kt\u00f3re w razie wyniku pozytywnego unieruchomi\u0105 w domu r\u00f3wnie\u017c m\u0119\u017ca, kt\u00f3ry na nie zarabia, a je\u015bli maj\u0105 dzieci w klasach 1-3, to unieruchomi\u0105 tak\u017ce w\u0142asne dzieci. A potem dostarcz\u0105 mafii szczepionkowej argumentu w stylu: &#8222;skoro a\u017c tyle os\u00f3b by\u0142o zaka\u017conych bezobjawowo, to mog\u0105 m\u00f3wi\u0107 o du\u017cym szcz\u0119\u015bciu, \u017ce nie mia\u0142y objaw\u00f3w, ale taka sytuacja mo\u017ce si\u0119 nie powt\u00f3rzy\u0107, a jej ofiar\u0105 mo\u017ce by\u0107 ka\u017cdy z nas, wi\u0119c wszyscy powinni\u015bmy si\u0119 szczepi\u0107!&#8221;.<br>\r\n<em>xvx<\/em><br>\r\n<br>\r\nHiszpa\u0144ski dziennik El Pais donosi o wykryciu du\u017cego ogniska koronawirusa w gminie Calvia na Majorce. 55-ciu starc\u00f3w,czyli ponad po\u0142owa pensjonariuszy miejscowego domu opieki, i 14 pracownik\u00f3w JEST ZARA\u017bONYCH Covid 19 PO SZCZEPIENIU. Sprawa szokuje, bo zara\u017cenie wykryto u nich po zaszczepieniu szczepionk\u0105 Pfizer\/BioNTech, kt\u00f3re mia\u0142o miejsce 30 grudnia. Szczepionk\u0119 otrzyma\u0142o wtedy wszystkich 104 pensjonariuszy i wszyscy pracownicy. Wiadomo, \u017ce do zara\u017cenia dosz\u0142o po zaszczepieniu, bowiem przed tym wszystkim zrobiono testy na obecno\u015b\u0107 koronawirusa.<br>\r\n<em>Ry\u015b<\/em><br>\r\n<br>\r\n\u015arub\u0119 dokr\u0119ca si\u0119 niezale\u017cnie od liczby pozytywnych test\u00f3w i niezale\u017cnie od wszystkiego. Dokr\u0119ca si\u0119 bo mo\u017cna.<br>\r\n<em>Maria<\/em><br>\r\n<br>\r\nTylko \u015blepy nie widzi co si\u0119 dzieje- nauczyciele poddaj\u0105 si\u0119 testom, wyjdzie im wynik pozytywny- b\u0119d\u0105 zadowoleni- dalej szko\u0142a zdalna. Rz\u0105d si\u0119 ucieszy- nauczyciele podbij\u0105 statystyki, wyjdzie jaka\u015b g\u0142owa w masce i powie, \u017ce Polacy byli nieodpowiedzialni podczas ferii i st\u0105d taka fala zachorowa\u0107- lockdown trwa do ko\u0144ca marca. A reszta niech si\u0119 martwi co do gara w\u0142o\u017cy\u0107&#8230;<br>\r\n<em>miguel<\/em><br>\r\n<br>\r\nTeraz opr\u00f3cz prawdopodobnie kreatywnych wynik\u00f3w zaka\u017ce\u0144 <strong>kolejny straszak to mutacje<\/strong>. Angielska, czeska, radziecka i pd kobiety, kt\u00f3ra ma 12 mutacji ze zwierz\u0119cymi w\u0142\u0105cznie. Czy kolejna b\u0119dzie mutacj\u0105 marsja\u0144sk\u0105 szczeg\u00f3lnie zjadliw\u0105? Szczepcie si\u0119 bo rz\u0105d ma szczepionk\u0119 na jeszcze nie wymy\u015blone mutacje ;<br>\r\n<em>Ypsel<\/em><br>\r\n<br>\r\nCzym testujecie i co wykrywacie???? Bo test LPCR nie nadaje si\u0119 do diagnostyki,lecz jest przeznaczony do bada\u0144 naukowych. O tym poinformowa\u0142 sam jego tw\u00f3rca. Wi\u0119c co tym wykrywacie?????? o<br>\r\n<em>amman<\/em><br>\r\n<br>\r\nPraktyka pokazuje, \u017ce rz\u0105d nie post\u0119puje logicznie i nie ma sensu zgadywa\u0107 jego dalszych dzia\u0142a\u0144. Lepiej zrobi\u0107 wywiad z tymi, kt\u00f3rzy tym wszystkim steruj\u0105 &#8211; niech si\u0119 pochwal\u0105, ile ma jeszcze trwa\u0107 pandemia i jakie obostrzenia trzeba wprowadzi\u0107 na danym etapie zniewalania spo\u0142ecze\u0144stwa, a jakie kary b\u0119d\u0105 dla tych, kt\u00f3rzy si\u0119 nie dostosuj\u0105. Takie &#8222;wspania\u0142omy\u015blne&#8221; gdybanie mog\u0142oby sugerowa\u0107, \u017ce mamy do czynienia z uczciwymi lud\u017ami, A TAK NIE JEST!<br>\r\n<em>ntrrve<\/em><br>\r\n<br>\r\nTeraz bezmy\u015blni i t\u0119pi uwierz\u0105 we wszystko co im powie g\u0142\u00f3wny nurt \u015bciekowy nawet w za\u0107mienie s\u0142o\u0144ca cho\u0107 takiego nie b\u0119dzie.<br>\r\n<em>Andrzej.<\/em><br>\r\n<br>\r\n&#8222;Na sytuacj\u0119 epidemiologiczn\u0105 musimy patrze\u0107 w kontek\u015bcie europejskim i swiatowym&#8221; powiedzia\u0142a pani wiceminister, czy kto\u015b taki. Znaczy to tyle \u017ce u nas b\u0119dzie tak jak u Niemc\u00f3w. Prze\u0107wiczone przed Bo\u017cym Narodzeniem &#8211; wg Morawieckiego zgodnie ze &#8222;wska\u017anikami&#8221; mia\u0142o by\u0107 poluzowanie a by\u0142o zaostrzenie re\u017cimu, bo tak wynik\u0142o z &#8222;kontekstu europejskiego i \u015bwiatowego&#8221;.<br>\r\n<em>Wojtek<\/em><\/p>\r\n<\/blockquote>","protected":false},"excerpt":{"rendered":"Trwa \u201enarodowe\u201d testowanie nauczycieli na obecno\u015b\u0107 SARS-Cov-2 dla nauczycieli klas I-III szk\u00f3\u0142 podstawowych, nauczycieli szk\u00f3\u0142 specjalnych i pracownik\u00f3w obs\u0142ugi administracyjnej szk\u00f3\u0142. Wynik bada\u0144 przesiewowych poznamy na sam koniec skumulowanych ferii zimowych. Czy oznacza\u0107 b\u0119dzie on nadej\u015bcie statystycznej \u201etrzeciej fali\u201d koronawirusa? Po zako\u0144czonych, skumulowanych feriach zimowych dzieci m\u0142odszych klas szk\u00f3\u0142 podstawowych maj\u0105 18 stycznia 2021 roku [&hellip;]","protected":false},"author":1,"featured_media":0,"comment_status":"closed","ping_status":"closed","sticky":false,"template":"","format":"standard","meta":{"_acf_changed":false,"_monsterinsights_skip_tracking":false,"_monsterinsights_sitenote_active":false,"_monsterinsights_sitenote_note":"","_monsterinsights_sitenote_category":0,"ngg_post_thumbnail":0,"footnotes":"","_wp_rev_ctl_limit":""},"categories":[451],"tags":[433,98,20],"acf":[],"_links":{"self":[{"href":"https:\/\/www.bibula.com\/index.php?rest_route=\/wp\/v2\/posts\/122020"}],"collection":[{"href":"https:\/\/www.bibula.com\/index.php?rest_route=\/wp\/v2\/posts"}],"about":[{"href":"https:\/\/www.bibula.com\/index.php?rest_route=\/wp\/v2\/types\/post"}],"author":[{"embeddable":true,"href":"https:\/\/www.bibula.com\/index.php?rest_route=\/wp\/v2\/users\/1"}],"replies":[{"embeddable":true,"href":"https:\/\/www.bibula.com\/index.php?rest_route=%2Fwp%2Fv2%2Fcomments&post=122020"}],"version-history":[{"count":2,"href":"https:\/\/www.bibula.com\/index.php?rest_route=\/wp\/v2\/posts\/122020\/revisions"}],"predecessor-version":[{"id":122022,"href":"https:\/\/www.bibula.com\/index.php?rest_route=\/wp\/v2\/posts\/122020\/revisions\/122022"}],"wp:attachment":[{"href":"https:\/\/www.bibula.com\/index.php?rest_route=%2Fwp%2Fv2%2Fmedia&parent=122020"}],"wp:term":[{"taxonomy":"category","embeddable":true,"href":"https:\/\/www.bibula.com\/index.php?rest_route=%2Fwp%2Fv2%2Fcategories&post=122020"},{"taxonomy":"post_tag","embeddable":true,"href":"https:\/\/www.bibula.com\/index.php?rest_route=%2Fwp%2Fv2%2Ftags&post=122020"}],"curies":[{"name":"wp","href":"https:\/\/api.w.org\/{rel}","templated":true}]}}