{"id":121994,"date":"2021-01-12T18:21:32","date_gmt":"2021-01-12T23:21:32","guid":{"rendered":"https:\/\/www.bibula.com\/?p=121994"},"modified":"2021-01-12T18:21:32","modified_gmt":"2021-01-12T23:21:32","slug":"azyl-klimatyczny-absurdalne-decyzje-ue-ws-imigrantow-bogdan-dobosz","status":"publish","type":"post","link":"https:\/\/www.bibula.com\/?p=121994","title":{"rendered":"Azyl&#8230; klimatyczny?! Absurdalne decyzje UE ws. imigrant\u00f3w &#8211; <em>Bogdan Dobosz<\/em>"},"content":{"rendered":"<p><strong>W 2020 roku migranci dalej nap\u0142ywali do Unii Europejskiej. Z powodu restrykcji mniej licznie, ni\u017c zwykle \u2013 otrzymywali za to azyl z coraz bardziej absurdalnych powod\u00f3w. Precedensem jest przyznanie azylu z powod\u00f3w\u2026 klimatycznych.<\/strong><\/p>\r\n<p>Dane opublikowane przez Frontex wskazuj\u0105, \u017ce w 2020 roku nap\u0142yw migrant\u00f3w do kraj\u00f3w UE i przypadki przekraczania jej zewn\u0119trznych granic zmniejszy\u0142y si\u0119 w por\u00f3wnaniu z rokiem 2019 o 13 procent. Europejska Agencja Stra\u017cy Granicznej i Przybrze\u017cnej Frontex odnotowa\u0142a 124 tys. takich przypadk\u00f3w. Jej urz\u0119dnicy wyja\u015bniaj\u0105, \u017ce za tym spadkiem stoi pandemia koronawirusa i wprowadzane w wielu krajach restrykcje.<\/p>\r\n<p><strong>Zmiany szlak\u00f3w<\/strong><\/p>\r\n<p>Liczba nielegalnych przekrocze\u0144 granicy spad\u0142a najbardziej, bo a\u017c o ponad dwie trzecie, we wschodniej cz\u0119\u015bci Morza \u015ar\u00f3dziemnego (m.in. Grecja). W 2020 roku przyby\u0142o tu 20 tys. migrant\u00f3w.<\/p>\r\n<p>Na zachodnich wybrze\u017cach \u015br\u00f3dziemnomorskich spadek ten wyni\u00f3s\u0142 oko\u0142o 29 proc., czyli do 17 tysi\u0119cy os\u00f3b.<\/p>\r\n<p>Znacznie wzros\u0142a za to nielegalna migracja na Wyspy Kanaryjskie z wybrze\u017cy Zachodniej Afryki. Na tzw. szlaku zachodnioafryka\u0144skim odnotowano ponad 22,6 tys. nielegalnych przekrocze\u0144 granicy i proceder ten trwa w najlepsze. To o\u015bmiokrotnie wi\u0119cej ni\u017c w roku 2019.<\/p>\r\n<p>Hiszpania usi\u0142uje ten problem rozwi\u0105zywa\u0107 po cichu. Przedstawiciele tamtejszego MSW udali si\u0119 do Maroka, uzyskuj\u0105c rozszerzenie po\u0142\u0105czenia lotniska na Canaria z Marokiem z dw\u00f3ch do czterech lot\u00f3w tygodniowo. W ka\u017cdym samolocie lokuje si\u0119 po 20 nielegalnych migrant\u00f3w z tego kraju. W ten spos\u00f3b ok. 80 migrant\u00f3w wraca tygodniowo do Maroka. Procedur\u0105 repatriacji zajmuj\u0105 si\u0119 funkcjonariusze z Brygady ds. Cudzoziemc\u00f3w i Jednostki Interwencji Policji (IPU) z Wysp Kanaryjskich. Bilans jest jednak i tak niekorzystny. Tylko 31 grudnia na Wyspach Kanaryjskich pojawi\u0142o si\u0119 na jednej tratwie 170 nowych przybyszy.&nbsp;<\/p>\r\n<p>Trzykrotnie zwi\u0119kszy\u0142a si\u0119 te\u017c fala migracji przez \u015brodkow\u0105 cz\u0119\u015b\u0107 Morza \u015ar\u00f3dziemnego (s\u0142ynna Lampedusa i wybrze\u017ca W\u0142och), gdzie odnotowano ponad 35,6 tys. przekrocze\u0144 granic. Tutaj mamy niew\u0105tpliw\u0105 \u201ezas\u0142ug\u0119\u201d statk\u00f3w organizacji humanitarnych, kt\u00f3re szmugluj\u0105 ludzi do Europy, g\u0142\u00f3wnie z wybrze\u017cy Libii i to z coraz wi\u0119kszym rozmachem. Organizacje te pozostaj\u0105 praktycznie bezkarne.<\/p>\r\n<p>Tak\u017ce tras\u0105 przez Ba\u0142kany Zachodnie przesz\u0142o w 2020 o 75 proc. migrant\u00f3w wi\u0119cej ni\u017c w roku poprzednim, czyli oko\u0142o 27 tys. os\u00f3b. Wi\u0119kszo\u015b\u0107 imigrant\u00f3w z 2020 roku to Syryjczycy, a pozosta\u0142e licznie reprezentowane grupy to Tunezyjczycy, Algierczycy i Maroka\u0144czycy. Te trzy ostatnie kraje uznaje si\u0119 za bezpieczne i ich obywatele powinni by\u0107 szybko odstawiani do kraju pochodzenia. Tak si\u0119 jednak nie dzieje.<\/p>\r\n<p><strong>Migranci przemieszczaj\u0105 si\u0119 wewn\u0105trz UE<\/strong><\/p>\r\n<p>Po odmowie azylu i ewentualnej decyzji o deportacji, osoby takie zmieniaj\u0105 po prostu miejsce pobytu na inny kraj unijny. Rozbudowana biurokracja utrudnia ich odsy\u0142anie, a do tego tabuny prawnik\u00f3w z kolejnych organizacji \u201ehumanitarnych\u201d potrafi\u0105 do\u015b\u0107 skutecznie blokowa\u0107 ekspulsje.<\/p>\r\n<p>Niekt\u00f3re pa\u0144stwa stosuj\u0105 przekupstwo i proponuj\u0105 op\u0142acenie powrotu razem ze sporym \u201ekieszonkowym\u201d, a nawet kapita\u0142em na nowy start w kraju pochodzenia. Jest to ta\u0144sze ni\u017c skomplikowane procedury prawne i przymusowe wydalenie. W dodatku niekt\u00f3re pa\u0144stwa po prostu nie chc\u0105 przyjmowa\u0107 swoich obywateli, zas\u0142aniaj\u0105c si\u0119 np. pandemi\u0105.<\/p>\r\n<p>Migranci zreszt\u0105 nie czekaj\u0105 na ekspulsj\u0119 i korzystaj\u0105c ze strefy Schengen zmieniaj\u0105 kraje pobytu. Od dawna trwa np. ruch transalpejski z W\u0142och do Francji. Wybieraj\u0105 te\u017c kierunki, gdzie maj\u0105 zapewniony wy\u017csze \u015bwiadczenia socjalne. Inny docelowy kraj Wielka Brytania. Imigranci poszukuj\u0105 na Wyspach znajomych; licz\u0105 te\u017c na to, \u017ce \u0142atwiej tam sobie poradz\u0105, znaj\u0105c j\u0119zyk angielski, a nie znaj\u0105c francuskiego.<\/p>\r\n<p><strong>Kierunek &#8211; Anglia<\/strong><\/p>\r\n<p>Z informacji francuskiej prefektury morskiej wynika, \u017ce w 2020 roku wykryto ponad 9500 przekrocze\u0144 lub pr\u00f3b przekroczenia kana\u0142u La Manche przez migrant\u00f3w. To czterokrotnie wi\u0119cej ni\u017c w 2019 roku. Stra\u017c przybrze\u017cna interweniowa\u0142a na kanale La Manche 868 razy i wy\u0142owi\u0142a w czasie pr\u00f3b przepraw do Anglii 9 551 migrant\u00f3w. 6 os\u00f3b ponios\u0142o przy tym procederze w 2020 roku \u015bmier\u0107. W 2019 przy pr\u00f3bach przepraw utopi\u0142y si\u0119 4 osoby.<\/p>\r\n<p>Nasilenie si\u0119 tego zjawiska jest wyja\u015bniane kilkoma czynnikami. Korzystnymi warunkami pogodowymi mi\u0119dzy pocz\u0105tkiem marca a sierpniem 2020, zach\u0119tami ze strony tych, kt\u00f3rym si\u0119 Kana\u0142 uda\u0142o sforsowa\u0107 oraz udoskonaleniem metod przemytnik\u00f3w i coraz wi\u0119ksz\u0105 op\u0142acalno\u015bci\u0105 takiego biznesu. Zw\u0142aszcza, \u017ce coraz trudniej jest za\u0142apa\u0107 si\u0119 migrantom na jazd\u0119 \u201ena gap\u0119\u201d ci\u0119\u017car\u00f3wkami. Parkingi s\u0105 lepiej strze\u017cone, kierowcy TIR-\u00f3w wyczuleni. Razem z Brexitem kontrole \u0142adunk\u00f3w b\u0119d\u0105 jeszcze dok\u0142adniejsze, a zatem amator\u00f3w przeprawy bezpo\u015bredniej najprawdopodobniej przyb\u0119dzie.<\/p>\r\n<p><strong>Coraz bardziej pomys\u0142owi<\/strong><\/p>\r\n<p>Pomys\u0142owo\u015b\u0107 migrant\u00f3w nie ma przy tym granic. Niedawno nadesz\u0142a wiadomo\u015b\u0107 o pomy\u015ble kilku Kurd\u00f3w z Turcji, kt\u00f3rzy wynaj\u0119li sobie biznesowy przelot w szwajcarskiej firmie ma\u0142ym odrzutowcem, z mi\u0119dzyl\u0105dowaniem w Pary\u017cu. Na lotnisku Orly poprosili o\u2026 azyl. Wyliczyli, \u017ce koszty przelotu b\u0119d\u0105 mniejsze, ni\u017c \u0142\u0105czna suma op\u0142at dla przemytnik\u00f3w i za przejazdy przez kilka pa\u0144stw.<\/p>\r\n<p>Coraz dalej si\u0119ga te\u017c pomys\u0142owo\u015b\u0107 dotycz\u0105ca ubiegania si\u0119 o legalizacj\u0119 pobytu w danym pa\u0144stwie europejskim. Sposoby s\u0105 rozmaite. Kiedy odpadaj\u0105 powody polityczne, si\u0119ga si\u0119 np. po argument przynale\u017cno\u015bci do rzekomo \u201eprze\u015bladowanego\u201d \u015brodowiska LGBT i wyst\u0119puje o azyl ze wzgl\u0119d\u00f3w spo\u0142ecznych.<\/p>\r\n<p>Zupe\u0142n\u0105 nowo\u015bci\u0105 jest jednak najnowsza historia dotycz\u0105ca \u201eazylu klimatycznego\u201d. Co prawda zwolennicy ideologii \u201eocieplania klimatu\u201d od dawna wskazuj\u0105, \u017ce to w\u0142a\u015bnie takie zjawisko wyp\u0119dza tysi\u0105ce ludzi z ich dom\u00f3w i zmusza do migracji, ale jeszcze nigdy taki argument nie by\u0142 podnoszony przy wniosku azylowym.<\/p>\r\n<p><strong>Precedens z obywatelem Bangladeszu<\/strong><\/p>\r\n<p>Tymczasem pewien 40-letni przybysz z Bangladeszu otrzyma\u0142 azyl w Europie ze wzgl\u0119du na z\u0142y stan powietrza w jego ojczy\u017anie; argumentowa\u0142, \u017ce choruje na astm\u0119. Skutecznie \u2013 Francuzi przyznali mu status uchod\u017acy po uwzgl\u0119dnieniu \u201ekryteri\u00f3w klimatycznych\u201d w jego kraju pochodzenia. W efekcie s\u0105d administracyjny anulowa\u0142 obowi\u0105zek opuszczenia przez niego terytorium kraju, bo uznano, \u017ce \u017ce powr\u00f3t do kraju, gdzie powietrze nie jest dobrej jako\u015bci, zagra\u017ca jego zdrowiu.<\/p>\r\n<p>M\u0119\u017cczyzna przyjecha\u0142 do Francji w roku 2011 i zamieszka\u0142 w Tuluzie. W 2015 otrzyma\u0142 czasowe pozwolenie na pobyt ze wzgl\u0119du na astm\u0119, kt\u00f3re przed\u0142u\u017cono o kolejny rok. Administracja prowadzi\u0142a dalej dochodzenie w jego sprawie. W 2019 roku francuski Urz\u0105d ds. Imigracji i Integracji (OFII) \u201eustali\u0142\u201d, \u017ce w Bangladeszu istnieje opieka medyczna i takie choroby jak astma si\u0119 leczy. Dlatego prefektura Haute-Garonne wyda\u0142a mu nakaz opuszczenia terytorium Francji.<\/p>\r\n<p>Imigrant pochodzi z ma\u0142ego miasteczka oddalonego 200 kilometr\u00f3w od stolicy Dhaki. W czerwcu 2020 roku s\u0105d administracyjny w Tuluzie odrzuci\u0142 jednak nakaz deportacji. Prefekt odwo\u0142a\u0142 si\u0119 i dopiero teraz zapad\u0142 ostateczny wyrok w s\u0105dzie administracyjnym w Bordeaux. By\u0142 na korzy\u015b\u0107 migranta. S\u0105d wskaza\u0142 na pogorszenie si\u0119 jego stanu zdrowia i na to, \u017ce odes\u0142anie go do kraju oznacza\u0142oby nara\u017cenie go na \u015bmier\u0107. Prawnicy obywatela Bangladeszu komentowali, \u017ce jest to \u201epierwszy przypadek, w kt\u00f3rym uwzgl\u0119dniono kryterium klimatyczne\u201d. S\u0119dziowie badali bowiem wska\u017aniki zanieczyszczenia powietrza w Dhace.<\/p>\r\n<p>Cala sprawa jest pewn\u0105 ciekawostk\u0105, ale pokazuje te\u017c, \u017ce pr\u00f3by ekspulsji migrant\u00f3w raz wpuszczonych na terytorium danego kraju to niemal walka z wiatrakami. Wsparcie r\u00f3\u017cnych organizacji humanitarnych, lewak\u00f3w i poprawno\u015b\u0107 polityczna ekip rz\u0105dz\u0105cych pozwalaj\u0105 wlewa\u0107 si\u0119 fali migrant\u00f3w do Europy szerok\u0105 fal\u0105. P\u00f3\u017aniej wystarczy dobry adwokat, a koszty takich podchod\u00f3w i ekspulsji s\u0105 dla pa\u0144stw nieop\u0142acalne, wi\u0119c wybieraj\u0105 pozornie \u201emniejsze z\u0142o\u201d.<\/p>\r\n<p><em><strong>Bogdan Dobosz<\/strong><\/em><\/p>","protected":false},"excerpt":{"rendered":"W 2020 roku migranci dalej nap\u0142ywali do Unii Europejskiej. Z powodu restrykcji mniej licznie, ni\u017c zwykle \u2013 otrzymywali za to azyl z coraz bardziej absurdalnych powod\u00f3w. Precedensem jest przyznanie azylu z powod\u00f3w\u2026 klimatycznych. Dane opublikowane przez Frontex wskazuj\u0105, \u017ce w 2020 roku nap\u0142yw migrant\u00f3w do kraj\u00f3w UE i przypadki przekraczania jej zewn\u0119trznych granic zmniejszy\u0142y si\u0119 [&hellip;]","protected":false},"author":1,"featured_media":0,"comment_status":"closed","ping_status":"closed","sticky":false,"template":"","format":"standard","meta":{"_acf_changed":false,"_monsterinsights_skip_tracking":false,"_monsterinsights_sitenote_active":false,"_monsterinsights_sitenote_note":"","_monsterinsights_sitenote_category":0,"ngg_post_thumbnail":0,"footnotes":"","_wp_rev_ctl_limit":""},"categories":[9],"tags":[414,23,191,76,20],"acf":[],"_links":{"self":[{"href":"https:\/\/www.bibula.com\/index.php?rest_route=\/wp\/v2\/posts\/121994"}],"collection":[{"href":"https:\/\/www.bibula.com\/index.php?rest_route=\/wp\/v2\/posts"}],"about":[{"href":"https:\/\/www.bibula.com\/index.php?rest_route=\/wp\/v2\/types\/post"}],"author":[{"embeddable":true,"href":"https:\/\/www.bibula.com\/index.php?rest_route=\/wp\/v2\/users\/1"}],"replies":[{"embeddable":true,"href":"https:\/\/www.bibula.com\/index.php?rest_route=%2Fwp%2Fv2%2Fcomments&post=121994"}],"version-history":[{"count":1,"href":"https:\/\/www.bibula.com\/index.php?rest_route=\/wp\/v2\/posts\/121994\/revisions"}],"predecessor-version":[{"id":121995,"href":"https:\/\/www.bibula.com\/index.php?rest_route=\/wp\/v2\/posts\/121994\/revisions\/121995"}],"wp:attachment":[{"href":"https:\/\/www.bibula.com\/index.php?rest_route=%2Fwp%2Fv2%2Fmedia&parent=121994"}],"wp:term":[{"taxonomy":"category","embeddable":true,"href":"https:\/\/www.bibula.com\/index.php?rest_route=%2Fwp%2Fv2%2Fcategories&post=121994"},{"taxonomy":"post_tag","embeddable":true,"href":"https:\/\/www.bibula.com\/index.php?rest_route=%2Fwp%2Fv2%2Ftags&post=121994"}],"curies":[{"name":"wp","href":"https:\/\/api.w.org\/{rel}","templated":true}]}}