{"id":121891,"date":"2021-01-10T18:18:38","date_gmt":"2021-01-10T23:18:38","guid":{"rendered":"https:\/\/www.bibula.com\/?p=121891"},"modified":"2021-01-10T18:21:53","modified_gmt":"2021-01-10T23:21:53","slug":"polacy-w-wybranych-tradycyjnych-seminariach-raport-2020","status":"publish","type":"post","link":"https:\/\/www.bibula.com\/?p=121891","title":{"rendered":"Polacy w (wybranych) tradycyjnych seminariach &#8211; Raport 2020"},"content":{"rendered":"<h4>Polacy w tradycyjnych seminariach &#8211; Raport 2020<\/h4>\r\n<p><b>Jak co roku, publikujemy radosne wie\u015bci o Polakach przygotowuj\u0105cych si\u0119 do kap\u0142a\u0144stwa w instytutach kap\u0142a\u0144skich na prawie papieskim podleg\u0142ych Kongregacji Nauki Wiary (dawniej Papieskiej Komisji Ecclesia Dei). Seminarzy\u015bci prosz\u0105 o modlitwy w intencji ich powo\u0142a\u0144 kap\u0142a\u0144skich.&nbsp;<\/b><\/p>\r\n<p><b>&nbsp;<\/b><\/p>\r\n<table class=\"outset\" style=\"height: 816px;\" width=\"600\" align=\"center\">\r\n<tbody>\r\n<tr>\r\n<td style=\"width: 1.29206%;\">&nbsp;<\/td>\r\n<td style=\"width: 38.7079%;\">&nbsp;<\/td>\r\n<td style=\"width: 1.35935%;\">&nbsp;<\/td>\r\n<td style=\"width: 38.6406%;\">&nbsp;<\/td>\r\n<td style=\"width: 1.42665%;\">&nbsp;<\/td>\r\n<\/tr>\r\n<tr>\r\n<td style=\"width: 1.29206%;\">&nbsp;<\/td>\r\n<td style=\"width: 38.7079%;\"><img fetchpriority=\"high\" decoding=\"async\" class=\"aligncenter\" src=\"https:\/\/2.bp.blogspot.com\/-EV-dYDP3Z7M\/UJalYTTGw7I\/AAAAAAAAAVM\/IkFt3L3ygr8\/w255-h250\/fsspherb.jpg\" width=\"255\" height=\"250\" border=\"0\"><\/td>\r\n<td style=\"width: 1.35935%;\">&nbsp;<\/td>\r\n<td style=\"width: 38.6406%; text-align: left; padding-left: 40px;\">W europejskim seminarium<b>&nbsp;Bractwa Kap\u0142a\u0144skiego \u015aw. Piotra (FSSP)&nbsp;<\/b>w Wigratzbad studiuj\u0105: kl. Aleksander z arch. warszawskiej, kl. Jan z arch. krakowskiej oraz kl. \u0141ukasz z arch. pozna\u0144skiej. W ameryka\u0144skim seminarium FSSP w Denton studiuje kl. Adrian pochodz\u0105cy z diecezji tarnowskiej.<\/td>\r\n<td style=\"width: 1.42665%;\">&nbsp;<\/td>\r\n<\/tr>\r\n<tr>\r\n<td style=\"width: 1.29206%;\">&nbsp;<\/td>\r\n<td style=\"width: 38.7079%;\">&nbsp;<\/td>\r\n<td style=\"width: 1.35935%;\">&nbsp;<\/td>\r\n<td style=\"width: 38.6406%;\">&nbsp;<\/td>\r\n<td style=\"width: 1.42665%;\">&nbsp;<\/td>\r\n<\/tr>\r\n<tr>\r\n<td style=\"width: 1.29206%;\">&nbsp;<\/td>\r\n<td style=\"width: 38.7079%;\"><img decoding=\"async\" class=\"aligncenter\" src=\"https:\/\/4.bp.blogspot.com\/-Bjjl0ju8yrk\/UJbOIg4IzRI\/AAAAAAAAAVg\/kn7Kxt0n_hk\/w255-h227\/ibp.PNG\" width=\"255\" height=\"227\" border=\"0\"><\/td>\r\n<td style=\"width: 1.35935%;\">&nbsp;<\/td>\r\n<td style=\"width: 38.6406%; text-align: left; padding-left: 40px;\">W seminarium&nbsp;<b>Instytutu Dobrego Pasterza (IBP)<\/b>&nbsp;w Courtalain we Francji na pierwszym roku studiuje Maciej z arch. cz\u0119stochowskiej. Na wy\u017cszych latach studi\u00f3w studiuj\u0105: kl. Grzegorz z diec. siedleckiej oraz kl. Micha\u0142 z diec. warszawsko-praskiej, kl. Jan z diec. warszawsko-praskiej oraz kl. \u0141ukasz z arch. cz\u0119stochowskiej.<\/td>\r\n<td style=\"width: 1.42665%;\">&nbsp;<\/td>\r\n<\/tr>\r\n<tr>\r\n<td style=\"width: 1.29206%;\">&nbsp;<\/td>\r\n<td style=\"width: 38.7079%;\">&nbsp;<\/td>\r\n<td style=\"width: 1.35935%;\">&nbsp;<\/td>\r\n<td style=\"width: 38.6406%;\">&nbsp;<\/td>\r\n<td style=\"width: 1.42665%;\">&nbsp;<\/td>\r\n<\/tr>\r\n<tr>\r\n<td style=\"width: 1.29206%;\">&nbsp;<\/td>\r\n<td style=\"width: 38.7079%;\"><img decoding=\"async\" class=\"aligncenter\" src=\"https:\/\/4.bp.blogspot.com\/-birNKNBltkU\/TV6SkGAP1VI\/AAAAAAAABP0\/V00gl77V3-w\/w257-h336\/Institute%2Bof%2BChrist%2Bthe%2BKing%2BOur%2BLady%2527s%2BShrine%2BKnock%2BMayo%2BIreland.jpg\" data-original-height=\"234\" data-original-width=\"179\" width=\"257\" height=\"336\" border=\"0\"><\/td>\r\n<td style=\"width: 1.35935%;\">&nbsp;<\/td>\r\n<td style=\"width: 38.6406%; text-align: left; padding-left: 40px;\">W mi\u0119dzynarodowym seminarium <strong>Instytutu Chrystusa Kr\u00f3la Najwy\u017cszego Kap\u0142ana (ICRSS)<\/strong> w Gricigliano pod Florencj\u0105 we W\u0142oszech na etapie studi\u00f3w teologicznych s\u0105: kl. Julian, kl. Albert i kl. Oskar, za\u015b na etapie studi\u00f3w filozoficznych s\u0105:&nbsp; kl. Patryk, kl. Mateusz. Na pierwszym roku (propedeutyki) studiuj\u0105: Szymon i Aron. Ponadto trzech innych Polak\u00f3w przygotowuje si\u0119 do wst\u0105pienia do seminarium w r\u00f3\u017cnych plac\u00f3wkach Instytutu.<\/td>\r\n<td style=\"width: 1.42665%;\">&nbsp;<\/td>\r\n<\/tr>\r\n<tr>\r\n<td style=\"width: 1.29206%;\">&nbsp;<\/td>\r\n<td style=\"width: 38.7079%;\">&nbsp;<\/td>\r\n<td style=\"width: 1.35935%;\">&nbsp;<\/td>\r\n<td style=\"width: 38.6406%;\">&nbsp;<\/td>\r\n<td style=\"width: 1.42665%;\">&nbsp;<\/td>\r\n<\/tr>\r\n<\/tbody>\r\n<\/table>\r\n<p><i><b>Sancte Gabriel Possenti, ora pro eis!<\/b><\/i><\/p>\r\n<p class=\"zrodlo\">Za: <a href=\"https:\/\/www.unacum.pl\/2021\/01\/polacy-w-tradycyjnych-seminariach.html\">UnaCum.pl &#8211; Centrum Informacyjne Ruchu Summorum Pontifictum (8 stycznia 2021)<\/a> &#8211; [Org. tytu\u0142: \u00abPolacy w tradycyjnych seminariach &#8211; Raport 2020\u00bb]<\/p>\r\n<h4>&nbsp;<\/h4>\r\n<hr style=\"background-color: #000000; border-width: 0; color: #000000; height: 2px; line-height: 0; text-align: center; width: 100%;\">\r\n<h4>&nbsp;<\/h4>\r\n<blockquote>\r\n<p><span class=\"Apple-style-span\"><b>KOMENTARZ <em>BIBU\u0141Y<\/em>:<\/b> Tytu\u0142 g\u0142osi o &#8222;tradycyjnych seminariach&#8221; &#8211; w domniemaniu o wszystkich &#8211; jakkolwiek Raport nie ujmuje seminari\u00f3w prowadzonych przez Bractwo Kap\u0142a\u0144skie \u015bw. Piusa X, st\u0105d konieczna korekta tytu\u0142u, kt\u00f3ry wprowadza w b\u0142\u0105d.<\/span><i><span class=\"Apple-style-span\"><b><br>\r\n<\/b><\/span><\/i><\/p>\r\n<\/blockquote>\r\n<h4>&nbsp;<\/h4>\r\n<hr style=\"background-color: #000000; border-width: 0; color: #000000; height: 2px; line-height: 0; text-align: center; width: 100%;\">\r\n<h4>&nbsp;<\/h4>","protected":false},"excerpt":{"rendered":"Polacy w tradycyjnych seminariach &#8211; Raport 2020 Jak co roku, publikujemy radosne wie\u015bci o Polakach przygotowuj\u0105cych si\u0119 do kap\u0142a\u0144stwa w instytutach kap\u0142a\u0144skich na prawie papieskim podleg\u0142ych Kongregacji Nauki Wiary (dawniej Papieskiej Komisji Ecclesia Dei). Seminarzy\u015bci prosz\u0105 o modlitwy w intencji ich powo\u0142a\u0144 kap\u0142a\u0144skich.&nbsp; &nbsp; &nbsp; &nbsp; &nbsp; &nbsp; &nbsp; &nbsp; &nbsp; W europejskim seminarium&nbsp;Bractwa Kap\u0142a\u0144skiego [&hellip;]","protected":false},"author":1,"featured_media":0,"comment_status":"closed","ping_status":"closed","sticky":false,"template":"","format":"standard","meta":{"_acf_changed":false,"_monsterinsights_skip_tracking":false,"_monsterinsights_sitenote_active":false,"_monsterinsights_sitenote_note":"","_monsterinsights_sitenote_category":0,"ngg_post_thumbnail":0,"footnotes":"","_wp_rev_ctl_limit":""},"categories":[5],"tags":[350,24],"acf":[],"_links":{"self":[{"href":"https:\/\/www.bibula.com\/index.php?rest_route=\/wp\/v2\/posts\/121891"}],"collection":[{"href":"https:\/\/www.bibula.com\/index.php?rest_route=\/wp\/v2\/posts"}],"about":[{"href":"https:\/\/www.bibula.com\/index.php?rest_route=\/wp\/v2\/types\/post"}],"author":[{"embeddable":true,"href":"https:\/\/www.bibula.com\/index.php?rest_route=\/wp\/v2\/users\/1"}],"replies":[{"embeddable":true,"href":"https:\/\/www.bibula.com\/index.php?rest_route=%2Fwp%2Fv2%2Fcomments&post=121891"}],"version-history":[{"count":6,"href":"https:\/\/www.bibula.com\/index.php?rest_route=\/wp\/v2\/posts\/121891\/revisions"}],"predecessor-version":[{"id":121904,"href":"https:\/\/www.bibula.com\/index.php?rest_route=\/wp\/v2\/posts\/121891\/revisions\/121904"}],"wp:attachment":[{"href":"https:\/\/www.bibula.com\/index.php?rest_route=%2Fwp%2Fv2%2Fmedia&parent=121891"}],"wp:term":[{"taxonomy":"category","embeddable":true,"href":"https:\/\/www.bibula.com\/index.php?rest_route=%2Fwp%2Fv2%2Fcategories&post=121891"},{"taxonomy":"post_tag","embeddable":true,"href":"https:\/\/www.bibula.com\/index.php?rest_route=%2Fwp%2Fv2%2Ftags&post=121891"}],"curies":[{"name":"wp","href":"https:\/\/api.w.org\/{rel}","templated":true}]}}