{"id":121594,"date":"2020-12-30T17:53:20","date_gmt":"2020-12-30T22:53:20","guid":{"rendered":"https:\/\/www.bibula.com\/?p=121594"},"modified":"2020-12-30T17:53:20","modified_gmt":"2020-12-30T22:53:20","slug":"testament-donalda-trumpa","status":"publish","type":"post","link":"https:\/\/www.bibula.com\/?p=121594","title":{"rendered":"Testament Donalda Trumpa"},"content":{"rendered":"<p>\u015amier\u0107 Tomasza Becketa jest silnym i wiecznym przypomnieniem ka\u017cdemu Amerykaninowi, \u017ce nasza wolno\u015b\u0107 od prze\u015bladowa\u0144 religijnych nie jest zwyk\u0142ym luksusem lub wypadkiem historii, ale raczej istotnym elementem naszej wolno\u015bci. To nasz skarb, nasze nieocenione dziedzictwo, okupione krwi\u0105 m\u0119czennik\u00f3w.&nbsp;<\/p>\r\n<p><strong>Donald Trump wyda\u0142 uroczyste o\u015bwiadczenie z okazji 850 rocznicy m\u0119cze\u0144stwa \u015bw. Tomasza Becketa.<\/strong><\/p>\r\n<p>Donald Trump jest prezydentem USA i jak wszyscy jego poprzednicy reprezentuje tylko interesy Ameryki a nie Polski. Bole\u015bnie przekonali\u015bmy si\u0119 o tym gdy podpisa\u0142 ustaw\u0119 447 b\u0119d\u0105c\u0105 aktem wrogim wobec naszego kraju. Warto jednak zauwa\u017cy\u0107, \u017ce Trump zosta\u0142 prezydentem dzi\u0119ki g\u0142osom zubo\u017conych wyborc\u00f3w, wbrew globalistycznym elitom, wprowadzaj\u0105cym &#8222;now\u0105 normalno\u015b\u0107&#8221; &#8211; pozbawiaj\u0105c nas niezbywalnych wolno\u015bci. <strong>Tekst jak\u017ce aktualny, szkoda, \u017ce nie wyszed\u0142 spod pi\u00f3ra polskiego polityka albo biskupa.<\/strong><\/p>\r\n<p>Tak si\u0119 zaczyna:<\/p>\r\n<p style=\"padding-left: 40px;\"><strong>Dzi\u015b, obchodzimy 850 rocznic\u0119 m\u0119cze\u0144stwa \u015bw. Tomasza Becketa, 29 grudnia 1170 r. <\/strong><br>\r\n<strong>Tomasz Becket by\u0142 m\u0119\u017cem stanu, erudyt\u0105, kanclerzem, ksi\u0119dzem, arcybiskupem; i jak lew broni\u0142 wolno\u015bci religijnej. <\/strong><br>\r\n<br>\r\n<strong>Jeszcze przed zredagowaniem Magna Carta, zanim prawo do swobodnego wyznawania religii zosta\u0142o zapisane jako pierwsza wolno\u015b\u0107 Ameryki w naszej chwalebnej Konstytucji, Tomasz odda\u0142 swoje \u017cycie, aby tak jak on sam powiedzia\u0142 nawet: \u201eKo\u015bci\u00f3\u0142 osi\u0105gnie wolno\u015b\u0107 i pokoju\u201d.<\/strong><br>\r\n<br>\r\n<strong>Tomasz Becket, syn londy\u0144skiego szeryfa, nazwany pewnego dnia przez kr\u00f3la, kt\u00f3ry kaza\u0142 go zabi\u0107, mianem \u201educhownego ni\u017cszej rangi\u201d, mia\u0142 zosta\u0107 najwy\u017cszym autorytetem Ko\u015bcio\u0142a w Anglii. Kiedy korona usi\u0142owa\u0142a ingerowa\u0107 w sprawy domu Bo\u017cego poprzez Konstytucje Clarendona, Tomasz odm\u00f3wi\u0142 podpisania obra\u017aliwego dokumentu. Kiedy w\u015bciek\u0142y kr\u00f3l Henryk II zagrozi\u0142, \u017ce ska\u017ce go za pogard\u0119 dla w\u0142adzy kr\u00f3lewskiej, pytaj\u0105c go, w jaki spos\u00f3b taki \u201ebiedny i pokorny\u201d ksi\u0105dz o\u015bmieli\u0142 si\u0119 rzuci\u0107 mu wyzwanie, biskup Becket, \u00f3wczesny arcybiskup, odpowiedzia\u0142: \u201eB\u00f3g jest suwerenem najwy\u017cszym, ponad kr\u00f3lami \u201d i \u201emusimy by\u0107 bardziej pos\u0142uszni Bogu ni\u017c ludziom\u201d.<\/strong><\/p>\r\n<p>Dalej za\u015b:<\/p>\r\n<p style=\"padding-left: 40px;\"><strong>\u015amier\u0107 Tomasza Becketa jest silnym i wiecznym przypomnieniem ka\u017cdemu Amerykaninowi, \u017ce nasza wolno\u015b\u0107 od prze\u015bladowa\u0144 religijnych nie jest zwyk\u0142ym luksusem lub wypadkiem historii, ale raczej istotnym elementem naszej wolno\u015bci. To nasz skarb, nasze nieocenione dziedzictwo, okupione krwi\u0105 m\u0119czennik\u00f3w.<\/strong><\/p>\r\n<p>I jeszcze tak:<\/p>\r\n<p style=\"padding-left: 40px;\"><strong>W tym dniu \u015bwi\u0119tujemy i czcimy odwa\u017cne stanowisko Tomasza Becketa w obronie wolno\u015bci religijnej i potwierdzamy nasze wezwanie do zako\u0144czenia prze\u015bladowa\u0144 religijnych na ca\u0142ym \u015bwiecie. W moim historycznym przem\u00f3wieniu w ONZ w zesz\u0142ym roku jasno zaznaczy\u0142em, \u017ce Ameryka stoi u boku wierz\u0105cych wszystkich kraj\u00f3w, kt\u00f3rzy prosz\u0105 tylko o wolno\u015b\u0107 \u017cycia wiar\u0105, kt\u00f3ra jest w ich sercach.&nbsp;<\/strong><\/p>\r\n<p style=\"padding-left: 40px;\"><strong><i>Stwierdzi\u0142em r\u00f3wnie\u017c, \u017ce globalni biurokraci absolutnie nie powinni atakowa\u0107 suwerenno\u015bci narod\u00f3w, kt\u00f3re chc\u0105 chroni\u0107 \u017cycie niewinnych, co odzwierciedla przekonanie Stan\u00f3w Zjednoczonych i wielu innych kraj\u00f3w, \u017ce ka\u017cde dziecko &#8211; narodzone i nienarodzone &#8211; to \u015bwi\u0119ty dar od Boga.<\/i><\/strong><\/p>\r\n<p>I jeszcze:<\/p>\r\n<p style=\"padding-left: 40px;\"><strong>Modlimy si\u0119 za wierz\u0105cych na ca\u0142ym \u015bwiecie, kt\u00f3rzy cierpi\u0105 prze\u015bladowania z powodu ich wiary. Szczeg\u00f3lnie modlimy si\u0119 za ich odwa\u017cnych i podnosz\u0105cych na duchu pasterzy &#8211; takich jak kardyna\u0142 Joseph Zen z Hongkongu i pastor Wang Yi z Chengdu &#8211; kt\u00f3rzy s\u0105 niestrudzonymi \u015bwiadkami nadziei.<\/strong><\/p>\r\n<p>I w ko\u0144cu :<\/p>\r\n<p style=\"padding-left: 40px;\"><strong>Spo\u0142ecze\u0144stwo bez religii nie mo\u017ce si\u0119 rozwija\u0107. Nar\u00f3d bez wiary nie mo\u017ce trwa\u0107 &#8211; poniewa\u017c sprawiedliwo\u015b\u0107, dobro\u0107 i pok\u00f3j nie mog\u0105 zwyci\u0119\u017cy\u0107 bez \u0142aski Bo\u017cej.<\/strong><\/p>\r\n<p>Oprac.Eryk<\/p>\r\n<p>na podstawie http:\/\/yvesdaoudal.hautetfort.com, https:\/\/leblogdejeannesmits.blogspot.com, https:\/\/www.whitehouse.gov,<\/p>","protected":false},"excerpt":{"rendered":"\u015amier\u0107 Tomasza Becketa jest silnym i wiecznym przypomnieniem ka\u017cdemu Amerykaninowi, \u017ce nasza wolno\u015b\u0107 od prze\u015bladowa\u0144 religijnych nie jest zwyk\u0142ym luksusem lub wypadkiem historii, ale raczej istotnym elementem naszej wolno\u015bci. To nasz skarb, nasze nieocenione dziedzictwo, okupione krwi\u0105 m\u0119czennik\u00f3w.&nbsp; Donald Trump wyda\u0142 uroczyste o\u015bwiadczenie z okazji 850 rocznicy m\u0119cze\u0144stwa \u015bw. Tomasza Becketa. Donald Trump jest prezydentem [&hellip;]","protected":false},"author":1,"featured_media":0,"comment_status":"closed","ping_status":"closed","sticky":false,"template":"","format":"standard","meta":{"_acf_changed":false,"_monsterinsights_skip_tracking":false,"ngg_post_thumbnail":0,"footnotes":"","_wp_rev_ctl_limit":""},"categories":[7],"tags":[196,381,221],"acf":[],"_links":{"self":[{"href":"https:\/\/www.bibula.com\/index.php?rest_route=\/wp\/v2\/posts\/121594"}],"collection":[{"href":"https:\/\/www.bibula.com\/index.php?rest_route=\/wp\/v2\/posts"}],"about":[{"href":"https:\/\/www.bibula.com\/index.php?rest_route=\/wp\/v2\/types\/post"}],"author":[{"embeddable":true,"href":"https:\/\/www.bibula.com\/index.php?rest_route=\/wp\/v2\/users\/1"}],"replies":[{"embeddable":true,"href":"https:\/\/www.bibula.com\/index.php?rest_route=%2Fwp%2Fv2%2Fcomments&post=121594"}],"version-history":[{"count":2,"href":"https:\/\/www.bibula.com\/index.php?rest_route=\/wp\/v2\/posts\/121594\/revisions"}],"predecessor-version":[{"id":121596,"href":"https:\/\/www.bibula.com\/index.php?rest_route=\/wp\/v2\/posts\/121594\/revisions\/121596"}],"wp:attachment":[{"href":"https:\/\/www.bibula.com\/index.php?rest_route=%2Fwp%2Fv2%2Fmedia&parent=121594"}],"wp:term":[{"taxonomy":"category","embeddable":true,"href":"https:\/\/www.bibula.com\/index.php?rest_route=%2Fwp%2Fv2%2Fcategories&post=121594"},{"taxonomy":"post_tag","embeddable":true,"href":"https:\/\/www.bibula.com\/index.php?rest_route=%2Fwp%2Fv2%2Ftags&post=121594"}],"curies":[{"name":"wp","href":"https:\/\/api.w.org\/{rel}","templated":true}]}}