{"id":121553,"date":"2020-12-30T11:05:20","date_gmt":"2020-12-30T16:05:20","guid":{"rendered":"https:\/\/www.bibula.com\/?p=121553"},"modified":"2021-01-06T11:38:14","modified_gmt":"2021-01-06T16:38:14","slug":"reakcje-na-niebezpieczne-szczepionki-umieraja-po-zaszczepieniu-ale-szczepionka-nie-byla-przyczyna-zgonu","status":"publish","type":"post","link":"https:\/\/www.bibula.com\/?p=121553","title":{"rendered":"Reakcje na niebezpieczne szczepionki. Umieraj\u0105 po zaszczepieniu, ale &#8222;szczepionka nie by\u0142a przyczyn\u0105 zgonu&#8221;"},"content":{"rendered":"<h2>Szwajcaria. Jeden z pierwszych zaszczepionych przeciwko COVID-19 zmar\u0142. Spraw\u0119 zbada specjalna agencja<\/h2>\r\n<p>W\u0142adze kantonu Lucerna w Szwajcarii poinformowa\u0142y, \u017ce jeden z pierwszych m\u0119\u017cczyzn zaczepionych przeciwko COVID-19 zmar\u0142. Nie wiadomo jednak czy zgon by\u0142 zwi\u0105zany z podaniem preparatu.<\/p>\r\n<p>Teraz spraw\u0105 ma zaj\u0105\u0107 si\u0119 Szwajcarska Agencja ds. Produkt\u00f3w Leczniczych Swissmedic.<\/p>\r\n<p><strong>Kanton nie ujawni\u0142 szczeg\u00f3\u0142\u00f3w dotycz\u0105cych zgonu zaszczepionego. Nie podano nawet czasu jaki up\u0142yn\u0105\u0142 od zabiegu.<\/strong> [&#8230;]<strong><br>\r\n<\/strong><\/p>\r\n<p>Swissmedic nie skomentowa\u0142o jeszcze sprawy. <strong>Do zgonu nie odni\u00f3s\u0142 si\u0119 tak\u017ce producent preparatu Pfizer i BioNTech.<\/strong><\/p>\r\n<p>Szwajcara na razie przyj\u0119\u0142a szczepionki tylko tej firmy. W trybie pilnym przyj\u0119\u0142y j\u0105 te\u017c Stany Zjednoczone i Wielka Brytania, a Unia Europejska dopu\u015bci\u0142a warunkowo do obrotu.<\/p>\r\n<p>\u0179r\u00f3d\u0142o: Reuters.com<\/p>\r\n<p class=\"zrodlo\">Ca\u0142o\u015b\u0107: <a href=\"https:\/\/nczas.com\/2020\/12\/30\/szwajcaria-jeden-z-pierwszych-zaczepionych-przeciwko-covid-19-zmarl-sprawe-zbada-specjalna-agencja\/\">Najwy\u017cszy Czas! (30 grudnia 2020)<\/a><\/p>\r\n<h4>&nbsp;<\/h4>\r\n<hr style=\"background-color: #000000; border-width: 0; color: #000000; height: 2px; line-height: 0; text-align: center; width: 100%;\">\r\n<h4>&nbsp;<\/h4>\r\n<h2>Szwecja. 85-latek zmar\u0142 dzie\u0144 po zaszczepieniu na Covid-19<\/h2>\r\n<p>W\u0142adze regionu Kalmar na po\u0142udniu Szwecji poinformowa\u0142y w \u015brod\u0119 o pierwszym w tym kraju przypadku zgonu osoby, kt\u00f3ra zosta\u0142a zaszczepiona przeciw Covid-19. 85-letni m\u0119\u017cczyzna, cierpi\u0105cy na liczne choroby, <strong>zmar\u0142 dzie\u0144 po przyj\u0119ciu szczepionki<\/strong>.<\/p>\r\n<p>Jak podkre\u015blono w komunikacie, osoba w podesz\u0142ym wieku, kt\u00f3ra mieszka\u0142a w domu opieki w Kalmarze i mia\u0142a wiele chor\u00f3b, <strong>zmar\u0142a prawdopodobnie w wyniku zatrzymania kr\u0105\u017cenia.<\/strong> [&#8230;]<strong><br>\r\n<\/strong><\/p>\r\n<p class=\"zrodlo\">Ca\u0142o\u015b\u0107: <a href=\"https:\/\/nczas.com\/2020\/12\/30\/szwecja-85-latek-zmarl-dzien-po-zaszczepieniu-na-covid-19\/\">Najwy\u017cszy Czas! (30 grudnia 2020)<\/a><\/p>\r\n<h4>&nbsp;<\/h4>\r\n<hr style=\"background-color: #000000; border-width: 0; color: #000000; height: 2px; line-height: 0; text-align: center; width: 100%;\">\r\n<h4>&nbsp;<\/h4>\r\n<h2>W Izraelu dwie osoby zmar\u0142y w kr\u00f3tkim czasie po przyj\u0119ciu szczepionki Pfizera. Nie stwierdzono, aby to szczepionki przyczyni\u0142y si\u0119 do zgon\u00f3w<\/h2>\r\n<p>88-letni obywatel Izraela zmar\u0142 po przyj\u0119ciu szczepionki przeciwko COVID-19 firmy Pfizer. To drugi taki przypadek. Lekarze nie wi\u0105\u017c\u0105 zgonu z podaniem szczepionki.<\/p>\r\n<p>W poniedzia\u0142ek, 28 grudnia zmar\u0142 75-letni m\u0119\u017cczyzna. Oko\u0142o godziny 8:30 przyj\u0105\u0142 szczepionk\u0119, zgodnie z procedurami odczeka\u0142 chwil\u0119, a gdy nie stwierdzono u niego efekt\u00f3w ubocznych, opu\u015bci\u0142 klinik\u0119.<\/p>\r\n<p>Dwie godziny p\u00f3\u017aniej zmar\u0142. Lekarze podkre\u015blaj\u0105, \u017ce nie ma przes\u0142anek wskazuj\u0105cych, i\u017c zgon nast\u0105pi\u0142 w nast\u0119pstwie podania szczepionki przeciwko koronawirusowi. Jako przyczyn\u0119 zgonu poda\u0142o zawa\u0142 serca.<\/p>\r\n<p>Dzie\u0144 p\u00f3\u017aniej w Izraelu zmar\u0142a kolejna osoba, kt\u00f3ra przyj\u0119\u0142a szczepionk\u0119 Pfizera. W tym przypadku \u2013 jak podaje The Jerusalem Post \u2013 od zaszczepienia do zgonu min\u0119\u0142o \u201ekilka godzin\u201d.<\/p>\r\n<p>88-letni m\u0119\u017cczyzna tak\u017ce zmar\u0142 na zawa\u0142 serca. Jak podaje klinika, cierpia\u0142 r\u00f3wnie\u017c na inne choroby.<\/p>\r\n<p><strong>Lekarze podkre\u015blaj\u0105 na ka\u017cdym kroku, \u017ce nie stwierdzono, aby to szczepionki przyczyni\u0142y si\u0119 do zgon\u00f3w. <\/strong>[&#8230;]<\/p>\r\n<p class=\"zrodlo\">Ca\u0142o\u015b\u0107: <a href=\"https:\/\/nczas.com\/2020\/12\/30\/w-izraelu-dwie-osoby-zmarly-w-krotkim-czasie-po-przyjeciu-szczepionki-pfizera-nie-stwierdzono-aby-to-szczepionki-przyczynily-sie-do-zgonow\/\">Najwy\u017cszy Czas! (30 grudnia 2020)<\/a><\/p>\r\n<h4>&nbsp;<\/h4>\r\n<hr style=\"background-color: #000000; border-width: 0; color: #000000; height: 2px; line-height: 0; text-align: center; width: 100%;\">\r\n<h4>&nbsp;<\/h4>\r\n<h2>75-latek zmar\u0142 dwie godziny po zaszczepieniu przeciwko COVID-19. Podano przyczyn\u0119 zgonu<\/h2>\r\n<p>Izraelskie ministerstwo zdrowia poinformowa\u0142o, \u017ce 75-letni m\u0119\u017cczyzna zmar\u0142 dwie godziny po przyj\u0119ciu szczepionki przeciwko koronawirusowi. Jako przyczyn\u0119 zgonu podano zawa\u0142 serca.<\/p>\r\n<p>Dodano, \u017ce m\u0119\u017cczyzna mia\u0142 inne choroby, a w przesz\u0142o\u015bci przeszed\u0142 ju\u017c zawa\u0142 serca. Minister zdrowia Chezy Levy poinformowa\u0142, \u017ce rozpocz\u0119to ju\u017c dochodzenie, by mo\u017cliwie najdok\u0142adniej wyja\u015bni\u0107 ten przypadek.<\/p>\r\n<p>Izraelskie media podaj\u0105, \u017ce 75-latek zosta\u0142 zaszczepiony w poniedzia\u0142ek, 28 grudnia ok. godziny 8:30. Zgodnie z obowi\u0105zuj\u0105cymi procedurami, odczeka\u0142 chwil\u0119 w klinice, by upewni\u0107 si\u0119, \u017ce nie wyst\u0105pi\u0142y skutki uboczne. Kiedy stwierdzono, \u017ce czuje si\u0119 dobrze, wyszed\u0142 z plac\u00f3wki.<\/p>\r\n<p>Dwie godziny p\u00f3\u017aniej ju\u017c nie \u017cy\u0142.<strong> Przyczyn\u0105 zgonu mia\u0142 by\u0107 zawa\u0142 serca.<\/strong> Minister Levy podkre\u015bli\u0142, \u017ce na razie <strong>nie istniej\u0105 przes\u0142anki wskazuj\u0105ce, \u017ce szczepionka jakkolwiek wp\u0142yn\u0119\u0142a na pogorszenie stanu zdrowia<\/strong> m\u0119\u017cczyzny i przyczyni\u0142a si\u0119 do jego \u015bmierci. [&#8230;]<\/p>\r\n<p class=\"zrodlo\">Ca\u0142o\u015b\u0107: <a href=\"https:\/\/nczas.com\/2020\/12\/28\/75-latek-zmarl-dwie-godziny-po-zaszczepieniu-przeciwko-covid-19-podano-przyczyne\/\">Najwy\u017cszy Czas! (28 grudnia 2020)<\/a><\/p>\r\n<h4>&nbsp;<\/h4>\r\n<hr style=\"background-color: #000000; border-width: 0; color: #000000; height: 2px; line-height: 0; text-align: center; width: 100%;\">\r\n<h4>&nbsp;<\/h4>\r\n<h2>Lekarz przyj\u0105\u0142 szczepionk\u0119 Moderny. \u201eCi\u015bnienie krwi spad\u0142o, t\u0119tno przyspieszy\u0142o, zacz\u0105\u0142em si\u0119 poci\u0107\u201d<\/h2>\r\n<p>W Europie do powszechnych szczepie\u0144 przeciwko koronawirusowi stosuje si\u0119 na razie preparat Pfizera\/BioNTech. W Stanach Zjednoczonych dopuszczona jest tak\u017ce szczepionka Moderny. Lekarz opisuje, jak zareagowa\u0142 jego organizm po przyj\u0119ciu tej szczepionki.<\/p>\r\n<p>Szczepionk\u0119 przyj\u0105\u0142 dr Hossein Sadrzadeh z Boston Medical Center. Jak wskazuje, ju\u017c kilka chwil p\u00f3\u017aniej zaobserwowa\u0142 u siebie efekty uboczne.<\/p>\r\n<p>Na pocz\u0105tku poczu\u0142 przyspieszone bicie serca, ale tak\u0105 reakcj\u0119 powi\u0105za\u0142 z silnymi emocjami. Potem jednak pojawi\u0142y si\u0119 kolejne efekty uboczne \u2013 mrowienie w gardle, na j\u0119zyku i dr\u0119twienie cia\u0142a.<\/p>\r\n<p>\u2013 Moje ci\u015bnienie krwi znacznie spad\u0142o, wi\u0119c od razu wiedzia\u0142em, \u017ce to wstrz\u0105s anafilaktyczny. Moje t\u0119tno przy\u015bpieszy\u0142o, zacz\u0105\u0142em si\u0119 poci\u0107. Ju\u017c wcze\u015bniej mia\u0142em podobne reakcje, wi\u0119c wiedzia\u0142em jak si\u0119 zachowa\u0107 \u2013 opisuje dr Sadrzadeh.<\/p>\r\n<p>Lekarz zaaplikowa\u0142 sobie lek EpiPen, kt\u00f3ry cz\u0119sto stosuj\u0105 alergicy. Trafi\u0142 na oddzia\u0142 ratunkowy, pod obserwacj\u0119 innych lekarzy. Jak podkre\u015bla, po ok. 24 godzinach skutki uboczne przyj\u0119cia szczepionki ust\u0105pi\u0142y.<\/p>\r\n<p>Dr Sadrzadeh uwa\u017ca, \u017ce ludzie powinni si\u0119 szczepi\u0107. Jednocze\u015bnie apeluje, by producenci szczepionek uwa\u017cniej przyjrzeli si\u0119 sprawie i zrobili wszystko, co w ich mocy, aby zapobiec takim zdarzeniom. [&#8230;]<\/p>\r\n<p class=\"zrodlo\">Ca\u0142o\u015b\u0107: <a href=\"https:\/\/nczas.com\/2020\/12\/30\/lekarz-przyjal-szczepionke-moderny-cisnienie-krwi-spadlo-tetno-przyspieszylo-zaczalem-sie-pocic\/\">Najwy\u017cszy Czas! (30 grudnia 2020)<\/a><\/p>\r\n<h4>&nbsp;<\/h4>\r\n<hr style=\"background-color: #000000; border-width: 0; color: #000000; height: 2px; line-height: 0; text-align: center; width: 100%;\">\r\n<h4>&nbsp;<\/h4>\r\n<h2>Piel\u0119gniarka przyj\u0119\u0142a szczepionk\u0119 Pfizera. \u201eNigdy nie mia\u0142am tak wysokiej gor\u0105czki\u201d<\/h2>\r\n<p>Kristen Choi, piel\u0119gniarka, kt\u00f3ra dobrowolnie wzi\u0119\u0142a udzia\u0142 w testach szczepionki na koronawirusa Pfizera, zdradzi\u0142a, \u017ce zaobserwowa\u0142a u siebie kilka skutk\u00f3w ubocznych.<\/p>\r\n<p>Choi jest piel\u0119gniark\u0105 i asystentem jednego z profesor\u00f3w na Uniwersytecie Kalifornijskim w Los Angeles. W sierpniu przyj\u0119\u0142a dwie dawki eksperymentalnej szczepionki przeciw Covid-19 koncernu Pfizer.<\/p>\r\n<p>Do szczepienia zg\u0142osi\u0142a si\u0119 jako ochotnik. Skusi\u0142a si\u0119 po reklamie, kt\u00f3r\u0105 zobaczy\u0142a na Instagramie. Teraz zdradza, jak wygl\u0105da\u0142 ca\u0142y proces \u2013 III faza badania szczepionki, w kt\u00f3rej uczestniczy\u0142a.<\/p>\r\n<p>Po kilku dniach od wprowadzenia swoich danych do systemu otrzyma\u0142a telefon od koordynatora bada\u0144. Gdy stawi\u0142a si\u0119 na szczepienie, nie wiedzia\u0142a, czy otrzyma w\u0142a\u015bciw\u0105 szczepionk\u0119 czy mo\u017ce placebo. Teraz jest pewna, \u017ce by\u0142a to szczepionka.<\/p>\r\n<p>Po pierwszym zastrzyku nie czu\u0142a \u017cadnych skutk\u00f3w ubocznych, poza b\u00f3lem w miejscu wkuwania ig\u0142y.<\/p>\r\n<p>Efekty uboczne po przyj\u0119ciu szczepionki<\/p>\r\n<p>Miesi\u0105c p\u00f3\u017aniej wr\u00f3ci\u0142a po drug\u0105 dawk\u0119 preparatu. Tym razem mia\u0142a ju\u017c zupe\u0142nie inne do\u015bwiadczenia. \u2013 Rami\u0119, w miejscu wstrzykni\u0119cia, od razu zacz\u0119\u0142o bole\u0107 znacznie bardziej, ni\u017c za pierwszym razem \u2013 to pierwsze odczucie, jakie utkwi\u0142o jej w pami\u0119ci.<\/p>\r\n<p>Potem by\u0142o znacznie gorzej. Choi do\u015bwiadczy\u0142a objaw\u00f3w typowych dla Covid-19 \u2013 b\u00f3le g\u0142owy, nudno\u015bci, dreszcze, a gor\u0105czka w kulminacyjnym momencie si\u0119gn\u0119\u0142a 40,5 st. C. Jak przyznaje, by\u0142a to najwy\u017csza gor\u0105czka w jej \u017cyciu.<\/p>\r\n<p>\u2013 Pod koniec dnia poczu\u0142am lekkie oszo\u0142omienie, zimno, md\u0142o\u015bci i ogromny b\u00f3l g\u0142owy. Po\u0142o\u017cy\u0142am si\u0119 wcze\u015bniej do \u0142\u00f3\u017cka i natychmiast zasn\u0119\u0142am. Oko\u0142o p\u00f3\u0142nocy przebudzi\u0142am si\u0119. Mia\u0142am gor\u0105czk\u0119, md\u0142o\u015bci, zawroty g\u0142owy, przechodzi\u0142y mnie dreszcze. Ledwo mog\u0142am unie\u015b\u0107 r\u0119k\u0119 \u2013 b\u00f3l mi\u0119\u015bni w miejscu wstrzykni\u0119cia by\u0142 nie do wytrzymania \u2013 opowiada.<\/p>\r\n<p>Wspomnian\u0105 rekordow\u0105 gor\u0105czk\u0119 (40,5 st. C) zmierzy\u0142a o 5.30 nad ranem. Wzi\u0119\u0142a paracetamol, posz\u0142a spa\u0107, a po ponownym przebudzeniu temperatura troch\u0119 spad\u0142a \u2013 do 38,9 st. C.<\/p>\r\n<p>Kristen by\u0142a przekonana, \u017ce zachorowa\u0142a na Covid-19, ale wg zapewnie\u0144 lekarzy tak nie by\u0142o.<\/p>\r\n<p><strong>To by\u0142y uboczne skutki przyj\u0119cia szczepionki na koronawirusa.<\/strong> Tak podobno ma reagowa\u0107 ludzki uk\u0142ad odporno\u015bciowych.<\/p>\r\n<p>Piel\u0119gniarka wspomina, \u017ce objawy Covid-19 min\u0119\u0142y u niej po ok. 24 godzinach. Zastanawia si\u0119, dlaczego prowadz\u0105cy badania przed podaniem szczepionki nie poinformowali jej o mo\u017cliwych skutkach ubocznych. [&#8230;]<\/p>\r\n<p class=\"zrodlo\">Ca\u0142o\u015b\u0107: <a href=\"https:\/\/nczas.com\/2020\/12\/07\/pielegniarka-przyjela-szczepionke-pfizera-nigdy-nie-mialam-tak-wysokiej-goraczki\/\">Najwy\u017cszy Czas! (7 grudnia 2020)<\/a><\/p>\r\n<h4>&nbsp;<\/h4>\r\n<hr style=\"background-color: #000000; border-width: 0; color: #000000; height: 2px; line-height: 0; text-align: center; width: 100%;\">\r\n<h4>&nbsp;<\/h4>\r\n<h2>Piel\u0119gniarz przyj\u0105\u0142 szczepionk\u0119 Pfizera i zarazi\u0142 si\u0119 COVID-19. To pierwszy taki przypadek na \u015bwiecie<\/h2>\r\n<p>Piel\u0119gniarz z Kalifornii przyj\u0105\u0142 szczepionk\u0119 Pfizera przeciwko COVID-19. Po o\u015bmiu dniach zachorowa\u0142 na COVID-19. To pierwszy, potwierdzony, przypadek na \u015bwiecie. Eksperci wskazuj\u0105 na dwie mo\u017cliwo\u015bci, dlaczego tak si\u0119 sta\u0142o.<\/p>\r\n<p>\u201eSzcz\u0119\u015bciarzem\u201d jest Matthew W. z San Diego. 18 grudnia zaszczepi\u0142 si\u0119 przeciwko koronawirusowi.<\/p>\r\n<p>W Wigili\u0119 Bo\u017cego Narodzenia poczu\u0142 si\u0119 gorzej. Jak powiedzia\u0142 telewizji ABC 10 News, by\u0142 os\u0142abiony, bola\u0142y go mi\u0119\u015bnie, dosta\u0142 dreszczy.<\/p>\r\n<p>26 grudnia poszed\u0142 do lekarza.<strong> Zrobi\u0142 test, kt\u00f3ry da\u0142 wynik pozytywny.<\/strong><\/p>\r\n<p>Jak t\u0142umacz\u0105 to eksperci<\/p>\r\n<p>Szczepionka przeciwko koronawirusowi ma dawa\u0107 odporno\u015b\u0107 przed zachorowaniem na COVID-19. Dlaczego w tym przypadku tak si\u0119 nie sta\u0142o?<\/p>\r\n<p>Eksperci wskazuj\u0105 dwie mo\u017cliwo\u015bci. Albo Matthew zarazi\u0142 si\u0119 przed przyj\u0119ciem szczepionki, a wirus tak d\u0142ugo si\u0119 rozwija\u0142, albo szczepionka jeszcze nie da\u0142a nale\u017cytej odporno\u015bci.<\/p>\r\n<p>Pfizer \u2013 producent szczepionki \u2013 wskazuje, \u017ce pe\u0142n\u0105 (ok. 95 proc.) odporno\u015b\u0107 ma gwarantowa\u0107 przyj\u0119cie drugiej dawki szczepionki \u2013 po ok. 21 dniach po pierwszej dawce.<\/p>\r\n<p>\u2013 Wiemy z bada\u0144 klinicznych szczepionek, \u017ce zajmie ci oko\u0142o 10 do 14 dni, zanim zaczniesz rozwija\u0107 ochron\u0119 przed zaka\u017ceniem \u2013 t\u0142umaczy dr Christian Ramers Family Health Centers w San Diego.<\/p>\r\n<p>\u2013 Uwa\u017camy, \u017ce ta pierwsza dawka daje oko\u0142o 50 proc. ochrony, a druga dawka jest potrzebna, aby osi\u0105gn\u0105\u0107 95 proc. \u2013 doda\u0142. [&#8230;]<\/p>\r\n<p><strong>W zwi\u0105zku z powy\u017cszym zaapelowa\u0142a, by nie znosi\u0107 restrykcji dla os\u00f3b zaszczepionych.<\/strong> [&#8230;]<strong><br>\r\n<\/strong><\/p>\r\n<p class=\"zrodlo\">Ca\u0142o\u015b\u0107: <a href=\"https:\/\/nczas.com\/2020\/12\/30\/pielegniarz-przyjal-szczepionke-pfizera-i-zarazil-sie-covid-19-to-pierwszy-taki-przypadek-na-swiecie\/\">Najwy\u017cszy Czas! (30 grudnia 2020)<\/a><\/p>\r\n<h4>&nbsp;<\/h4>\r\n<hr style=\"background-color: #000000; border-width: 0; color: #000000; height: 2px; line-height: 0; text-align: center; width: 100%;\">\r\n<h4>&nbsp;<\/h4>\r\n<h2>Meksyk: lekarka zaszczepiona preparatem Pfizera trafi\u0142a na intensywn\u0105 terapi\u0119<\/h2>\r\n<p>Lekarka zaszczepiona preparatem Pfizer\/BioNTech trafi\u0142a na intensywn\u0105 terapi\u0119 z podejrzeniem zapalenia m\u00f3zgu i rdzenia kr\u0119gowego. Pacjentka posiada\u0142a histori\u0119 reakcji alergicznych na antybiotyki.<\/p>\r\n<p>Do zdarzenia dosz\u0142o w stanie Nuevo Leon na p\u00f3\u0142nocy kraju. U 32-letniej pracownicy szpitala zaobserwowano drgawki, wysypk\u0119 i trudno\u015bci z oddychaniem p\u00f3\u0142 godziny po zaszczepieniu przeciw COVID-19. Kobieta trafi\u0142a na intensywn\u0105 terapi\u0119, z podejrzeniem zapalenia m\u00f3zgu i rdzenia kr\u0119gowego. Jej stan jest stabilny.<\/p>\r\n<p>Informacj\u0119 o stanie zdrowia lekarki poda\u0142 meksyka\u0144ski resort zdrowia. Kobieta mia\u0142a w przesz\u0142o\u015bci reakcje alergiczne na antybiotyki &#8211; sulfametoksazol i trimetoprim. Ministerstwo zdrowia poda\u0142o, \u017ce trwaj\u0105 badania przyczyny choroby 32-latki. [&#8230;]<\/p>\r\n<p>PR<\/p>\r\n<p class=\"zrodlo\">Ca\u0142o\u015b\u0107: <a href=\"https:\/\/www.pch24.pl\/meksyk--lekarka-zaszczepiona-preparatem-pfizera-trafila-na-intensywna-terapie,81035,i.html\">PoloniaChristiana &#8211; pch24.pl (2021-01-03)<\/a><\/p>\r\n<h4>&nbsp;<\/h4>\r\n<hr style=\"background-color: #000000; border-width: 0; color: #000000; height: 2px; line-height: 0; text-align: center; width: 100%;\">\r\n<h4>&nbsp;<\/h4>\r\n<h2>Piel\u0119gniarka z Porto zmar\u0142a nagle nied\u0142ugo po przyj\u0119ciu szczepionki Pfizera<\/h2>\r\n<p><strong>Portugalskie w\u0142adze odpowiedzialne za s\u0142u\u017cb\u0119 zdrowia maj\u0105 wyja\u015bni\u0107 spraw\u0119 zgonu piel\u0119gniarki ze szpitala w Porto. Kobieta zmar\u0142a nagle dwa dni po przyj\u0119ciu \u201eszczepionki\u201d przeciwko COVID-19.<\/strong><\/p>\r\n<p>\u201eMinisterstwo zdrowia potwierdzi\u0142o, \u017ce przed rozpocz\u0119ciem sekcji zw\u0142ok kobiety, zatrudnionej na oddziale pediatrii Instytutu Onkologii (IPO) w Porto, zebrano materia\u0142y dotycz\u0105ce przebiegu szczepienia, kt\u00f3remu poddana zosta\u0142a piel\u0119gniarka\u201d \u2013 czytamy w serwisie Interia.<\/p>\r\n<p>Jak g\u0142osi oficjalny komunikat, ani podczas zabiegu, ani kr\u00f3tko po zaszczepieniu kobieta nie wykazywa\u0142a niepokoj\u0105cych objaw\u00f3w.<\/p>\r\n<p>41-latka znalaz\u0142a si\u0119 w gronie 538 pracownik\u00f3w IPO, kt\u00f3rzy w przedostatnim dniu starego roku przyj\u0119li dystrybuowany mi\u0119dzy innymi na terenie Unii Europejskiej preparat produkcji Pfizer\/BioNTech.<\/p>\r\n<p>\u0179r\u00f3d\u0142o: Interia.pl<\/p>\r\n<p>RoM<\/p>\r\n<p class=\"zrodlo\">Za: <a href=\"https:\/\/www.pch24.pl\/pielegniarka-z-porto-zmarla-nagle-niedlugo-po-przyjeciu-szczepionki-pfizera,81068,i.html\">PoloniaChristiana &#8211; pch24.pl (2021-01-04)<\/a><\/p>\r\n<h4>&nbsp;<\/h4>\r\n<hr style=\"background-color: #000000; border-width: 0; color: #000000; height: 2px; line-height: 0; text-align: center; width: 100%;\">\r\n<h4>&nbsp;<\/h4>\r\n<h2>Trzy zgony zg\u0142oszone po \u201eszczepieniu\u201d na Islandii<\/h2>\r\n<div class=\"entry\">\r\n<div class=\"pf-content\">\r\n<p><strong>Trzech pacjent\u00f3w z chorobami towarzysz\u0105cymi zmar\u0142o na Islandii po podaniu preparatu przeciwko koronawirusowi zwanemu marketingowo \u201eszczepionk\u0105\u201d. \u201eNie mo\u017cna jednak potwierdzi\u0107, \u017ce \u015bmier\u0107 mia\u0142a zwi\u0105zek ze szczepieniem\u201d \u2013 stwierdzi\u0142a w popo\u0142udniowej audycji w radio Bylgjan R\u00fana Hauksd\u00f3ttir, dyrektor Islandzkiej Agencji Lek\u00f3w.<\/strong><\/p>\r\n<p><img fetchpriority=\"high\" decoding=\"async\" class=\"aligncenter\" src=\"https:\/\/wolnemedia.net\/obrazki2\/mem-zgony-covid-19-1.jpg\" width=\"592\" height=\"296\" border=\"0\"><\/p>\r\n<p>Islandzka Agencja Lek\u00f3w otrzyma\u0142a w sumie szesna\u015bcie zg\u0142osze\u0144 o mo\u017cliwych skutkach ubocznych spowodowanych wstrzykni\u0119ciem preparatu. Cztery z nich uznaje si\u0119 za powa\u017cne, z tego trzy to przypadki \u015bmiertelne. Wszystkie przypadki dotyczy\u0142y os\u00f3b starszych, cierpi\u0105cych na choroby towarzysz\u0105ce.<\/p>\r\n<p>Jednym z nich by\u0142 m\u0119\u017cczyzna w wieku dziewi\u0119\u0107dziesi\u0119ciu lat, kt\u00f3remu wstrzykni\u0119to preparat w \u015brod\u0119 w domu opieki M\u00f6rk. Tamtejsza lekarz naczelna potwierdzi\u0142a, \u017ce zgon zosta\u0142 zg\u0142oszony do Islandzkiej Agencji Lek\u00f3w, kt\u00f3ra zajmuje si\u0119 skutkami ubocznymi wszelkich \u015brodk\u00f3w medycznych. \u201eAle to nie oznacza, i\u017c uwa\u017camy, \u017ce istnieje bezpo\u015bredni zwi\u0105zek przyczynowy mi\u0119dzy szczepieniem a zgonem. Mamy tu bardzo wra\u017cliw\u0105 grup\u0119 ludzi, bez wzgl\u0119du na to, czy chodzi o Covid-19 czy inne choroby\u201d \u2013 powiedzia\u0142a Helga Hansd\u00f3ttir, naczelny lekarz o\u015brodka.<\/p>\r\n<p>Doda\u0142a tak\u017ce, \u017ce wszystkie zgony os\u00f3b, kt\u00f3rym podano preparat, zostan\u0105 zg\u0142oszone odpowiednim organom. Ponad 95% mieszka\u0144c\u00f3w domu opieki otrzyma\u0142o ju\u017c jego dawk\u0119. Niewielu z nich nie chcia\u0142o albo nie mog\u0142o si\u0119 podda\u0107 jego przyj\u0119ciu. \u201eW niekt\u00f3rych przypadkach mo\u017ce wyst\u0105pi\u0107 odczyn poszczepienny w postaci zaczerwienienia w miejscu wstrzykni\u0119cia, a tak\u017ce b\u00f3l mi\u0119\u015bni, katar i inne podobne objawy\u201d.<\/p>\r\n<p>\u201eNie mam w\u0105tpliwo\u015bci, \u017ce szczepionka jest dobrym wyj\u015bciem. To by\u0142 bardzo trudny rok w domach opieki. Czterdzie\u015bci procent os\u00f3b, kt\u00f3re zmar\u0142y z powodu Covid-19, to w\u0142a\u015bnie pensjonariusze dom\u00f3w opieki. Towarzyszy\u0142a temu izolacja spo\u0142eczna, poniewa\u017c musieli\u015bmy ograniczy\u0107 wizyty, a nawet ich zakaza\u0107. Wszystko to mia\u0142o znaczny wp\u0142yw na jako\u015b\u0107 \u017cycia ludzi\u201d \u2013 powiedzia\u0142a Helga.<\/p>\r\n<p>R\u00fana podkre\u015bli\u0142a tak\u017ce, \u017ce w pierwszej kolejno\u015bci \u201eszczepieniami\u201d zosta\u0142a obj\u0119ta najstarsza i najs\u0142absza grupa ludno\u015bci; wiele z tych os\u00f3b to ludzie starsi, choruj\u0105cy na choroby towarzysz\u0105ce i przewlek\u0142e. W takich przypadkach cz\u0119sto nie mo\u017cna znale\u017a\u0107 zwi\u0105zku przyczynowego. Po otrzymaniu zg\u0142oszenia Islandzka Agencja Lek\u00f3w, Biuro Dyrektora Medycznego ds. Zdrowia i Europejska Agencja Lek\u00f3w rozpoczynaj\u0105 proces rozpoznania przyczyn. \u201eWszystkie przypadki zostan\u0105 zbadane i dlatego k\u0142adziemy du\u017cy nacisk na ich zg\u0142aszanie\u201d \u2013 powiedzia\u0142a R\u00fana. Podkre\u015bli\u0142a, \u017ce w ci\u0119\u017ckich przypadkach nie jest pewne, czy wyst\u0105pi\u0142 efekt uboczny preparatu. Mimo to wa\u017cne jest, aby zg\u0142osi\u0107 ka\u017cd\u0105 sytuacj\u0119 i dok\u0142adnie j\u0105 zbada\u0107.<\/p>\r\n<p>\u0179r\u00f3d\u0142o: <a href=\"https:\/\/icelandnews.is\/wiadomosci\/z-kraju\/trzy-zgony-zgloszone-po-szczepieniu\">IcelandNews.is<\/a><br>\r\nTre\u015b\u0107 poprawiono merytorycznie dla \u201eWolnych Medi\u00f3w\u201d<\/p>\r\n<p class=\"zrodlo\">Za: <a href=\"https:\/\/wolnemedia.net\/trzy-zgony-zgloszone-po-szczepieniu-na-islandii\/?fbclid=IwAR1cYjtk7zyDiII8820hag2Zx72S0uEjtIPssQSWGwDZ1_qQSp8r-nxb7Ig\">WolneMedia.net (05.01.2021)<\/a><\/p>\r\n<h4>&nbsp;<\/h4>\r\n<hr style=\"background-color: #000000; border-width: 0; color: #000000; height: 2px; line-height: 0; text-align: center; width: 100%;\">\r\n<h4>&nbsp;<\/h4>\r\n<blockquote>\r\n<p><strong>KOMENTARZ <em>BIBU\u0141Y<\/em><\/strong> [2020-12-30]: Powy\u017cej, jedynie kilka przyk\u0142ad\u00f3w, kt\u00f3re \u015bwiatowe media raczy\u0142y poda\u0107, chocia\u017c jest nieprawdopodobnym aby na 4,91 miliona zaszczepionych na \u015bwiecie (<span style=\"text-decoration: underline;\"><a href=\"https:\/\/ourworldindata.org\/covid-vaccinations\">dane na 30 grudnia 2020<\/a><\/span>) nikt inny nie cierpia\u0142 na cokolwiek w zwi\u0105zku z otrzymaniem szczepionki, wszak po ka\u017cdej szczepionce w jakim\u015b procencie wyst\u0119puj\u0105 natychmiastowe skutki poszczepienne. Przy szczepionkach na Covid-19 jako\u015b nie s\u0142ycha\u0107 wiele o cierpi\u0105cych ludziach. Wszyscy dzielnie i bez szemrania znosz\u0105 trudy, ba &#8211; maj\u0105 przed kamerami u\u015bmiechni\u0119te miny! A co si\u0119 dzieje p\u00f3\u017aniej, to ich sprawa prywatna.<\/p>\r\n<p>Jeszcze ciekawsze s\u0105 zapewnienia lekarzy i oficjeli, \u017ce je\u015bli jaki\u015b delikwent zmar\u0142 po zaszczepieniu si\u0119, to <strong>oczywi\u015bcie przyczyn\u0105 nie jest szczepionka &#8211; to niemo\u017cliwe! &#8211; lecz ka\u017cda inna przypad\u0142o\u015b\u0107<\/strong>, np. zawa\u0142 serca. Oczywi\u015bcie, je\u015bli ten\u017ce sam nieszcz\u0119\u015bnik zmar\u0142by na zawa\u0142 serca w szpitalu po &#8222;pozytywnym przetestowaniu na Covid-19&#8221;, lecz przed zaaplikowaniem szczepionki, <strong>to by\u0142by zaliczony w poczet ofiar koronawirusa<\/strong>. Oto logika diabelskiego systemu statystycznej manipulacji na globaln\u0105 skal\u0119.<\/p>\r\n<p>Tutaj raz jeszcze dochodzimy do roli test\u00f3w &#8222;na koronawirusa&#8221;, tak jak w podanym wy\u017cej przyk\u0142adzie piel\u0119gniarza, kt\u00f3ry po otrzymaniu szczepionki &#8222;przeciwko koronawirusowi&#8221; ponownie &#8222;zarazi\u0142 si\u0119 Covid-19&#8221;. Oczywi\u015bcie nie &#8222;zarazi\u0142 si\u0119&#8221;, lecz wynik testu uznajmi\u0142 lekarzom i pacjentowi o tym &#8222;dziwnym przypadku&#8221;. Jednak nic dziwnego w tym wszystkim, bo po jakim\u015b czasie oka\u017ce si\u0119, \u017ce tak z po\u0142owa szczepionych je\u015bli zostanie poddana ponownym testom, to &#8222;wykryj\u0105 one u nich Covid-19&#8221;. BO TYLE S\u0104 WARTE tzw. TESTY na Covid-19, kt\u00f3re s\u0105 czym\u015b w rodzaju loterii.<\/p>\r\n<p>&#8222;<em>Ale\u017c ludzie umieraj\u0105 na koronawirusa! Masowo!<\/em>&#8221; &#8211; twierdz\u0105 osobnicy przyklejeni do telewizor\u00f3w i ska\u017ceni propagand\u0105 wielkich medi\u00f3w internetowych, niepotrafi\u0105cy ju\u017c samodzielnie my\u015ble\u0107. Oczywi\u015bcie, \u017ce ludzie umieraj\u0105, tak jak umierali wcze\u015bniej. Czy masowo, to kwestia statystyki. Po kilkumiesi\u0119cznym obni\u017ceniu umieralno\u015bci &#8211; bo ludzie pozbawieni byli mo\u017cliwo\u015bci leczenia w czasie pierwszych restrykcji i lokda\u0142n\u00f3w &#8211; teraz umiera ich wi\u0119cej, w\u0142a\u015bnie <strong>jako skutek<\/strong> tych zaniedba\u0144 ORAZ w wyniku zadanego im stresu przez medialno-politycznych bandyt\u00f3w ORAZ w wyniku corocznej grypy (mo\u017ce silniejszej w tym roku, wszak wyst\u0119puj\u0105 w sezonowej grypie fluktuacje). To wszystko nak\u0142ada si\u0119 na zwi\u0119kszon\u0105 <strong>teraz<\/strong> \u015bmiertelno\u015b\u0107 (bo w czasie pierwszej najbardziej nag\u0142o\u015bnionej &#8222;fali koronawirusa&#8221; \u015bmiertelno\u015b\u0107 na \u015bwiecie <strong>spad\u0142a!<\/strong>), a medialno-polityczni bandyci wykorzystuj\u0105 to do swoich brudnych cel\u00f3w.<\/p>\r\n<h4>&nbsp;<\/h4>\r\n<hr style=\"background-color: #000000; border-width: 0; color: #000000; height: 2px; line-height: 0; text-align: center; width: 100%;\">\r\n<h4>&nbsp;<\/h4>\r\n<h4><strong>Polecamy seri\u0119 artyku\u0142\u00f3w na temat bezwarto\u015bciowo\u015bci tzw. test\u00f3w na koronawirusa:<\/strong><\/h4>\r\n<ul>\r\n\t<li id=\"post-120655\"><a title=\" Portugalski s\u0105d: badania PCR s\u0105 bezwarto\u015bciowe, kwarantanna nielegalna\" href=\"https:\/\/www.bibula.com\/?p=120655\" rel=\"bookmark\">Portugalski s\u0105d: badania PCR s\u0105 bezwarto\u015bciowe, kwarantanna nielegalna<\/a><\/li>\r\n\t<li id=\"post-120385\"><a title=\" Test PCR nie diagnozuje covid-19\" href=\"https:\/\/www.bibula.com\/?p=119877\" rel=\"bookmark\">Test PCR nie diagnozuje covid-19<\/a><\/li>\r\n\t<li id=\"post-118820\"><a title=\" 1400 belgijskich lekarzy i pracownik\u00f3w s\u0142u\u017cby zdrowia bije na alarm: \u201eNie ma czego\u015b takiego jak zab\u00f3jczy wirus\u201d\" href=\"https:\/\/www.bibula.com\/?p=118820\" rel=\"bookmark\">1400 belgijskich lekarzy i pracownik\u00f3w s\u0142u\u017cby zdrowia bije na alarm: \u201eNie ma czego\u015b takiego jak zab\u00f3jczy wirus\u201d<\/a><\/li>\r\n\t<li id=\"post-115941\"><a title=\" Nie istniej\u0105 wiarygodne testy na SARS CoV-2\" href=\"https:\/\/www.bibula.com\/?p=115941\" rel=\"bookmark\">Nie istniej\u0105 wiarygodne testy na SARS CoV-2<\/a><\/li>\r\n\t<li id=\"post-120715\"><a title=\" Sukces medycyny: zero ofiar grypy w stanie Waszyngton w sezonie grypowym 2020-21\" href=\"https:\/\/www.bibula.com\/?p=120715\" rel=\"bookmark\">Sukces medycyny: zero ofiar grypy w stanie Waszyngton w sezonie grypowym 2020-21<\/a><\/li>\r\n\t<li id=\"post-120682\"><a title=\" Gdzie podzia\u0142a si\u0119 \u201ezwyk\u0142a\u201d grypa? Dr Zbigniew Martyka o walce z koronawirusem\" href=\"https:\/\/www.bibula.com\/?p=120682\" rel=\"bookmark\">Gdzie podzia\u0142a si\u0119 \u201ezwyk\u0142a\u201d grypa? Dr Zbigniew Martyka o walce z koronawirusem<\/a><\/li>\r\n\t<li id=\"post-120437\"><a title=\" Elon Musk po badaniach \u201cna koronawirusa\u201d: co\u015b nadzwyczaj dziwnego tu si\u0119 dzieje..\" href=\"https:\/\/www.bibula.com\/?p=120437\" rel=\"bookmark\">Elon Musk po badaniach \u201cna koronawirusa\u201d: co\u015b nadzwyczaj dziwnego tu si\u0119 dzieje..<\/a><\/li>\r\n\t<li id=\"post-119222\"><a title=\" Z powodu testu na COVID-19 kobiecie wyciek\u0142 z nosa p\u0142yn m\u00f3zgowo-rdzeniowy\" href=\"https:\/\/www.bibula.com\/?p=119222\" rel=\"bookmark\">Z powodu testu na COVID-19 kobiecie wyciek\u0142 z nosa p\u0142yn m\u00f3zgowo-rdzeniowy<\/a><\/li>\r\n\t<li id=\"post-119178\"><a title=\" Prof. Flisiak o \u201esztucznym\u201d liczeniu chorych na COVID: ich prawdziwa liczba jest du\u017co mniejsza\" href=\"https:\/\/www.bibula.com\/?p=119178\" rel=\"bookmark\">Prof. Flisiak o \u201esztucznym\u201d liczeniu chorych na COVID: ich prawdziwa liczba jest du\u017co mniejsza<\/a><\/li>\r\n\t<li id=\"post-119028\"><a title=\" Seria niewygodnych pyta\u0144. Dr Basiukiewicz dopytuje resort zdrowia o epidemi\u0119 koronawirusa\" href=\"https:\/\/www.bibula.com\/?p=116780\" rel=\"bookmark\">Seria niewygodnych pyta\u0144. Dr Basiukiewicz dopytuje resort zdrowia o epidemi\u0119 koronawirusa<\/a><\/li>\r\n\t<li><a href=\"https:\/\/www.bibula.com\/?p=115632\">\u201cPandemia koronawirusa\u201d, kt\u00f3ra nie istnieje\u2026<\/a><\/li>\r\n\t<li id=\"post-115179\"><a title=\" Koronawirus \u2013 czy jest si\u0119 czego ba\u0107? Specjali\u015bci medyczni kwestionuj\u0105 panik\u0119\" href=\"https:\/\/www.bibula.com\/?p=113048\" rel=\"bookmark\">Koronawirus \u2013 czy jest si\u0119 czego ba\u0107? Specjali\u015bci medyczni kwestionuj\u0105 panik\u0119<\/a><\/li>\r\n<\/ul>\r\n<\/blockquote>\r\n<h4>&nbsp;<\/h4>\r\n<hr style=\"background-color: #000000; border-width: 0; color: #000000; height: 2px; line-height: 0; text-align: center; width: 100%;\">\r\n<h4>&nbsp;<\/h4>\r\n<\/div>\r\n<\/div>","protected":false},"excerpt":{"rendered":"Szwajcaria. Jeden z pierwszych zaszczepionych przeciwko COVID-19 zmar\u0142. Spraw\u0119 zbada specjalna agencja W\u0142adze kantonu Lucerna w Szwajcarii poinformowa\u0142y, \u017ce jeden z pierwszych m\u0119\u017cczyzn zaczepionych przeciwko COVID-19 zmar\u0142. Nie wiadomo jednak czy zgon by\u0142 zwi\u0105zany z podaniem preparatu. Teraz spraw\u0105 ma zaj\u0105\u0107 si\u0119 Szwajcarska Agencja ds. Produkt\u00f3w Leczniczych Swissmedic. Kanton nie ujawni\u0142 szczeg\u00f3\u0142\u00f3w dotycz\u0105cych zgonu zaszczepionego. [&hellip;]","protected":false},"author":1,"featured_media":0,"comment_status":"closed","ping_status":"closed","sticky":false,"template":"","format":"standard","meta":{"_acf_changed":false,"_monsterinsights_skip_tracking":false,"ngg_post_thumbnail":0,"footnotes":"","_wp_rev_ctl_limit":""},"categories":[451],"tags":[433,105,311,61,235,20,205,239,221,452],"acf":[],"_links":{"self":[{"href":"https:\/\/www.bibula.com\/index.php?rest_route=\/wp\/v2\/posts\/121553"}],"collection":[{"href":"https:\/\/www.bibula.com\/index.php?rest_route=\/wp\/v2\/posts"}],"about":[{"href":"https:\/\/www.bibula.com\/index.php?rest_route=\/wp\/v2\/types\/post"}],"author":[{"embeddable":true,"href":"https:\/\/www.bibula.com\/index.php?rest_route=\/wp\/v2\/users\/1"}],"replies":[{"embeddable":true,"href":"https:\/\/www.bibula.com\/index.php?rest_route=%2Fwp%2Fv2%2Fcomments&post=121553"}],"version-history":[{"count":10,"href":"https:\/\/www.bibula.com\/index.php?rest_route=\/wp\/v2\/posts\/121553\/revisions"}],"predecessor-version":[{"id":121748,"href":"https:\/\/www.bibula.com\/index.php?rest_route=\/wp\/v2\/posts\/121553\/revisions\/121748"}],"wp:attachment":[{"href":"https:\/\/www.bibula.com\/index.php?rest_route=%2Fwp%2Fv2%2Fmedia&parent=121553"}],"wp:term":[{"taxonomy":"category","embeddable":true,"href":"https:\/\/www.bibula.com\/index.php?rest_route=%2Fwp%2Fv2%2Fcategories&post=121553"},{"taxonomy":"post_tag","embeddable":true,"href":"https:\/\/www.bibula.com\/index.php?rest_route=%2Fwp%2Fv2%2Ftags&post=121553"}],"curies":[{"name":"wp","href":"https:\/\/api.w.org\/{rel}","templated":true}]}}