{"id":121549,"date":"2020-12-30T11:04:48","date_gmt":"2020-12-30T16:04:48","guid":{"rendered":"https:\/\/www.bibula.com\/?p=121549"},"modified":"2020-12-30T11:04:48","modified_gmt":"2020-12-30T16:04:48","slug":"marny-los-niezaszczepionych-podludzi-w-panstwie-pis-owskich-nadludzi","status":"publish","type":"post","link":"https:\/\/www.bibula.com\/?p=121549","title":{"rendered":"Marny los niezaszczepionych podludzi w pa\u0144stwie PiS-owskich nadludzi"},"content":{"rendered":"<div class=\"td-post-content\">\r\n<p><strong>Gdy tylko us\u0142ysza\u0142em o planach zamkni\u0119cia hoteli, od razu pomy\u015bla\u0142em o hotelu poselskim. Czy politycy w charakterystyczny dla siebie spos\u00f3b b\u0119d\u0105 utrudnia\u0107 \u017cycie wszystkim dooko\u0142a, a siebie potraktuj\u0105 jak nadludzi? Czyli ponownie b\u0119d\u0105 a\u017c tak bezczelni? <\/strong><\/p>\r\n<p>Oczywi\u015bcie nadludzie z PiS jak zwykle nie zawiedli, hotel poselski dzia\u0142a. Plebs taki jak ja, musi nocowa\u0107 w Warszawie u znajomych, a panowie nadludzie zostawili dla siebie otwarty hotel. Nadludzie, kt\u00f3rych z\u0142owrogi wirus si\u0119 nie ima, pracuj\u0105 te\u017c w telewizji. Dlatego pracownicy telewizji mog\u0105 przebywa\u0107 w hotelach. Mamy kolejne potwierdzenie, \u017ce wed\u0142ug tego rz\u0105du, do funkcjonowania pa\u0144stwa wystarczy, aby dzia\u0142a\u0142 Sejm i aby z telewizji lecia\u0142a propaganda. Wszystko inne jest zb\u0119dne.<\/p>\r\n<p>Zb\u0119dne, w naszym tekturowym pa\u0144stwie reformowanym trytytkami, s\u0105 te\u017c podstawy prawne. Premier Morawiecki og\u0142osi\u0142 na konferencji prasowej, \u017ce wprowadza godzin\u0119 policyjn\u0105 w Sylwestra. Jest to oczywi\u015bcie nielegalne, bo bez zmiany ustawy i bez stanu wyj\u0105tkowego, nie mo\u017cna rozporz\u0105dzeniem zakaza\u0107 nikomu przemieszczania si\u0119. Poniewa\u017c w zasadzie wszyscy prawnicy to potwierdzali, nawet politycy Zjednoczonej Prawicy zacz\u0119li przyznawa\u0107, \u017ce noworoczna godzina policyjna ma w\u0105tpliwe podstawy prawne. W ko\u0144cu sam premier na konferencji og\u0142osi\u0142, \u017ce rozporz\u0105dzenie jest nielegalne, a rz\u0105d jedynie \u0142adnie prosi o nieprzemieszczanie si\u0119. Po czym minister Andrzej Niedzielski powiedzia\u0142, \u017ce godziny policyjnej nie ma, ale jest ograniczenie przemieszczania si\u0119, za \u0142amanie kt\u00f3rego policja b\u0119dzie wystawia\u0142a mandaty, a Sanepid b\u0119dzie pobiera\u0142 z konta w ci\u0105gu 7 dni 30 000 z\u0142otych. Ciekaw jestem, czy podczas rozprawy w s\u0105dzie b\u0119dzie mo\u017cna powo\u0142a\u0107 si\u0119 na s\u0142owa premiera co do legalno\u015bci tych kar.<\/p>\r\n<p>Nie jest to koniec z\u0142otych my\u015bli Niedzielskiego. Do normalno\u015bci (retoryczne pytanie, czy nie chodzi o tzw. now\u0105 normalno\u015b\u0107) mamy wr\u00f3ci\u0107 jesieni\u0105, a restauracje i si\u0142ownie s\u0105 na ko\u0144cu listy miejsc, kt\u00f3re b\u0119d\u0105 otwierane. Innymi s\u0142owy, w tym nie\u015bmiesznym cyrku b\u0119dziemy jeszcze bardzo d\u0142ugo. W mi\u0119dzyczasie trwa\u0107 b\u0119d\u0105 wymierzone w osoby niezaszczepione kampanie nienawi\u015bci.<\/p>\r\n<p>Dziennikarze i liderzy opinii publicznej, kt\u00f3rzy uwa\u017caj\u0105 za faszyst\u0119 ka\u017cdego, kto jest na prawo od nich, g\u0142osi\u0107 b\u0119d\u0105 bez \u017cadnych w\u0105tpliwo\u015bci, \u017ce niezaszczepionych trzeba traktowa\u0107 jak podludzi. Nie powinni znajdowa\u0107 pracy, powinni mie\u0107 zakaz latania samolotem, zakaz opuszczania kraju i posy\u0142ania dziecka do przedszkola. A tramwaje i restauracje powinny mie\u0107 przy wej\u015bciu napis Nur f\u00fcr zaszczepieni. To nie jest faszyzm, to jest nowoczesne i o\u015bwiecone pa\u0144stwo, dzia\u0142aj\u0105ce dla dobra swych obywateli, a przynajmniej tej ich bardziej warto\u015bciowej cz\u0119\u015bci.<\/p>\r\n<p>Nie ma nowych podatk\u00f3w, s\u0105 nowe op\u0142aty. Nie ma godziny policyjnej, jest ograniczenie przemieszczania si\u0119. Nie ma twardego lockdownu, jest narodowa kwarantanna. Nie ma prania m\u00f3zg\u00f3w na masow\u0105 skal\u0119, jest wywo\u0142ywanie emocjonalnego zapotrzebowania na szczepionk\u0119.<\/p>\r\n<p>Wojna to pok\u00f3j. Wolno\u015b\u0107 to niewola. Ignorancja to si\u0142a.<\/p>\r\n<p><em><strong>S\u0142awomir Mentzen<\/strong><\/em><\/p>\r\n<p>Za&nbsp;<a href=\"https:\/\/www.facebook.com\/slawomirmentzen\">facebook<\/a>&nbsp;Autora<\/p>\r\n<\/div>","protected":false},"excerpt":{"rendered":"Gdy tylko us\u0142ysza\u0142em o planach zamkni\u0119cia hoteli, od razu pomy\u015bla\u0142em o hotelu poselskim. Czy politycy w charakterystyczny dla siebie spos\u00f3b b\u0119d\u0105 utrudnia\u0107 \u017cycie wszystkim dooko\u0142a, a siebie potraktuj\u0105 jak nadludzi? Czyli ponownie b\u0119d\u0105 a\u017c tak bezczelni? Oczywi\u015bcie nadludzie z PiS jak zwykle nie zawiedli, hotel poselski dzia\u0142a. Plebs taki jak ja, musi nocowa\u0107 w Warszawie [&hellip;]","protected":false},"author":1,"featured_media":0,"comment_status":"closed","ping_status":"closed","sticky":false,"template":"","format":"standard","meta":{"_acf_changed":false,"_monsterinsights_skip_tracking":false,"_monsterinsights_sitenote_active":false,"_monsterinsights_sitenote_note":"","_monsterinsights_sitenote_category":0,"ngg_post_thumbnail":0,"footnotes":"","_wp_rev_ctl_limit":""},"categories":[9],"tags":[433,98,20],"acf":[],"_links":{"self":[{"href":"https:\/\/www.bibula.com\/index.php?rest_route=\/wp\/v2\/posts\/121549"}],"collection":[{"href":"https:\/\/www.bibula.com\/index.php?rest_route=\/wp\/v2\/posts"}],"about":[{"href":"https:\/\/www.bibula.com\/index.php?rest_route=\/wp\/v2\/types\/post"}],"author":[{"embeddable":true,"href":"https:\/\/www.bibula.com\/index.php?rest_route=\/wp\/v2\/users\/1"}],"replies":[{"embeddable":true,"href":"https:\/\/www.bibula.com\/index.php?rest_route=%2Fwp%2Fv2%2Fcomments&post=121549"}],"version-history":[{"count":1,"href":"https:\/\/www.bibula.com\/index.php?rest_route=\/wp\/v2\/posts\/121549\/revisions"}],"predecessor-version":[{"id":121550,"href":"https:\/\/www.bibula.com\/index.php?rest_route=\/wp\/v2\/posts\/121549\/revisions\/121550"}],"wp:attachment":[{"href":"https:\/\/www.bibula.com\/index.php?rest_route=%2Fwp%2Fv2%2Fmedia&parent=121549"}],"wp:term":[{"taxonomy":"category","embeddable":true,"href":"https:\/\/www.bibula.com\/index.php?rest_route=%2Fwp%2Fv2%2Fcategories&post=121549"},{"taxonomy":"post_tag","embeddable":true,"href":"https:\/\/www.bibula.com\/index.php?rest_route=%2Fwp%2Fv2%2Ftags&post=121549"}],"curies":[{"name":"wp","href":"https:\/\/api.w.org\/{rel}","templated":true}]}}