{"id":121515,"date":"2020-12-28T12:18:05","date_gmt":"2020-12-28T17:18:05","guid":{"rendered":"https:\/\/www.bibula.com\/?p=121515"},"modified":"2020-12-28T12:18:05","modified_gmt":"2020-12-28T17:18:05","slug":"w-izraelu-podpalono-choinki-pod-kosciolem-katolickim-i-prawoslawna-cerkwia","status":"publish","type":"post","link":"https:\/\/www.bibula.com\/?p=121515","title":{"rendered":"W Izraelu podpalono choinki pod ko\u015bcio\u0142em katolickim i prawos\u0142awn\u0105 cerkwi\u0105"},"content":{"rendered":"<p><strong>W mie\u015bcie Sachnin w dystrykcie p\u00f3\u0142nocnym Izraela podpalono dwie bo\u017conarodzeniowe choinki. Jedna sta\u0142a przy ko\u015bciele katolickim, druga przy cerkwi. Policja wszcz\u0119\u0142a \u015bledztwo po skargach duchowie\u0144stwa z tych ko\u015bcio\u0142\u00f3w.<\/strong><\/p>\r\n<p>Miejscowi chrze\u015bcijanie twierdz\u0105, \u017ce by\u0142y to akty o charakterze terrorystycznym. Choinki sp\u0142on\u0119\u0142y we wczesnych godzinach porannych w sobot\u0119 26 grudnia.<\/p>\r\n<p>Chrze\u015bcija\u0144ski radny Wadia Abu Nasser wezwa\u0142 si\u0142y bezpiecze\u0144stwa i w\u0142adze pa\u0144stwowe do potraktowania tego incydentu powa\u017cnie, jako ataku terrorystycznego.<\/p>\r\n<p>\u2013 Konieczne jest doprowadzenie tych terroryst\u00f3w przed s\u0105d \u2013 doda\u0142 Abu Nasser.<\/p>\r\n<p>Miejscowy deputowany Masud Ganaim, kt\u00f3ry mieszka w Sachnin stwierdzi\u0142, \u017ce podpalenia choinek mia\u0142o na celu spowodowanie podzia\u0142\u00f3w mi\u0119dzy chrze\u015bcija\u0144skimi i muzu\u0142ma\u0144skimi mieszka\u0144cami miasta.<\/p>\r\n<p>Policja obiecuje przeprowadzenie dok\u0142adnego \u015bledztwa i ustalenie sprawc\u00f3w.<\/p>\r\n<p>\u0179r\u00f3d\u0142o: Times of israel<\/p>\r\n<p class=\"zrodlo\">Za: <a href=\"https:\/\/nczas.com\/2020\/12\/28\/w-izraelu-podpalono-choinki-pod-kosciolem-katolickim-i-prawoslawna-cerkwia\/\">Najwy\u017cszy Czas! (28 grudnia 2020)<\/a><\/p>","protected":false},"excerpt":{"rendered":"W mie\u015bcie Sachnin w dystrykcie p\u00f3\u0142nocnym Izraela podpalono dwie bo\u017conarodzeniowe choinki. Jedna sta\u0142a przy ko\u015bciele katolickim, druga przy cerkwi. Policja wszcz\u0119\u0142a \u015bledztwo po skargach duchowie\u0144stwa z tych ko\u015bcio\u0142\u00f3w. Miejscowi chrze\u015bcijanie twierdz\u0105, \u017ce by\u0142y to akty o charakterze terrorystycznym. Choinki sp\u0142on\u0119\u0142y we wczesnych godzinach porannych w sobot\u0119 26 grudnia. Chrze\u015bcija\u0144ski radny Wadia Abu Nasser wezwa\u0142 si\u0142y [&hellip;]","protected":false},"author":1,"featured_media":0,"comment_status":"closed","ping_status":"closed","sticky":false,"template":"","format":"standard","meta":{"_acf_changed":false,"_monsterinsights_skip_tracking":false,"_monsterinsights_sitenote_active":false,"_monsterinsights_sitenote_note":"","_monsterinsights_sitenote_category":0,"ngg_post_thumbnail":0,"footnotes":"","_wp_rev_ctl_limit":""},"categories":[6],"tags":[100,15,114,61,126],"acf":[],"_links":{"self":[{"href":"https:\/\/www.bibula.com\/index.php?rest_route=\/wp\/v2\/posts\/121515"}],"collection":[{"href":"https:\/\/www.bibula.com\/index.php?rest_route=\/wp\/v2\/posts"}],"about":[{"href":"https:\/\/www.bibula.com\/index.php?rest_route=\/wp\/v2\/types\/post"}],"author":[{"embeddable":true,"href":"https:\/\/www.bibula.com\/index.php?rest_route=\/wp\/v2\/users\/1"}],"replies":[{"embeddable":true,"href":"https:\/\/www.bibula.com\/index.php?rest_route=%2Fwp%2Fv2%2Fcomments&post=121515"}],"version-history":[{"count":1,"href":"https:\/\/www.bibula.com\/index.php?rest_route=\/wp\/v2\/posts\/121515\/revisions"}],"predecessor-version":[{"id":121518,"href":"https:\/\/www.bibula.com\/index.php?rest_route=\/wp\/v2\/posts\/121515\/revisions\/121518"}],"wp:attachment":[{"href":"https:\/\/www.bibula.com\/index.php?rest_route=%2Fwp%2Fv2%2Fmedia&parent=121515"}],"wp:term":[{"taxonomy":"category","embeddable":true,"href":"https:\/\/www.bibula.com\/index.php?rest_route=%2Fwp%2Fv2%2Fcategories&post=121515"},{"taxonomy":"post_tag","embeddable":true,"href":"https:\/\/www.bibula.com\/index.php?rest_route=%2Fwp%2Fv2%2Ftags&post=121515"}],"curies":[{"name":"wp","href":"https:\/\/api.w.org\/{rel}","templated":true}]}}