{"id":121434,"date":"2020-12-25T11:20:42","date_gmt":"2020-12-25T16:20:42","guid":{"rendered":"https:\/\/www.bibula.com\/?p=121434"},"modified":"2020-12-25T11:20:42","modified_gmt":"2020-12-25T16:20:42","slug":"covid-19-zostanie-z-nami-przez-10-lat-wspolproducent-szczepionki-przedstawia-nowa-normalnosc","status":"publish","type":"post","link":"https:\/\/www.bibula.com\/?p=121434","title":{"rendered":"\u201eCovid-19 zostanie z nami przez 10 lat\u201d. Wsp\u00f3\u0142producent szczepionki przedstawia \u201enow\u0105 normalno\u015b\u0107\u201d"},"content":{"rendered":"<p><strong>Ugur Sahin, szef firmy BioNTech, twierdzi, \u017ce z Covid-19 b\u0119dziemy \u017cyli co najmniej przez nast\u0119pne 10 lat. Wskazuje, czym wg niego b\u0119dzie \u201enowa normalno\u015b\u0107\u201d.<\/strong><\/p>\r\n<p>BioNTech wraz z Pfizerem wyprodukowali pierwsz\u0105 szczepionk\u0119 dopuszczon\u0105 do komercyjnego u\u017cytku. Stosowana jest ju\u017c m.in. w Wielkiej Brytanii, USA czy Kanadzie.<\/p>\r\n<p>W Polsce, jak i wi\u0119kszo\u015bci kraj\u00f3w Unii Europejskiej, pierwsze szczepienia maj\u0105 rozpocz\u0105\u0107 si\u0119 27 grudnia.<\/p>\r\n<p>Ostatnio w mediach do\u015b\u0107 cz\u0119sto pojawia si\u0119 szef BioNTechu, Ugur Sahin. Na konferencji prasowej stwierdzi\u0142, \u017ce nale\u017cy stworzy\u0107 now\u0105 definicj\u0119 \u201enormalno\u015bci\u201d.<\/p>\r\n<p>\u2013<em> Wirus zostanie z nami na kolejne 10 lat. Musimy pogodzi\u0107 si\u0119 z faktem, \u017ce b\u0119d\u0105 kolejne ogniska<\/em> \u2013 m\u00f3wi\u0142.<\/p>\r\n<p>\u201eNowa normalno\u015b\u0107\u201d \u2013 wg Sahina \u2013 ma oznacza\u0107, \u017ce sko\u0144czy si\u0119 lockdown, a ewentualne obostrzenia b\u0119d\u0105 pojawia\u0107 si\u0119 w\u00f3wczas, gdy w danym miejscu\/okr\u0119gu zostanie wykryte ognisko koronawirusa.<\/p>\r\n<p>\u2013 <em>Liczby zaka\u017conych nie zmniejsz\u0105 si\u0119 ju\u017c tej zimy. Ale musimy zrobi\u0107 wszystko, by kolejna zima by\u0142a ju\u017c w \u201enowej normalno\u015bci\u201d<\/em> \u2013 twierdzi.<\/p>\r\n<p>Uwa\u017ca, \u017ce spadku liczby zaka\u017ce\u0144 koronawirusem, spowodowanej m.in. masowymi szczepieniami, mo\u017cemy spodziewa\u0107 si\u0119 latem.<\/p>\r\n<p>Jednocze\u015bnie w rozmowie z niemieckimi mediami wskaza\u0142, \u017ce na razie za wcze\u015bnie, by wyrokowa\u0107, czy szczepionka Pfizera i BioNTech b\u0119dzie odporna na nowy szczep koronawirusa zdiagnozowany w Wielkiej Brytanii.<\/p>\r\n<p>\u0179r\u00f3d\u0142o: Polsat News\/NCzas<\/p>\r\n<p class=\"zrodlo\">Za: <a href=\"https:\/\/nczas.com\/2020\/12\/25\/covid-19-zostanie-z-nami-przez-nastepne-10-lat-wspolproducent-zdefiniowal-nowa-normalnosc\/\">Najwy\u017cszy Czas! (25 grudnia 2020)<\/a><\/p>","protected":false},"excerpt":{"rendered":"Ugur Sahin, szef firmy BioNTech, twierdzi, \u017ce z Covid-19 b\u0119dziemy \u017cyli co najmniej przez nast\u0119pne 10 lat. Wskazuje, czym wg niego b\u0119dzie \u201enowa normalno\u015b\u0107\u201d. BioNTech wraz z Pfizerem wyprodukowali pierwsz\u0105 szczepionk\u0119 dopuszczon\u0105 do komercyjnego u\u017cytku. Stosowana jest ju\u017c m.in. w Wielkiej Brytanii, USA czy Kanadzie. W Polsce, jak i wi\u0119kszo\u015bci kraj\u00f3w Unii Europejskiej, pierwsze szczepienia [&hellip;]","protected":false},"author":1,"featured_media":0,"comment_status":"closed","ping_status":"closed","sticky":false,"template":"","format":"standard","meta":{"_acf_changed":false,"_monsterinsights_skip_tracking":false,"_monsterinsights_sitenote_active":false,"_monsterinsights_sitenote_note":"","_monsterinsights_sitenote_category":0,"ngg_post_thumbnail":0,"footnotes":"","_wp_rev_ctl_limit":""},"categories":[451],"tags":[433,20],"acf":[],"_links":{"self":[{"href":"https:\/\/www.bibula.com\/index.php?rest_route=\/wp\/v2\/posts\/121434"}],"collection":[{"href":"https:\/\/www.bibula.com\/index.php?rest_route=\/wp\/v2\/posts"}],"about":[{"href":"https:\/\/www.bibula.com\/index.php?rest_route=\/wp\/v2\/types\/post"}],"author":[{"embeddable":true,"href":"https:\/\/www.bibula.com\/index.php?rest_route=\/wp\/v2\/users\/1"}],"replies":[{"embeddable":true,"href":"https:\/\/www.bibula.com\/index.php?rest_route=%2Fwp%2Fv2%2Fcomments&post=121434"}],"version-history":[{"count":1,"href":"https:\/\/www.bibula.com\/index.php?rest_route=\/wp\/v2\/posts\/121434\/revisions"}],"predecessor-version":[{"id":121436,"href":"https:\/\/www.bibula.com\/index.php?rest_route=\/wp\/v2\/posts\/121434\/revisions\/121436"}],"wp:attachment":[{"href":"https:\/\/www.bibula.com\/index.php?rest_route=%2Fwp%2Fv2%2Fmedia&parent=121434"}],"wp:term":[{"taxonomy":"category","embeddable":true,"href":"https:\/\/www.bibula.com\/index.php?rest_route=%2Fwp%2Fv2%2Fcategories&post=121434"},{"taxonomy":"post_tag","embeddable":true,"href":"https:\/\/www.bibula.com\/index.php?rest_route=%2Fwp%2Fv2%2Ftags&post=121434"}],"curies":[{"name":"wp","href":"https:\/\/api.w.org\/{rel}","templated":true}]}}