{"id":121322,"date":"2020-12-17T13:16:38","date_gmt":"2020-12-17T18:16:38","guid":{"rendered":"https:\/\/www.bibula.com\/?p=121322"},"modified":"2020-12-17T13:16:38","modified_gmt":"2020-12-17T18:16:38","slug":"ogien-w-palacu-prezydenckim-chanuka-lockdown-a-chrzescijanstwo","status":"publish","type":"post","link":"https:\/\/www.bibula.com\/?p=121322","title":{"rendered":"Ogie\u0144 w Pa\u0142acu Prezydenckim. Chanuka, lockdown a chrze\u015bcija\u0144stwo"},"content":{"rendered":"<p><strong>W dniu grudnia mia\u0142a miejsce coroczna ceremonia zapalenia \u015bwiec chanukowych w Pa\u0142acu Prezydenckim. Pomimo pandemii, uroczysto\u015b\u0107 ta musia\u0142a mie\u0107 dla obecnie rz\u0105dz\u0105cych donios\u0142e znaczenie, gdy\u017c oficjalna strona internetowa Kancelarii Prezydenta poinformowa\u0142a o tym a\u017c w dw\u00f3ch postach.<\/strong><\/p>\r\n<p>Co wi\u0119cej \u2013 pomimo opozycyjno\u015bci wobec rz\u0105du PiS \u2013 do \u015bwi\u0119towania Chanuki przy\u0142\u0105czy\u0142a si\u0119 warszawska administracja Rafa\u0142a Trzaskowskiego, rozstawiaj\u0105c w okolicach Pa\u0142acu Kultury i Nauki wielk\u0105 iluminacj\u0119, imituj\u0105c\u0105 chanukowy \u015bwiecznik.<\/p>\r\n<p><span id=\"more-89274\"><\/span>Ma\u0142o tego \u2013 \u017cyczenia z okazji Chanuki sk\u0142adaj\u0105 w swych postach w mediach politycy Lewicy. Porozumienie ponad podzia\u0142ami? Last, but not least \u2013 dlaczego inauguracj\u0105 obchodzenia Chanuki w polskich kr\u0119gach w\u0142adzy chwali si\u0119 \u015brodowisko Prawa i Sprawiedliwo\u015bci, kt\u00f3re przez tzw. zwyk\u0142ych Polak\u00f3w kojarzone jest z przywi\u0105zaniem do tradycji chrze\u015bcija\u0144skich?<\/p>\r\n<p><em>[To co my\u015bl\u0105 i kojarz\u0105 \u201ezwykli Polacy\u201d nie ma \u017cadnego zwi\u0105zku z rzeczywisto\u015bci\u0105 \u2013 admin]<\/em><\/p>\r\n<p>Na pocz\u0105tek gar\u015b\u0107 suchych informacji. Czym\u017ce jest Chanuka? Po hebrajsku \u201echanuke\u201d oznacza \u201edzie\u0144 ognia\u201d. Jest to trwaj\u0105cy osiem dni okres \u015bwi\u0105teczny, obchodzony na pami\u0105tk\u0119 ponownego po\u015bwi\u0119cenia \u015awi\u0105tyni Jerozolimskiej. W tym czasie, codziennie zapalana jest jedna z o\u015bmiu \u015bwiec, ustawionych na specjalnym \u015bwieczniku. Ceremonia zapalenia pierwszej \u015bwiecy, podczas kt\u00f3rej prezydent przemawia\u0142 w otoczeniu rabin\u00f3w, odby\u0142a si\u0119 w dniu wczorajszym (10 grudnia \u2013 przyp. Autora).<\/p>\r\n<p>W \u015bwi\u0119towaniu Chanuki nie by\u0142oby nic zdro\u017cnego, gdyby nie towarzysz\u0105ce okoliczno\u015bci, kt\u00f3re ka\u017c\u0105 pochyli\u0107 si\u0119 nad zasadno\u015bci\u0105 \u015bwi\u0119towania dnia, obcego kulturze chrze\u015bcija\u0144skiej w Polsce. W poni\u017cszym tek\u015bcie okoliczno\u015bci te postaram si\u0119 wyja\u015bni\u0107, dziel\u0105c je uprzednio na czynniki obiektywne, a tak\u017ce zwi\u0105zane z ideami, g\u0142oszonymi przez strony polskiego sporu politycznego. Strony, jakie chcia\u0142bym uwypukli\u0107, to usi\u0142uj\u0105ce kojarzy\u0107 si\u0119 w oczach swych wyborc\u00f3w z chrze\u015bcija\u0144stwem Prawo i Sprawiedliwo\u015b\u0107 i jego koalicjanci oraz liberalno-lewicowe Koalicja Obywatelska i Lewica, kt\u00f3re <strong>wspieraj\u0105 dzi\u015b wszelkie przedsi\u0119wzi\u0119cia, d\u0105\u017c\u0105ce do laicyzacji, lub wr\u0119cz ateizacji \u2013 Narodu Polskiego, dla Chanuki jednak robi\u0105c przedziwny wyj\u0105tek.<\/strong> Dlaczego tak si\u0119 dzieje i jakie b\u0119d\u0105 d\u0142ugofalowe skutki tych dzia\u0142a\u0144 dla kondycji chrze\u015bcija\u0144stwa w polskim spo\u0142ecze\u0144stwie?<\/p>\r\n<p>Chcia\u0142bym od pocz\u0105tku odrzuci\u0107 tak\u017ce oskar\u017cenia, jakie mog\u0142yby si\u0119 pojawi\u0107 po lekturze tego tekstu. Nie mam na celu obra\u017cania \u017byd\u00f3w jako narodu, ani te\u017c \u017cyd\u00f3w jako grupy wyznaniowej. Nie chc\u0119 dzielenia polskiego spo\u0142ecze\u0144stwa, skoro swoista trybalizacja Polak\u00f3w nast\u0105pi\u0142a ju\u017c pod wzgl\u0119dem politycznym. Chcia\u0142bym jedynie zastanowi\u0107 si\u0119 nad przyczynami zjawisk, jakie zasygnalizowa\u0142em we wst\u0119pie tego tekstu.<\/p>\r\n<h4>Koronawirus a chrze\u015bcija\u0144stwo<\/h4>\r\n<p>Jest faktem, \u017ce pandemia rozprzestrzeni\u0142a si\u0119 po \u015bwiecie i powoduje swe \u015bmiertelne \u017cniwo.<\/p>\r\n<p><em>[O \u017cesz k\u2026a, nie wiedzia\u0142em\u2026 zw\u0142aszcza o tym \u015bmiertelnym \u017cniwie\u2026 \u2013 admin]<\/em><\/p>\r\n<p>Oczywi\u015bcie, koronawirus jest znakomitym pretekstem do zacie\u015bniania kontroli pa\u0144stwowo-administracyjnej nad spo\u0142ecze\u0144stwem, wprowadzania coraz to nowych obostrze\u0144, z kt\u00f3rych praktyczne zamkni\u0119cie gospodarki jest d\u0142ugofalowo najmniej dotkliwe. O wiele dosadniej lockdown oddzia\u0142uje bowiem na kondycj\u0119 psychiczn\u0105 i moraln\u0105 Narodu Polskiego.<\/p>\r\n<p>Zamkni\u0119cie na wiele miesi\u0119cy r\u00f3\u017cnorakich punkt\u00f3w us\u0142ugowych wi\u0105\u017ce si\u0119 ze zubo\u017ceniem znacznej cz\u0119\u015bci spo\u0142ecze\u0144stwa, a tak\u017ce gro\u017ab\u0105 ca\u0142o\u015bciowego upadku wielu bran\u017c polskiej gospodarki. Jednak\u017ce, w interesuj\u0105cym nas aspekcie kulturowym i religijnym, o wiele bardziej pesymistycznym widokiem by\u0142y puste \u015bwi\u0105tynie. Jest to widok zasadniczo odmienny od tego, spotykanego wcze\u015bniej. <strong>Kiedy\u015b bowiem, w trudnych czasach, oparciem dla Narodu by\u0142 B\u00f3g.<\/strong><\/p>\r\n<p>Niestety, spo\u0142ecze\u0144stwo polskie jest w znacznej cz\u0119\u015bci zsekularyzowane. Wida\u0107 to po pustych ko\u015bcio\u0142ach i innych miejscach kultu religijnego. Co wi\u0119cej \u2013 w czasie gdy rz\u0105d wprowadza\u0142 kolejne obostrzenia, dotycz\u0105ce chocia\u017cby liczby wiernych, mog\u0105cych uczestniczy\u0107 w nabo\u017ce\u0144stwach, dzia\u0142ania te nie napotka\u0142y na zorganizowany sprzeciw Narodu w skali masowej. Nie da\u0142o si\u0119 zaobserwowa\u0107 cho\u0107by wzmo\u017conego ucz\u0119szczania wiernych do \u015bwi\u0105ty\u0144, by tam znale\u017a\u0107 duchowe ukojenie i wsparcie w trudnym czasie pandemii.<\/p>\r\n<p>Po wprowadzeniu obostrze\u0144 wierni zostali w domach, pandemia za\u015b \u2013 w wymiarze spo\u0142ecznym \u2013 bezbole\u015bnie przyspieszy\u0142a proces laicyzacji spo\u0142ecze\u0144stwa. Oczywi\u015bcie, lokalne parafie pospieszy\u0142y z pos\u0142ug\u0105 duszpastersk\u0105 za po\u015brednictwem Internetu, przyzna\u0107 jednak trzeba, \u017ce przykl\u0119kanie przed ekranem komputera nabiera prze\u015bmiewczego charakteru. A w\u0142a\u015bnie na\u015bmiewanie si\u0119 z chrze\u015bcija\u0144stwa stanowi dzisiaj bro\u0144 w or\u0119\u017cu jego przeciwnik\u00f3w.<\/p>\r\n<p>Koronawirusowe obostrzenia nie spowodowa\u0142y jedynie zamkni\u0119cia \u015bwi\u0105ty\u0144 dla wiernych, ale tak\u017ce zakazy przemieszczania si\u0119 w zwi\u0105zku z katolickimi \u015bwi\u0119tami \u2013 Wszystkich \u015awi\u0119tych oraz Dniem Zadusznym. Zapewne \u2013 tak\u017ce w\u015br\u00f3d czytelnik\u00f3w \u2013 nie brak os\u00f3b, kt\u00f3re w tym roku nie zdo\u0142a\u0142y godnie obchodzi\u0107 tych \u015bwi\u0105t, w\u0142a\u015bnie ze wzgl\u0119du na obostrzenia, wprowadzone decyzjami rz\u0105du. Na tym nie koniec. \u017bywa jest bowiem dyskusja na temat ogranicze\u0144 w \u015bwi\u0119towaniu Bo\u017cego Narodzenia. Nale\u017cy pami\u0119ta\u0107, i\u017c wszystkie te utrudnienia zosta\u0142y wprowadzone przez rz\u0105d, kt\u00f3ry pozuje na konserwatywny i jawi si\u0119 tak w mniemaniu znacz\u0105cej cz\u0119\u015bci spo\u0142ecze\u0144stwa.<\/p>\r\n<p>W kontra\u015bcie do obostrze\u0144, zwi\u0105zanych ze \u015bwi\u0119tami chrze\u015bcija\u0144skimi, jawi si\u0119 ceremonia zapalenia \u015bwiec chanukowych w Pa\u0142acu Prezydenckim. Co prawda, uczestniczy\u0142o w niej jedynie kilka os\u00f3b (w tym Prezydent z Ma\u0142\u017conk\u0105), ale sama ceremonia zosta\u0142a nag\u0142o\u015bniona, niewsp\u00f3\u0142miernie mocno w stosunku do swego znaczenia. Czy\u017cby zatem by\u0142a to ukryta, \u201enie\u015bmia\u0142a\u201d pr\u00f3ba rugowania chrze\u015bcija\u0144stwa z przestrzeni publicznej Polski, poprzez zast\u0119powanie tradycji katolickiej obrz\u0119dami religijnymi przynale\u017cnymi innym narodom? Pytanie to pozostaje otwarte, jednak uwa\u017cna obserwacja zachodz\u0105cych obecnie zjawisk spo\u0142ecznych nakazuje \u2013 niestety \u2013 udzielenie odpowiedzi twierdz\u0105cej.<\/p>\r\n<h4>Prawo i Sprawiedliwo\u015b\u0107 a Nar\u00f3d Wybrany<\/h4>\r\n<p>W artykule na temat Chanuki, jaki ukaza\u0142 si\u0119 10 grudnia na stronie internetowej Kancelarii Prezydenta RP, widnieje informacja, i\u017c tradycj\u0119 ceremonii zapalania chanukowych \u015bwiec rozpocz\u0105\u0142 \u015b.p. prezydent Lech Kaczy\u0144ski w roku 2006[1]. Od tego momentu, \u015bwi\u0119towanie Dnia Ognia jest w Pa\u0142acu Prezydenckim kontynuowane.<\/p>\r\n<p>Jest to osobliwa informacja, zwa\u017cywszy na dwa fakty. Po pierwsze, obecne w\u0142adze Polski pozycjonuj\u0105 si\u0119 jako konserwatywne i oddane katolickiej tradycji. Po drugie, <strong>oficjalne \u015bwi\u0119towanie Chanuki przez w\u0142adze Rzeczypospolitej Polskiej nie daje si\u0119 wyt\u0142umaczy\u0107 w kategoriach r\u00f3wno\u015bci wobec prawa wszystkich zarejestrowanych w Polsce zwi\u0105zk\u00f3w wyznaniowych.<\/strong><\/p>\r\n<p>Co prawda, korzeni dzisiejszego Prawa i Sprawiedliwo\u015bci nale\u017cy szuka\u0107 w pierwszym, kierowanym przez siebie ugrupowaniu politycznym braci Kaczy\u0144skich, czyli Porozumieniu Centrum, jednak reprezentowana przez nich agenda polityczna sta\u0142a si\u0119 rozpoznawalna przez Polak\u00f3w po roku 2001, czyli formalnym utworzeniu partii Prawo i Sprawiedliwo\u015b\u0107.<\/p>\r\n<p>Wielu Czytelnik\u00f3w zada sobie pewnie w tym miejscu pytanie, jak to si\u0119 sta\u0142o, \u017ce formacja polityczna, wywodz\u0105ca si\u0119 z tradycji \u201eSolidarno\u015bci\u201d, kojarzona jest obecnie (moim zdaniem nies\u0142usznie \u2013 przyp. Autora) z konserwatyzmem i szeroko poj\u0119t\u0105 prawic\u0105.<\/p>\r\n<p>By odpowiedzie\u0107 na to pytanie, nale\u017cy cofn\u0105\u0107 si\u0119 do czerwca 1992 roku i tzw. \u201enocy teczek\u201d. Wtedy to, poszczeg\u00f3lne ugrupowania postsolidarno\u015bciowe por\u00f3\u017cni\u0142y si\u0119 mi\u0119dzy sob\u0105 w kwestii tzw. lustracji. O ile strona sporu, kojarzona obecnie z Koalicj\u0105 Obywatelsk\u0105, sta\u0142a na stanowisku dotrzymania ustale\u0144 Okr\u0105g\u0142ego Sto\u0142u, o tyle \u015brodowisko \u00f3wczesnego Porozumienia Centrum d\u0105\u017cy\u0142o do pe\u0142nej lustracji (cho\u0107 \u2013 z punktu widzenia konserwatywnego, \u201epe\u0142na lustracja\u201d, postulowana przez PC, nie mia\u0142a na celu pe\u0142nej suwerenno\u015bci Polski \u2013 przyp. Autora).<\/p>\r\n<p>Odmienne d\u0105\u017cenia obu \u015brodowisk mia\u0142y swe \u017ar\u00f3d\u0142a w odmiennej sytuacji politycznej poszczeg\u00f3lnych skrzyde\u0142 \u201eSolidarno\u015bci\u201d. O ile \u015brodowisko kojarzone z dzisiejsz\u0105 Koalicj\u0105 Obywatelsk\u0105 by\u0142o powi\u0105zane z Niemcami, kt\u00f3re preferowa\u0142y ma\u0142e przetasowania osobowe i szybkie w\u0142\u0105czenie Polski w krwioobieg gospodarki europejskiej, kierowanej przez Republik\u0119 Federaln\u0105 Niemiec, o tyle strategia polityczna Porozumienia Centrum opiera\u0142a si\u0119 na Stanach Zjednoczonych, a tak\u017ce na silnym w USA lobby \u017cydowskim.<\/p>\r\n<p>\u015arodowisko Porozumienia Centrum przegra\u0142o niestety pami\u0119tne starcie z czerwca 1992 roku, zostaj\u0105c \u201ewykolegowane\u201d z tzw. postsolidarno\u015bciowego salonu. Wobec faktu, i\u017c salon praktycznie w ca\u0142o\u015bci zosta\u0142 opanowany przez p\u00f3\u017aniejszych \u201elibera\u0142\u00f3w\u201d, korzystaj\u0105c z nieistnienia w tamtym czasie na polskiej scenie politycznej powa\u017cnego ugrupowania, chc\u0105cego prowadzi\u0107 polityk\u0119 w duchu narodowo-konserwatywnym (niedopuszczenie do odrodzenia si\u0119 narodowo-chrze\u015bcija\u0144skiej prawicy by\u0142o wtedy wsp\u00f3lnym celem ugrupowa\u0144 postsolidarno\u015bciowych \u2013 przyp. Autora), Porozumienie Centrum, a potem Prawo i Sprawiedliwo\u015b\u0107, celem zdobycia poparcia i w\u0142adzy, zwr\u00f3ci\u0142o si\u0119 do tradycjonalistycznego i katolickiego elektoratu tzw. Polski B. Zwrot ten znaczony by\u0142 oczywi\u015bcie przyj\u0119ciem chrze\u015bcija\u0144skiej i konserwatywnej retoryki, jednak bez narodowej tre\u015bci.<\/p>\r\n<p>Prawo i Sprawiedliwo\u015b\u0107 nie zrobi\u0142o bowiem nic w kwestii polskiej rewizji tzw. 447 Act, czy te\u017c kolejnych przypadk\u00f3w upokarzania Pa\u0144stwa Polskiego na arenie mi\u0119dzynarodowej, nie m\u00f3wi\u0105c ju\u017c o jakichkolwiek konkretnych dzia\u0142aniach, maj\u0105cych powstrzymywa\u0107 zalew Polski przez nowe barbarzy\u0144stwo spod znaku antykultury, LGBT i innych przyk\u0142ad\u00f3w fa\u0142szywie rozumianego progresywizmu.<\/p>\r\n<p>W tym miejscu nale\u017cy zwr\u00f3ci\u0107 uwag\u0119 na pojawiaj\u0105cy si\u0119 coraz cz\u0119\u015bciej zarzut klerykalizacji polskiej polityki i tworzenia pa\u0144stwa wyznaniowego przez Prawo i Sprawiedliwo\u015b\u0107. Z pa\u0144stwem wyznaniowym mamy do czynienia wtedy, gdy zasady wyznaniowe religii dominuj\u0105cej w pa\u0144stwie (w przypadku Polski i katolicyzmu by\u0142oby to prawo kanoniczne) s\u0105 podstaw\u0105 zapis\u00f3w administracyjnych i prawa stanowionego. W przypadku Polski mamy za\u015b do czynienia z sytuacj\u0105 odwrotn\u0105.<\/p>\r\n<p><strong>PiS nie tworzy pa\u0144stwa chrze\u015bcija\u0144skiego. Wykorzystuje jedynie \u2013 lub a\u017c \u2013 cz\u0119\u015b\u0107 hierarchicznego, polskiego kleru, celem legitymizacji w\u0142asnych posuni\u0119\u0107 politycznych<\/strong> w oczach konserwatywnej cz\u0119\u015bci Narodu. Dzia\u0142ania takie s\u0105 w historii polityki znane. Jednym z najbardziej kuriozalnych i nieoczywistych by\u0142o wykorzystanie Cerkwi Prawos\u0142awnej w Rumunii celem legitymizacji w oczach spo\u0142ecze\u0144stwa komunistycznej prezydentury Nicolae Ceausescu.<\/p>\r\n<p>Przytoczone powy\u017cej dzia\u0142ania Prawa i Sprawiedliwo\u015bci pokazuj\u0105, i\u017c chrze\u015bcija\u0144stwo i konserwatyzm s\u0105 jedynie has\u0142ami, wykorzystywanymi przez to ugrupowanie w dora\u017anej walce politycznej. Katolicka retoryka jest tu swego rodzaju kie\u0142bas\u0105 wyborcz\u0105, nietraktowan\u0105 powa\u017cnie, dlatego rzeczywiste praktykowanie \u015bwi\u0105t chrze\u015bcija\u0144skich zosta\u0142o ograniczone ze wzgl\u0119du na koronawirusa, a rz\u0105dz\u0105cy nie widz\u0105 w tym \u017cadnej niestosowno\u015bci. Chanuka za\u015b \u2013 mimo i\u017c ograniczona liczebnie \u2013 zosta\u0142a odpowiednio nag\u0142o\u015bniona.<\/p>\r\n<p>Aspekt oficjalnego obchodzenia \u015awi\u0119ta Ognia ma jeszcze aspekt polityczny (nie interesuj\u0105 mnie przekonania religijne elit obecnej w\u0142adzy w Polsce \u2013 przyp. Autora). Wzmacnia pozycj\u0119 Stan\u00f3w Zjednoczonych nad Wis\u0142\u0105 i ich now\u0105 retoryk\u0119, dotycz\u0105c\u0105 II wojny \u015bwiatowej, a wraz z ni\u0105 \u2013 retoryk\u0119 wp\u0142ywowych \u015brodowisk lobbystycznych z Waszyngtonu i Nowego Jorku, kt\u00f3rych pochodzenia nie trzeba przedstawia\u0107.<\/p>\r\n<h4>Ateizm \u201epost\u0119powc\u00f3w\u201d a religia moj\u017ceszowa<\/h4>\r\n<p>Uwa\u017cnych obserwator\u00f3w polskiej sceny politycznej zainteresuje zapewne fakt, i\u017c przedstawiciele \u015brodowisk liberalno-lewicowych w Polsce w swych wpisach, dost\u0119pnych na portalach spo\u0142eczno\u015bciowych, \u017cyczyli swym odbiorcom \u201eweso\u0142ej Chanuki\u201d.<\/p>\r\n<p>Wielu mo\u017ce zada\u0107 pytanie: jak to si\u0119 sta\u0142o, i\u017c politycy, kojarzeni ze wsparciem dla tzw. Strajku Kobiet, stara\u0144 o \u201e\u015bwieckie pa\u0144stwo\u201d, b\u0119d\u0105ce tak naprawd\u0119 agresywnym ateizmem, podburzaniem ca\u0142ych grup spo\u0142ecznych do atak\u00f3w na ko\u015bcio\u0142y i walki z chrze\u015bcija\u0144stwem, pochwa\u0142\u0105 aborcji a nawet prowadzeniem oficjalnych spis\u00f3w apostat\u00f3w (informuj\u0119 o powstaniu strony internetowej <a href=\"http:\/\/www.licznikapostazji.pl\" rel=\"nofollow\">http:\/\/www.licznikapostazji.pl<\/a> \u2013 przyp. Autora), postanowili nagle uczci\u0107 uroczysto\u015b\u0107 religijn\u0105 Chanuki, mimo, i\u017c religia jest przez lewic\u0119 zwalczana? Jak to si\u0119 sta\u0142o, \u017ce w obchody \u015bwi\u0119ta Chanuki w\u0142\u0105czy\u0142 si\u0119 agresywnie antyreligijny samorz\u0105d miasta sto\u0142ecznego Warszawy? Odpowied\u017a na tak postawione pytania mo\u017cna zawrze\u0107 w trzech punktach.<\/p>\r\n<p>Po pierwsze, w dzisiejszym \u015bwiecie obserwujemy coraz bardziej zaciek\u0142\u0105 walk\u0119 z chrze\u015bcija\u0144stwem. Oczywi\u015bcie, nie jest ju\u017c ona prowadzona pod has\u0142ami, znanymi Polakom jeszcze z okresu tzw. realnego socjalizmu. Dzisiaj, chrze\u015bcija\u0144stwo jest zwalczane, gdy\u017c jest holistycznym systemem, wprowadzaj\u0105cym tzw. moralno\u015b\u0107 ograniczaj\u0105c\u0105, ponadto, stanowi\u0105cym swoist\u0105 \u201eszczepionk\u0119\u201d na polityczno-obyczajowe eksperymenty, jakimi racz\u0105 obecnie narody ca\u0142ej Europy ich rz\u0105dy. Historia pokaza\u0142a jednak, i\u017c ludzko\u015b\u0107 potrzebuje wiary w Absolut. Jak wi\u0119c pogodzi\u0107 potrzeb\u0119 wiary z przeprowadzaniem lewicowych eksperyment\u00f3w spo\u0142ecznych na ca\u0142ych narodach, przy jednoczesnym braku czynnika, zw\u0105cego si\u0119 boja\u017ani\u0105 bo\u017c\u0105? Najpro\u015bciej jest zwalcza\u0107 chrze\u015bcija\u0144stwo, czyli religi\u0119, stanowi\u0105c\u0105 spoiwo Narodu, przy jednoczesnym podsuwaniu innych system\u00f3w religijnych, zaspokajaj\u0105cych co prawda ludzk\u0105 potrzeb\u0119 wiary w Boga, jednocze\u015bnie nie stanowi\u0105cych (cho\u0107by ze wzgl\u0119du na ma\u0142\u0105 skal\u0119 oddzia\u0142ywania) przeszkody w swobodnym \u201eeksperymentowaniu na Narodzie\u201d. St\u0105d lewicowa popularno\u015b\u0107 i \u201ezrozumienie\u201d dla religii mniejszo\u015bci w danym pa\u0144stwie (nie chodzi tylko o judaizm, ale tak\u017ce islam, buddyzm, a nawet wszelkiego rodzaju sekty).<\/p>\r\n<p>Drugim powodem sk\u0142adania \u017cycze\u0144 z okazji Chanuki przez przedstawicieli libera\u0142\u00f3w i lewicy w Polsce jest ich pochodzenie. Wielu z nich ma bowiem korzenie \u017cydowskie. Daleki jestem od wiary w teorie spiskowe, jednak \u2013 zwa\u017cywszy na fakt pochodzenia \u2013 nie dziwi, i\u017c lewicowcy obchodz\u0105 Chanuk\u0119, a nie maj\u0105 osobistego szacunku do chrze\u015bcija\u0144stwa. Wielu chrze\u015bcijan zapewne r\u00f3wnie\u017c nie interesuje si\u0119 obrz\u0119dami religijnymi w innych kulturach. Bulwersuje jedynie fakt, i\u017c lewica bierze czynny udzia\u0142 w niszczeniu chrze\u015bcija\u0144stwa.<\/p>\r\n<p>Dochodzimy w ko\u0144cu do czynnika trzeciego. Judaizm, podobnie jak inne religie poza chrze\u015bcija\u0144stwem, jest w Polsce religi\u0105 mniejszo\u015bciow\u0105. Skoro lewica stawia na mniejszo\u015bci, nie dziwne, \u017ce afirmuje obrz\u0119dy i \u015bwi\u0119ta, charakterystyczne dla innych wyzna\u0144, przy jednoczesnym ataku na chrze\u015bcija\u0144stwo, niszcz\u0105c tym samym tradycj\u0119 katolick\u0105 i poczucie wsp\u00f3lnoty narodowej w Polsce. Afirmuj\u0105c inne religie, lewica za\u015b wpisuje si\u0119 w wykorzystywany obecnie do brutalnej walki politycznej postulat tzw. obrony mniejszo\u015bci.<\/p>\r\n<h4>Chanuka a Bo\u017ce Narodzenie<\/h4>\r\n<p>Przedstawione powy\u017cej spostrze\u017cenia ukazuj\u0105, \u017ce obecne warunki (pandemia, zwi\u0105zany z ni\u0105 tzw. lockdown), sprzyjaj\u0105 walce z katolicyzmem. Niestety, nale\u017cy r\u00f3wnie\u017c zauwa\u017cy\u0107, \u017ce tak\u017ce \u015bwi\u0119ta innych religii, cho\u0107by Chanuka, s\u0105 wykorzystywane politycznie. Obie strony zarysowanego w tek\u015bcie sporu, wykorzystuj\u0105 \u017cydowskie \u015bwi\u0119to dla w\u0142asnych cel\u00f3w i w inny spos\u00f3b. O ile dla Prawa i Sprawiedliwo\u015bci jest to prawdopodobnie \u015bwi\u0119to wa\u017cne kulturowo, maj\u0105c na uwadze koneksje rodzinne Prezydenta, jego obchodzenie stanowi te\u017c instrument dalszego wpychania Polski w zale\u017cno\u015b\u0107 od USA i wiadomych grup lobbingowych, o tyle dla lewicowo-liberalnych elit \u2013 poza znaczeniem prywatnym \u2013 Chanuka stanowi tak\u017ce gro\u017any polityczny or\u0119\u017c do walki z tradycj\u0105 katolick\u0105 Narodu Polskiego i podsuwaniem w jej miejsce religii mniejszo\u015bciowych, niespajaj\u0105cych Narodu i nie chroni\u0105cych go przed eksperymentami spo\u0142eczno-politycznymi.<\/p>\r\n<p>Oczywi\u015bcie \u2013 chcia\u0142bym, by przedstawiciele ka\u017cdej religii w Polsce cieszyli si\u0119 w naszym kraju swobod\u0105 wyznawania w\u0142asnych przekona\u0144 <em>[NIE! NIE KA\u017bDEJ! \u2013 admin]<\/em>. Jednak w przypadku Chanuki, obchodzonej oficjalnie przez Prezydenta w dobie koronawirusowych ogranicze\u0144, mamy do czynienia z dzia\u0142aniem, na jakie nie mo\u017cemy si\u0119 zgodzi\u0107. Oto bowiem \u2013 oficjalnie z powodu walki z pandemi\u0105 \u2013 legalna w\u0142adza w Polsce ogranicza mo\u017cliwo\u015b\u0107 praktykowania i obchodzenia \u015bwi\u0105t katolickich w Polsce, jednocze\u015bnie nag\u0142a\u015bniaj\u0105c obchodzenie przez G\u0142ow\u0119 Pa\u0144stwa Chanuki.<\/p>\r\n<p>Ciekawe, czy wprowadzone obostrzenia dotycz\u0105 jedynie chrze\u015bcijan, czy tak\u017ce przedstawicieli innych religii w Polsce \u2013 muzu\u0142man\u00f3w, \u017cyd\u00f3w, buddyst\u00f3w itp.? Obecnie za\u015b zastanawiamy si\u0119 nad kszta\u0142tem obchod\u00f3w tegorocznego Bo\u017cego Narodzenia. To w\u0142a\u015bnie ten brak symetrii, pomi\u0119dzy traktowaniem obchod\u00f3w \u015bwi\u0105t chrze\u015bcija\u0144skich i \u015bwi\u0105t innych wyzna\u0144, jest najbardziej zastanawiaj\u0105cy. Co wi\u0119cej, inicjuj\u0105c takie dzia\u0142ania, obecna w\u0142adza, pomimo ci\u0105gle wr\u0119cz \u201eko\u015bcio\u0142owej\u201d retoryki, jak\u017ce mi\u0142ej sercom konserwatywnych wyborc\u00f3w, u\u0142atwia prac\u0119 liberalnej lewicy w w\u0105tpliwej jako\u015bci \u201edziele\u201d ateizacji i wynarodowienia polskiego spo\u0142ecze\u0144stwa.<\/p>\r\n<p><strong><em>Andrzej Po\u0142osak<\/em><\/strong><\/p>\r\n<p>[1] Uroczysto\u015b\u0107 zapalenia \u015bwiec chanukowych [w:] Oficjalna strona Prezydenta Rzeczpospolitej Polskiej, <a href=\"http:\/\/www.prezydent.pl\/aktualnosci\/wydarzenia\/art,2020,uroczystosc-zapalenia-swiec-chanukowych.html\" rel=\"nofollow\">http:\/\/www.prezydent.pl\/aktualnosci\/wydarzenia\/art,2020,uroczystosc-zapalenia-swiec-chanukowych.html<\/a> (data dost\u0119pu: 11.12.2020r.).<\/p>\r\n<p><em><a href=\"https:\/\/konserwatyzm.pl\/polosak-ogien-w-palacu-prezydenckim-chanuka-lockdown-a-chrzescijanstwo\/\" target=\"_blank\" rel=\"noopener noreferrer\">https:\/\/konserwatyzm.pl\/<\/a><\/em><\/p>\r\n<p class=\"zrodlo\">Za: <a href=\"https:\/\/marucha.wordpress.com\/2020\/12\/16\/ogien-w-palacu-prezydenckim-chanuka-lockdown-a-chrzescijanstwo\/\">Dziennik gajowego Maruchy (2020-12-16)<\/a><\/p>\r\n<blockquote>\r\n<p>[<strong>Wybrane wypowiedzi internaut\u00f3w pod w\/w tekstem na stronie \u017ar\u00f3d\u0142owej:<\/strong>]<\/p>\r\n<p><em>I***<\/em><br>\r\nNie nabijajcie si\u0119 z nas, obywatelu Po\u0142osak\u2026 :-)))<\/p>\r\n<p>Ko\u015bci\u00f3\u0142 w Polsce, jak wiadomo, za\u017cydzony jest jak nigdy dot\u0105d \u2013 my\u015blicie, \u017ce tacy koszerni ksi\u0119\u017ca posoborowi dadz\u0105 nam (Polakom etnicznym) \u201educhowe ukojenie i wsparcie\u201d? :-)))<\/p>\r\n<p>Pisz\u0105c w wielkim skr\u00f3cie \u2013 ci \u017cydzi w sutannach z regu\u0142y wzywaj\u0105 (w ko\u015bcio\u0142ach) do mod\u0142\u00f3w za swoich ziomk\u00f3w i najcz\u0119\u015bciej, zamiast ewangelii, czytaj\u0105 starotestamentowe powiastki o \u017cydach!<\/p>\r\n<p>Polacy nie maj\u0105 oparcia w Ko\u015bciele, bo nie ma w jego kierownictwie etnicznie polskiego duchowie\u0144stwa (poza kilkoma biskupami \u2013 by\u0107 mo\u017ce czterema).<\/p>\r\n<p>W og\u00f3le znalezienie rdzennie polskiego ksi\u0119dza (cho\u0107by posoborowego, nie m\u00f3wi\u0105c ju\u017c o wy\u015bwi\u0119conym po staremu) powoli zaczyna graniczy\u0107 z cudem \u2013 w ka\u017cdym razie na pewno jest problemem dla zwyk\u0142ego Polaka katolika.<\/p>\r\n<p><em>Birton<\/em><br>\r\n\u017cydostwo si\u0119 szerzy i wszystko jasne<\/p>\r\n<\/blockquote>","protected":false},"excerpt":{"rendered":"W dniu grudnia mia\u0142a miejsce coroczna ceremonia zapalenia \u015bwiec chanukowych w Pa\u0142acu Prezydenckim. Pomimo pandemii, uroczysto\u015b\u0107 ta musia\u0142a mie\u0107 dla obecnie rz\u0105dz\u0105cych donios\u0142e znaczenie, gdy\u017c oficjalna strona internetowa Kancelarii Prezydenta poinformowa\u0142a o tym a\u017c w dw\u00f3ch postach. Co wi\u0119cej \u2013 pomimo opozycyjno\u015bci wobec rz\u0105du PiS \u2013 do \u015bwi\u0119towania Chanuki przy\u0142\u0105czy\u0142a si\u0119 warszawska administracja Rafa\u0142a Trzaskowskiego, [&hellip;]","protected":false},"author":1,"featured_media":0,"comment_status":"closed","ping_status":"closed","sticky":false,"template":"","format":"standard","meta":{"_acf_changed":false,"_monsterinsights_skip_tracking":false,"_monsterinsights_sitenote_active":false,"_monsterinsights_sitenote_note":"","_monsterinsights_sitenote_category":0,"ngg_post_thumbnail":0,"footnotes":"","_wp_rev_ctl_limit":""},"categories":[9],"tags":[132,433,98,53,101,20],"acf":[],"_links":{"self":[{"href":"https:\/\/www.bibula.com\/index.php?rest_route=\/wp\/v2\/posts\/121322"}],"collection":[{"href":"https:\/\/www.bibula.com\/index.php?rest_route=\/wp\/v2\/posts"}],"about":[{"href":"https:\/\/www.bibula.com\/index.php?rest_route=\/wp\/v2\/types\/post"}],"author":[{"embeddable":true,"href":"https:\/\/www.bibula.com\/index.php?rest_route=\/wp\/v2\/users\/1"}],"replies":[{"embeddable":true,"href":"https:\/\/www.bibula.com\/index.php?rest_route=%2Fwp%2Fv2%2Fcomments&post=121322"}],"version-history":[{"count":2,"href":"https:\/\/www.bibula.com\/index.php?rest_route=\/wp\/v2\/posts\/121322\/revisions"}],"predecessor-version":[{"id":121324,"href":"https:\/\/www.bibula.com\/index.php?rest_route=\/wp\/v2\/posts\/121322\/revisions\/121324"}],"wp:attachment":[{"href":"https:\/\/www.bibula.com\/index.php?rest_route=%2Fwp%2Fv2%2Fmedia&parent=121322"}],"wp:term":[{"taxonomy":"category","embeddable":true,"href":"https:\/\/www.bibula.com\/index.php?rest_route=%2Fwp%2Fv2%2Fcategories&post=121322"},{"taxonomy":"post_tag","embeddable":true,"href":"https:\/\/www.bibula.com\/index.php?rest_route=%2Fwp%2Fv2%2Ftags&post=121322"}],"curies":[{"name":"wp","href":"https:\/\/api.w.org\/{rel}","templated":true}]}}