{"id":121253,"date":"2020-12-16T16:17:14","date_gmt":"2020-12-16T21:17:14","guid":{"rendered":"https:\/\/www.bibula.com\/?p=121253"},"modified":"2020-12-16T16:17:14","modified_gmt":"2020-12-16T21:17:14","slug":"kard-burke-ostrzega-epidemia-covid-19-jest-wykorzystywana-do-ataku-na-wolnosc-i-rodzine","status":"publish","type":"post","link":"https:\/\/www.bibula.com\/?p=121253","title":{"rendered":"Kard. Burke ostrzega: Epidemia COVID-19 jest wykorzystywana do ataku na wolno\u015b\u0107 i rodzin\u0119"},"content":{"rendered":"<p><strong>W kazaniu wyg\u0142oszonym w \u015bwi\u0119to Matki Bo\u017cej z Guadalupe w ko\u015bciele pw. Matki Bo\u017cej z Guadalupe w La Crosse kard. Burke ostrzeg\u0142, \u017ce pod pretekstem zapobiegania rozprzestrzeniania si\u0119 choroby epidemia COVID-19 jest wykorzystywana do szerzenia strachu oraz ataku na wolno\u015b\u0107 i rodzin\u0119, a tak\u017ce promowania \u201eWielkiego Resetu\u201d. Zwr\u00f3ci\u0142 tak\u017ce uwag\u0119 na wp\u0142yw komunizmu i na to, jak bardzo Ameryka sta\u0142a si\u0119 zale\u017cna od komunistycznych Chin.<\/strong><\/p>\r\n<p>\u201eNasz nar\u00f3d przechodzi kryzys, kt\u00f3ry zagra\u017ca samej jego przysz\u0142o\u015bci jako narodu wolnego i demokratycznego. \u015awiatowe szerzenie si\u0119 marksistowskiego materializmu, kt\u00f3ry ju\u017c przyni\u00f3s\u0142 zniszczenie i \u015bmier\u0107 tak wielu istotom i kt\u00f3ry zagra\u017ca\u0142 fundamentom naszego narodu od dziesi\u0119cioleci, teraz wydaje si\u0119 przejmowa\u0107 rz\u0105dy nad naszym narodem\u201d \u2013 powiedzia\u0142 kard. Raymond Burke.<\/p>\r\n<p>\u201eDla osi\u0105gni\u0119cia gospodarczych zysk\u00f3w \u2013 kontynuowa\u0142 kardyna\u0142 \u2013 my, jako nar\u00f3d, dopu\u015bcili\u015bmy do tego, \u017ce stali\u015bmy si\u0119 zale\u017cni od Komunistycznej Partii Chin, ideologii ca\u0142kowicie sprzecznej z fundamentami chrze\u015bcija\u0144skimi, na kt\u00f3rych rodziny i nasz nar\u00f3d pozostaj\u0105 bezpieczne i prosperuj\u0105\u201d. Duchowny zwr\u00f3ci\u0142 przy tym uwag\u0119, i\u017c nie dotyczy to jedynie Stan\u00f3w Zjednoczonych, ale kraj\u00f3w na ca\u0142ym \u015bwiecie.<\/p>\r\n<p>Kard. Burke wskaza\u0142 na \u201esprzeczne informacje\u201d na temat \u201ewirusa z Wuhan\u201d, jakimi bombarduj\u0105 nas media. \u201eJednak jasne jest, \u017ce zosta\u0142 on wykorzystany przez pewne si\u0142y, nieprzyjazne rodzinom i wolno\u015bci narod\u00f3w, do szerzenia ich niegodziwej agendy. Te si\u0142y m\u00f3wi\u0105 nam, \u017ce jeste\u015bmy teraz poddanymi tak zwanego <em>Wielkiego Resetu<\/em>, <em>nowej normalno\u015bci<\/em>, kt\u00f3ra jest narzucana nam poprzez ich manipulacje obywatelami i narodami przy zastosowaniu niewiedzy i strachu\u201d.<\/p>\r\n<p>Kard. Burke skrytykowa\u0142 te\u017c \u201esamoizolacj\u0119\u201d oraz kwarantann\u0119, jak\u0105 wprowadza si\u0119 w wielu krajach na \u015bwiecie. Jego zdaniem zamiast izolacji istnieje potrzeba wzajemnej blisko\u015bci w \u201echrze\u015bcija\u0144skiej mi\u0142o\u015bci\u201d, a nie zale\u017cno\u015bci od \u201e\u015bwieckich si\u0142, kt\u00f3re chcia\u0142by uczyni\u0107 z nas niewolnik\u00f3w ich bezbo\u017cnej i morderczej agendy\u201d.<\/p>\r\n<p>Ameryka\u0144ski hierarcha wyrazi\u0142 zaniepokojenie brakiem \u201ezdrowej nauki i przyw\u00f3dztwa ze strony duchowie\u0144stwa w reakcji na \u015bwiatowy kryzys\u201d. \u201eTak wielu w Ko\u015bciele wydaje si\u0119 nie rozumie\u0107 tego, \u017ce Chrystus nie ustaje w swym zbawczym dziele w czasach plagi i innych katastrof\u201d. Wierni s\u0105 pozostawieni samym sobie, a reakcja, jaka przychodzi ze strony duchowie\u0144stwa \u201ewydaje si\u0119 pochodzi\u0107 nie od duszpasterzy, ale \u015bwieckich menad\u017cer\u00f3w\u201d.<\/p>\r\n<p>\u201eNie dajmy si\u0119 omami\u0107 si\u0142om \u015bwiata i fa\u0142szywym prorokom. Nie porzucajmy Chrystusa i nie szukajmy zbawienia w miejscach, w kt\u00f3rych nie mo\u017cna go znale\u017a\u0107\u201d \u2013 powiedzia\u0142 kard. Burke.<\/p>\r\n<p><em>jjf\/LifeSiteNews.com<\/em><\/p>","protected":false},"excerpt":{"rendered":"W kazaniu wyg\u0142oszonym w \u015bwi\u0119to Matki Bo\u017cej z Guadalupe w ko\u015bciele pw. Matki Bo\u017cej z Guadalupe w La Crosse kard. Burke ostrzeg\u0142, \u017ce pod pretekstem zapobiegania rozprzestrzeniania si\u0119 choroby epidemia COVID-19 jest wykorzystywana do szerzenia strachu oraz ataku na wolno\u015b\u0107 i rodzin\u0119, a tak\u017ce promowania \u201eWielkiego Resetu\u201d. Zwr\u00f3ci\u0142 tak\u017ce uwag\u0119 na wp\u0142yw komunizmu i na [&hellip;]","protected":false},"author":1,"featured_media":0,"comment_status":"closed","ping_status":"closed","sticky":false,"template":"","format":"standard","meta":{"_acf_changed":false,"_monsterinsights_skip_tracking":false,"_monsterinsights_sitenote_active":false,"_monsterinsights_sitenote_note":"","_monsterinsights_sitenote_category":0,"ngg_post_thumbnail":0,"footnotes":"","_wp_rev_ctl_limit":""},"categories":[451,4],"tags":[433,20,221,33],"acf":[],"_links":{"self":[{"href":"https:\/\/www.bibula.com\/index.php?rest_route=\/wp\/v2\/posts\/121253"}],"collection":[{"href":"https:\/\/www.bibula.com\/index.php?rest_route=\/wp\/v2\/posts"}],"about":[{"href":"https:\/\/www.bibula.com\/index.php?rest_route=\/wp\/v2\/types\/post"}],"author":[{"embeddable":true,"href":"https:\/\/www.bibula.com\/index.php?rest_route=\/wp\/v2\/users\/1"}],"replies":[{"embeddable":true,"href":"https:\/\/www.bibula.com\/index.php?rest_route=%2Fwp%2Fv2%2Fcomments&post=121253"}],"version-history":[{"count":1,"href":"https:\/\/www.bibula.com\/index.php?rest_route=\/wp\/v2\/posts\/121253\/revisions"}],"predecessor-version":[{"id":121261,"href":"https:\/\/www.bibula.com\/index.php?rest_route=\/wp\/v2\/posts\/121253\/revisions\/121261"}],"wp:attachment":[{"href":"https:\/\/www.bibula.com\/index.php?rest_route=%2Fwp%2Fv2%2Fmedia&parent=121253"}],"wp:term":[{"taxonomy":"category","embeddable":true,"href":"https:\/\/www.bibula.com\/index.php?rest_route=%2Fwp%2Fv2%2Fcategories&post=121253"},{"taxonomy":"post_tag","embeddable":true,"href":"https:\/\/www.bibula.com\/index.php?rest_route=%2Fwp%2Fv2%2Ftags&post=121253"}],"curies":[{"name":"wp","href":"https:\/\/api.w.org\/{rel}","templated":true}]}}