{"id":121240,"date":"2020-12-14T18:10:03","date_gmt":"2020-12-14T23:10:03","guid":{"rendered":"https:\/\/www.bibula.com\/?p=121240"},"modified":"2020-12-15T11:16:42","modified_gmt":"2020-12-15T16:16:42","slug":"oswiadczenie-paulinow-ws-ojca-pelanowskiego","status":"publish","type":"post","link":"https:\/\/www.bibula.com\/?p=121240","title":{"rendered":"O\u015bwiadczenie Paulin\u00f3w ws. ojca Pelanowskiego"},"content":{"rendered":"<p><strong>Paulini poinformowali, \u017ce ojciec Augustyn Pelanowski zosta\u0142 wydalony z Zakonu \u015bw. Paw\u0142a I Pustelnika.&nbsp;<\/strong><strong>&nbsp;<\/strong><\/p>\r\n<p>W poniedzia\u0142ek 14 grudnia na stronie internetowej paulini.pl pojawi\u0142o si\u0119 o\u015bwiadczenie nast\u0119puj\u0105cej tre\u015bci:<\/p>\r\n<p style=\"padding-left: 40px;\"><em>Kuria Generalna Zakonu Paulin\u00f3w informuje, \u017ce o. Augustyn Pelanowski zosta\u0142 wydalony z Zakonu \u015bw. Paw\u0142a I Pustelnika Dekretem Genera\u0142a Zakonu z dn. 12.01.2020 r., potwierdzonym przez Kongregacj\u0119 ds. Instytut\u00f3w \u017bycia Konsekrowanego i Stowarzysze\u0144 \u017bycia Apostolskiego dn. 25.03.2020 r.&nbsp;<br>\r\nTym samym na mocy kan. 701 Kodeksu Prawa Kanonicznego nie posiada upowa\u017cnienia do g\u0142oszenia S\u0142owa Bo\u017cego i sprawowania sakrament\u00f3w, dop\u00f3ki nie znajdzie biskupa, kt\u00f3ry go przyjmie do swojej diecezji lub przynajmniej zezwoli na wykonywanie \u015bwi\u0119ce\u0144.<br>\r\no. Sebastian Matecki OSPPE<br>\r\nRzecznik prasowy Zakonu Paulin\u00f3w<\/em><\/p>\r\n<p>Ju\u017c w listopadzie roku 2019 Paulini potwierdzili, \u017ce ojciec Augustyn opu\u015bci\u0142 zakon, co on sam przyzna\u0142 w ksi\u0105\u017cce \u2013 wywiadzie rzece \u201eOcalenie\u201d wydanej w tym samym miesi\u0105cu. Na jedno z zadanych mu w tej publikacji pyta\u0144 odpowiedzia\u0142 nast\u0119puj\u0105co:<\/p>\r\n<p style=\"padding-left: 40px;\">\u201e<strong>Pewnego dnia zw\u0105tpienia przesta\u0142y dotyczy\u0107 mnie albo nawet Boga, tylko kogo\u015b kto mia\u0142 gwarantowa\u0107 czysto\u015b\u0107 doktryny i zapewni\u0107 trwa\u0142o\u015b\u0107 zdefiniowa\u0144 moralnych, kr\u00f3tko m\u00f3wi\u0105c, kogo\u015b, kto zasiad\u0142 na tronie papieskim i okaza\u0142 si\u0119 \u017ar\u00f3d\u0142em zw\u0105tpie\u0144 nie tylko dla mnie, ale dla mn\u00f3stwa katolik\u00f3w.<\/strong> To stawia nas wobec rozstrzygni\u0119\u0107 cie\u0144szych ni\u017c linia Apellesa. Nadesz\u0142y czasy, w kt\u00f3rych, aby uratowa\u0107 kap\u0142a\u0144stwo i \u017cycie konsekrowane, trzeba ucieka\u0107 ze \u015brodowiska, kt\u00f3re mia\u0142o by\u0107 ich gwarantem. Nie zmuszam nikogo do mojego punktu widzenia. Ka\u017cdy niech my\u015bli, co chce o tym co przed chwil\u0105 pad\u0142o z moich ust. Por\u00f3wnam zaistnia\u0142\u0105 sytuacj\u0119 z kryzysem w ma\u0142\u017ce\u0144stwie: zdarza si\u0119 przecie\u017c, \u017ce pojawiaj\u0105 si\u0119 takie warunki, w kt\u00f3rych niemo\u017cliwe jest trwanie we wsp\u00f3lnocie ma\u0142\u017ce\u0144skiej i trzeba ci\u0119 rozsta\u0107, \u017cy\u0107 w separacji i chocia\u017c wygl\u0105da to dramatycznie, ma to s\u0142u\u017cy\u0107 przede wszystkim ochronie trwa\u0142o\u015bci ma\u0142\u017ce\u0144stwa. Co prawda w chwili zawarcia ma\u0142\u017ce\u0144stwa pomi\u0119dzy ma\u0142\u017conkami zostaje ustanowiona wsp\u00f3lnota o charakterze i cechach, kt\u00f3re wymagaj\u0105 jako obowi\u0105zku i prawa, \u0142\u0105cznego zamieszkiwania i wsp\u00f3lnego \u017cycia, ale mog\u0105 zaistnie\u0107 okoliczno\u015bci, kt\u00f3re, najkr\u00f3cej rzecz ujmuj\u0105c, s\u0105 nara\u017ceniem na niebezpiecze\u0144stwo duchowe lub fizyczne wsp\u00f3\u0142ma\u0142\u017conka lub potomstwa. Gdy kt\u00f3re\u015b z ma\u0142\u017conk\u00f3w nie tylko utrudnia rozw\u00f3j wiary, ale nawet j\u0105 wykrzywia, demoralizuje, naciska, u\u017cywa przemocy itd., trzeba si\u0119 odseparowa\u0107. Dla ochrony najwa\u017cniejszego dobra, jakim jest wiara \u2013 wiara zagro\u017cona realnie \u2013 mo\u017cna si\u0119 separowa\u0107. Po jakim\u015b czasie rozeznania pojawia si\u0119 pewno\u015b\u0107 i kto\u015b nie chce zgodzi\u0107 si\u0119 na dalsze przebywanie z kim\u015b, kto na pewno powoduje utrat\u0119 zbawienia potomstwa, krzywdy psychiczne, fizyczne lub moralne. To przyk\u0142ad. Wtedy nale\u017cy zmieni\u0107 miejsce bez rozwi\u0105zywania w\u0119z\u0142a ma\u0142\u017ce\u0144skiego, co nazywamy separacj\u0105. Nigdy nie mia\u0142em najmniejszej w\u0105tpliwo\u015bci, co do samego faktu bycia kap\u0142anem albo zakonnikiem \u2013 nigdy. Nie nadaj\u0119 si\u0119 do innego powo\u0142ania. Mog\u0119 i chce by\u0107 tylko kap\u0142anem i zakonnikiem. Ale poniewa\u017c w konkretnym miejscu ju\u017c nie widz\u0119 szans na bycie takim, jakim chce mnie B\u00f3g i poniewa\u017c On sam przez wiele znak\u00f3w i s\u0142\u00f3w wskazywa\u0142 mi, bym zrobi\u0142 to co Abraham, to bez wzgl\u0119du na ocen\u0119 i skutki wynikaj\u0105ce z dzia\u0142ania drugiej strony, ewakuuj\u0119 si\u0119\u201d.<\/p>\r\n<p>Paulini w swym o\u015bwiadczeniu nie wyja\u015bnili, dlaczego 14 grudnia publikuj\u0105 o\u015bwiadczenie decyzji podj\u0119tej jedena\u015bcie miesi\u0119cy wcze\u015bniej. Mo\u017ce mie\u0107 to zwi\u0105zek z pojawiaj\u0105cymi si\u0119 w sieci nagraniami, na kt\u00f3rych wypowiadaj\u0105 si\u0119 osoby powo\u0142uj\u0105ce si\u0119 na ojca Pelanowskiego. Na facebookowym profilu Mateusza Ochmana ukaza\u0142o si\u0119 o\u015bwiadczenie nast\u0119puj\u0105cej tre\u015bci:<\/p>\r\n<p><em>W imieniu o. Augustyna Pelanowskiego wydaj\u0119 nast\u0119puj\u0105ce o\u015bwiadczenie:<\/em><\/p>\r\n<p><em>Ostatnimi dniami w YouTube ukaza\u0142o si\u0119 nagranie (<a href=\"https:\/\/www.youtube.com\/watch?v=b_83U6tlwXM&amp;fbclid=IwAR1xpYugPn9f8B_PZMYcyy85wUqBFIy0UMDgw74HqQmc6PfCeMOesUvDqoc\">https:\/\/www.youtube.com\/watch?v=b_83U6tlwXM<\/a>), w kt\u00f3rym relacjonuj\u0105 si\u0119 s\u0142owa o. Augustyna Pelanowskiego na temat r\u00f3\u017cnych dramatycznych wydarze\u0144, kt\u00f3re oczekuj\u0105 \u015bwiat w najbli\u017cszych czasach (mi\u0119dzy innymi mowa o szczepionkach, wojnach, g\u0142odzie i pandemiach). Ten sam zapis w formie nagrania by\u0142 rozsy\u0142any przy pomocy r\u00f3\u017cnych grup spo\u0142eczno\u015bciowych oraz innych zasob\u00f3w komunikacji, co przyczyni\u0142o si\u0119 do zam\u0119tu w sercach wielu wiernych. Po konsultacji z o. Augustynem o\u015bwiadczam, co nast\u0119puje:<\/em><\/p>\r\n<ol>\r\n\t<li><em> Ojciec Augustyn nie przekazywa\u0142 przez inne osoby \u017cadnych or\u0119dzi.<\/em><\/li>\r\n\t<li><em> Nagranie nie zawiera osobistych s\u0142\u00f3w ojca Augustyna, lecz interpretacje r\u00f3\u017cnych wypowiedzi oraz fragment\u00f3w z jego ksi\u0105\u017cek przez osoby trzecie, a wi\u0119c o. Augustyn Pelanowski nie bierze za nie odpowiedzialno\u015bci.<\/em><\/li>\r\n<\/ol>\r\n<p><em>Z wyrazami szacunku<\/em><\/p>\r\n<p><em>Mnich Pauli\u0144ski<\/em><\/p>\r\n<p>O\u015bwiadczenie Paulin\u00f3w mo\u017ce mie\u0107 r\u00f3wnie\u017c zwi\u0105zek z opublikowan\u0105 w ostatnich dniach przez wydawnictwo Paganini najnowsz\u0105 ksi\u0105\u017ck\u0105 ojca Pelanowskiego \u201eList Judasza nie Iszkarioty\u201d, w kt\u00f3rej autor dzieli si\u0119 interpretacj\u0105 biblijnego <em>Listu \u015bw. Judy<\/em>.<\/p>\r\n<p class=\"zrodlo\">Za: <a href=\"https:\/\/www.pch24.pl\/oswiadczenie-paulinow-ws--ojca-pelanowskiego,80632,i.html\">PoloniaChristiana &#8211; pch24.pl (2020-12-14)<\/a><\/p>\r\n<h4>&nbsp;<\/h4>\r\n<hr style=\"background-color: #000000; border-width: 0; color: #000000; height: 2px; line-height: 0; text-align: center; width: 100%;\">\r\n<h4>&nbsp;<\/h4>\r\n<blockquote>\r\n<p>[<strong>Wybrane wypowiedzi internaut\u00f3w pod <span style=\"text-decoration: underline;\"><a href=\"https:\/\/www.fronda.pl\/a\/pilne-o-augustyn-pelanowski-usuniety-z-zakonu,154323.html\">tekstem na stronie Fronda.pl<\/a><\/span>:<\/strong>]<\/p>\r\n<p><em>Agnieszka<\/em><br>\r\nAle to paulini s\u0105 zgorszeniem z t\u0105 decyzj\u0105 a nie o.Pelanowski. Te kazania, kt\u00f3re znam s\u0105 nie mia\u0142y nic dziwnego i heretyckiego, ale wielk\u0105 wiar\u0119, gorliwo\u015b\u0107, mi\u0142o\u015b\u0107. Jaki to zakon, kt\u00f3ry wyrzuca takiego cz\u0142owieka nawet gdyby upad\u0142 i nawet zero refleksji i przeproszenia ZA SIEBIE, sw\u00f3j zakon i brak mi\u0142o\u015bci do wsp\u00f3\u0142brata!!!! Ale si\u0119 diabe\u0142 w\u015bciek\u0142 na ojca Pelanowskiego i si\u0119 m\u015bci<\/p>\r\n<p><em>go\u015b\u0107<\/em><br>\r\nusuwaj\u0105 najlepszego kaznodziej\u0119 i najlepszego w\u015br\u00f3d duchowie\u0144stwa. to \u015bwiadczy o tym \u017ce film Kler jest prawd\u0105.<\/p>\r\n<p><em>zoom<\/em><br>\r\nZa to o.$ZUSTAK na pewno awansuje &#8230;<\/p>\r\n<p><em>Zbigniew<\/em><br>\r\nz powodu: Zgorszenia??????!!! chyba ich pogi\u0119\u0142o!<\/p>\r\n<p><em>Kriso<\/em><br>\r\nAle za co wylecia\u0142? By\u0142 -pedo czy -homo? Z tego artyku\u0142u nic kompletnie nie wynika!!<\/p>\r\n<p><em>Linkc<\/em><br>\r\nMo\u017ce dlatego \u017ce nie by\u0142.<\/p>\r\n<p><em>Faustyna<\/em><br>\r\nO. Pelanowski ujawnia\u0142 i domaga\u0142 si\u0119 od O. Paulin\u00f3w reakcji na homoseksualizm w\u015br\u00f3d O. Paulin\u00f3w. W tym roku NIE MA \u017bADNEGO powo\u0142ania do tego klasztoru ! Jak czyta\u0142am Pan B\u00f3g odebra\u0142 im t\u0119 \u0142ask\u0119 !!!<\/p>\r\n<\/blockquote>\r\n<h4>&nbsp;<\/h4>\r\n<hr style=\"background-color: #000000; border-width: 0; color: #000000; height: 2px; line-height: 0; text-align: center; width: 100%;\">\r\n<h4>&nbsp;<\/h4>\r\n<h2>Sprawa o. Pelanowskiego i szopka w Watykanie || Ja, katolik. EXTRA<\/h2>\r\n<p>Ojciec Augustyn Pelanowski zosta\u0142 oficjalnie wydalony z zakonu paulin\u00f3w. W Watykanie z kolei stan\u0119\u0142a szopka, kt\u00f3ra\u2026 kompletnie nie przypomina szopki. Najnowsze wydarzenia w Ko\u015bciele komentuj\u0105 w programie \u201eJa, katolik. EXTRA\u201d Pawe\u0142 Lisicki, Grzegorz G\u00f3rny i Krystian Kratiuk.<\/p>\r\n<p>[youtube =8qjvhFv16AE width=&#8221;600&#8243;]<\/p>\r\n<p class=\"zrodlo\">Za: <a href=\"https:\/\/www.pch24.pl\/sprawa-o--pelanowskiego-i-szopka-w-watykanie----ja--katolik--extra,80652,tv.html\">PoloniaChristiana &#8211; pch24.pl (2020-12-15)<\/a><\/p>\r\n<h4>&nbsp;<\/h4>\r\n<hr style=\"background-color: #000000; border-width: 0; color: #000000; height: 2px; line-height: 0; text-align: center; width: 100%;\">\r\n<h4>&nbsp;<\/h4>","protected":false},"excerpt":{"rendered":"Paulini poinformowali, \u017ce ojciec Augustyn Pelanowski zosta\u0142 wydalony z Zakonu \u015bw. Paw\u0142a I Pustelnika.&nbsp;&nbsp; W poniedzia\u0142ek 14 grudnia na stronie internetowej paulini.pl pojawi\u0142o si\u0119 o\u015bwiadczenie nast\u0119puj\u0105cej tre\u015bci: Kuria Generalna Zakonu Paulin\u00f3w informuje, \u017ce o. Augustyn Pelanowski zosta\u0142 wydalony z Zakonu \u015bw. Paw\u0142a I Pustelnika Dekretem Genera\u0142a Zakonu z dn. 12.01.2020 r., potwierdzonym przez Kongregacj\u0119 ds. [&hellip;]","protected":false},"author":1,"featured_media":0,"comment_status":"closed","ping_status":"closed","sticky":false,"template":"","format":"standard","meta":{"_acf_changed":false,"_monsterinsights_skip_tracking":false,"_monsterinsights_sitenote_active":false,"_monsterinsights_sitenote_note":"","_monsterinsights_sitenote_category":0,"ngg_post_thumbnail":0,"footnotes":"","_wp_rev_ctl_limit":""},"categories":[5],"tags":[301,98,33],"acf":[],"_links":{"self":[{"href":"https:\/\/www.bibula.com\/index.php?rest_route=\/wp\/v2\/posts\/121240"}],"collection":[{"href":"https:\/\/www.bibula.com\/index.php?rest_route=\/wp\/v2\/posts"}],"about":[{"href":"https:\/\/www.bibula.com\/index.php?rest_route=\/wp\/v2\/types\/post"}],"author":[{"embeddable":true,"href":"https:\/\/www.bibula.com\/index.php?rest_route=\/wp\/v2\/users\/1"}],"replies":[{"embeddable":true,"href":"https:\/\/www.bibula.com\/index.php?rest_route=%2Fwp%2Fv2%2Fcomments&post=121240"}],"version-history":[{"count":6,"href":"https:\/\/www.bibula.com\/index.php?rest_route=\/wp\/v2\/posts\/121240\/revisions"}],"predecessor-version":[{"id":121246,"href":"https:\/\/www.bibula.com\/index.php?rest_route=\/wp\/v2\/posts\/121240\/revisions\/121246"}],"wp:attachment":[{"href":"https:\/\/www.bibula.com\/index.php?rest_route=%2Fwp%2Fv2%2Fmedia&parent=121240"}],"wp:term":[{"taxonomy":"category","embeddable":true,"href":"https:\/\/www.bibula.com\/index.php?rest_route=%2Fwp%2Fv2%2Fcategories&post=121240"},{"taxonomy":"post_tag","embeddable":true,"href":"https:\/\/www.bibula.com\/index.php?rest_route=%2Fwp%2Fv2%2Ftags&post=121240"}],"curies":[{"name":"wp","href":"https:\/\/api.w.org\/{rel}","templated":true}]}}