{"id":121228,"date":"2020-12-12T21:01:41","date_gmt":"2020-12-13T02:01:41","guid":{"rendered":"https:\/\/www.bibula.com\/?p=121228"},"modified":"2020-12-12T21:01:41","modified_gmt":"2020-12-13T02:01:41","slug":"pierwsze-skutki-uboczne-szczepionki-na-covid-brytyjska-agencja-precyzuje-wytyczne","status":"publish","type":"post","link":"https:\/\/www.bibula.com\/?p=121228","title":{"rendered":"Pierwsze skutki uboczne szczepionki na COVID. Brytyjska agencja precyzuje wytyczne"},"content":{"rendered":"<p><strong>Brytyjska agencja ds. regulacji lek\u00f3w (MHRA) odradza poddanie si\u0119 szczepieniu preparatem Pfizera i BioNTech osobom, kt\u00f3re wcze\u015bniej w \u017cyciu do\u015bwiadczy\u0142y anafilaksji. Decyzja nast\u0105pi\u0142a po zaobserwowaniu u dw\u00f3ch pracownik\u00f3w s\u0142u\u017cby zdrowia silnej reakcji alergicznej po podaniu szczepionki.<\/strong><\/p>\r\n<p>Wcze\u015bniej MHRA przestrzega\u0142a przed wyst\u0105pieniem reakcji alergicznych, jednak bez wyszczeg\u00f3lniania anafilaksji \u2013 reakcji alergicznej w skrajnych przypadkach zagra\u017caj\u0105cej \u017cyciu. Cz\u0119stymi przyczynami wyst\u0105pienia wstrz\u0105su anafilaktycznego s\u0105: uk\u0105szenia owad\u00f3w, alergeny w po\u017cywieniu i leki. Po tym jak u dw\u00f3ch pracownik\u00f3w s\u0142u\u017cby zdrowia zauwa\u017cono reakcj\u0119 anafilaktyczn\u0105 \u2013 cz\u0119\u015bciowy parali\u017c w okolicach ust i policzka, brytyjska agencja zdecydowa\u0142a si\u0119 odradza\u0107 szczepienia osobom do\u015bwiadczaj\u0105cym w przesz\u0142o\u015bci podobnej sytuacji.<\/p>\r\n<p>Podkre\u015blono, \u017ce anafilaksja jest znanym, cho\u0107 bardzo rzadkim, skutkiem ubocznym ka\u017cdej szczepionki. Zaznaczono, \u017ce wi\u0119kszo\u015b\u0107 ludzi nie odczuje anafilaksji, a korzy\u015bci z ochrony przed Covid-19 przewy\u017cszaj\u0105 ryzyko. Jednak ka\u017cdy, kto posiada histori\u0119 silnych reakcji alergicznych powinien skonsultowa\u0107 si\u0119 z lekarzem przed poddaniem si\u0119 szczepieniu wakcyn\u0105 Pfizera i BioNTech.<\/p>\r\n<p>Zastanawia jednak, dlaczego \u2013 mimo posiadanej wiedzy w tym zakresie \u2013 nie informowano o mo\u017cliwo\u015bci wyst\u0105pienia anafilaksji. Reakcji alergicznych nie zaobserwowano w badaniach klinicznych, podczas kt\u00f3rych ponad 20 000 os\u00f3b zosta\u0142o zaszczepionych. Jednak <strong>osoby z histori\u0105 takich reakcji nie by\u0142y rekrutowane do test\u00f3w.<\/strong><\/p>\r\n<p>\u0179r\u00f3d\u0142o: rmf24.pl \/ mirror.co.uk<\/p>\r\n<p>PR<\/p>\r\n<p class=\"zrodlo\">Za: <a href=\"https:\/\/www.pch24.pl\/pierwsze-skutki-uboczne-szczepionki-na-covid--brytyjska-agencja-precyzuje-wytyczne,80502,i.html\">PoloniaChristiana &#8211; pch24.pl (2020-12-10)<\/a><\/p>\r\n<h4>&nbsp;<\/h4>\r\n<hr style=\"background-color: #000000; border-width: 0; color: #000000; height: 2px; line-height: 0; text-align: center; width: 100%;\">\r\n<h4>&nbsp;<\/h4>\r\n<h2>To dopiero pierwszy dzie\u0144, a ju\u017c pojawi\u0142o si\u0119 powa\u017cne przeciwwskazanie dla szczepionki Pfizera<\/h2>\r\n<p>We Wtorek rano zacz\u0119\u0142y si\u0119 w Wielkiej Brytanii szczepienia przeciwko koronawirusowi. Pacjentom podawany jest preparat firmy Pfizer\/BionTech. Ju\u017c w \u015brod\u0119 pojawi\u0142y si\u0119 w prasie informacje o mo\u017cliwych reakcjach alergicznych spowodowanych szczepionk\u0105.<\/p>\r\n<p>Narodowy Urz\u0105d Kontroli Lek\u00f3w (MHRA) odradza podawanie szczepionki Pfizer osobom, u kt\u00f3rych w przesz\u0142o\u015bci wyst\u0119powa\u0142y \u201eznacz\u0105ce\u201d reakcje alergiczne. Po pierwszym dniu szczepie\u0144 w Wielkiej Brytanii okaza\u0142o si\u0119, \u017ce u dw\u00f3ch spo\u015br\u00f3d stu zaszczepionych os\u00f3b wyst\u0105pi\u0142y reakcje alergiczne.<\/p>\r\n<p>\u201ePodobnie jak w przypadku nowych szczepionek, MHRA zaleci\u0142 jako \u015brodek zapobiegawczy, aby osoby, u kt\u00f3rych w przesz\u0142o\u015bci wyst\u0105pi\u0142y znacz\u0105ce reakcje alergiczne, nie otrzymywa\u0142y tego szczepienia po tym, jak dwie osoby, u kt\u00f3rych w przesz\u0142o\u015bci wyst\u0105pi\u0142y znacz\u0105ce reakcje alergiczne, zareagowa\u0142y wczoraj negatywnie. Obydwie osoby wracaj\u0105 do zdrowia\u201d \u2013 powiedzia\u0142 profesor Stephen Powis, National Medical Director of the National Health System (NHS) w Wielkiej Brytanii.<\/p>\r\n<p>Wielka Brytania wprowadzi\u0142a specjalne przepisy zrzucaj\u0105ce z koncernu Pfizer odpowiedzialno\u015b\u0107 za skutki uboczne szczepionki, a sam\u0105 akcj\u0119 rozpocz\u0119to jeszcze przed decyzj\u0105 Europejskiej Agencji Lek\u00f3w, opieraj\u0105c si\u0119 na pozwoleniu dopuszczenia do obrotu w nag\u0142ych przypadkach.<\/p>\r\n<p>\u0179r\u00f3d\u0142o: m.pl.investing.com\/<\/p>\r\n<p class=\"zrodlo\">Za: <a href=\"https:\/\/nczas.com\/2020\/12\/09\/to-dopiero-pierwszy-dzien-a-juz-pojawilo-sie-powazne-przeciwwskazanie-dla-szczepionki-pfizera\/\">Najwy\u017cszy Czas! (9 grudnia 2020)<\/a><\/p>\r\n<h4>&nbsp;<\/h4>\r\n<hr style=\"background-color: #000000; border-width: 0; color: #000000; height: 2px; line-height: 0; text-align: center; width: 100%;\">\r\n<h4>&nbsp;<\/h4>\r\n<h2>Szczepionka na koronawirusa. Dr Martyka: Cechy eksperymentu medycznego na wielk\u0105 skal\u0119<\/h2>\r\n<p>Dr Zbigniew Martyka na Facebooku odni\u00f3s\u0142 si\u0119 do w\u0105tpliwo\u015bci, kt\u00f3re pojawi\u0142y si\u0119 pod jego ostatnim wpisem dotycz\u0105cym szczepionki na koronawirusa.<\/p>\r\n<p>Dr Martyka kilka dni temu udost\u0119pni\u0142 wpis dotycz\u0105cy szczepionki na koronawirusa, kt\u00f3ry zosta\u0142 usuni\u0119ty przez Facebooka. Pisa\u0142 w nim m.in. u\u017cywaj\u0105c skr\u00f3towego okre\u015blenia, i\u017c \u201eszczepionka wp\u0142ywa na geny\u201d.<br>\r\nSzczepionka wp\u0142ywa na geny?<\/p>\r\n<p>Dr Zbigniew Martyka podkre\u015bla\u0142, \u017ce szczepionka b\u0119dzie nowatorska, gdy\u017c \u201epo raz pierwszy w historii ma to by\u0107 szczepionka wp\u0142ywaj\u0105ca na geny\u201d.<\/p>\r\n<p>Wiele os\u00f3b zarzuci\u0142o mu w tym momencie k\u0142amstwo. \u2013 Poniewa\u017c to okre\u015blenie budzi\u0142o niekiedy w\u0105tpliwo\u015bci, poni\u017cej kilka s\u0142\u00f3w wyja\u015bnienia: Autorzy cytowanego przeze mnie Apelu m\u00f3wili o zmianie ekspresji gen\u00f3w, czyli ich w\u0142\u0105czaniu i wy\u0142\u0105czaniu poprzez r\u00f3\u017cnorodne mechanizmy na poziomie kom\u00f3rkowym \u2013 pisze dr Martyka.<\/p>\r\n<p>\u2013 Chodzi m.in. o indukowanie lub hamowanie syntezy bia\u0142ek. Autorzy stwierdzaj\u0105, \u017ce nie mo\u017cna wykluczy\u0107, i\u017c wprowadzanie mRNA w szczepionce w celu \u201ezmuszenia\u201d kom\u00f3rki do syntezy wirusowego bia\u0142ka, nie wp\u0142ynie na t\u0119 kom\u00f3rk\u0119. Istnieje prawdopodobie\u0144stwo, \u017ce wprowadzona cz\u0105steczka RNA ulegnie przemianom w kom\u00f3rkach i b\u0119dzie reagowa\u0142a z innymi cz\u0105steczkami RNA cz\u0142owieka, wirus\u00f3w lub bakterii \u2013 dodaje.<\/p>\r\n<p>I wyja\u015bnia, \u017ce: Samo RNA te\u017c mo\u017ce ulec tzw. odwrotnej transkrypcji i zosta\u0107 w\u0142\u0105czone do genomu. Tak wi\u0119c negatywne nast\u0119pstwa mog\u0105 ujawni\u0107 si\u0119 po d\u0142u\u017cszym czasie.<br>\r\n\u201eCechy eksperymentu medycznego\u201d<\/p>\r\n<p>\u2013 By\u0107 mo\u017ce to mia\u0142 na my\u015bli tak\u017ce przeze mnie cytowany przedstawiciel Firmy AstraZeneca, gdy m\u00f3wi\u0142 , \u017ce dzia\u0142ania uboczne mog\u0142yby si\u0119 pojawi\u0107 np. po kilku latach (i dlatego firma nie mo\u017ce wzi\u0105\u0107 na siebie \u017cadnej odpowiedzialno\u015bci) \u2013 dodaje.<\/p>\r\n<p>\u2013 Te fakty t\u0142umaczy\u0107 mog\u0105 podsumowuj\u0105ce stwierdzenie wyra\u017cone w \u201eApelu naukowc\u00f3w i lekarzy\u201d, \u017ce zastosowanie wspomnianej szczepionki ma \u201ecechy eksperymentu medycznego na wielk\u0105 skal\u0119\u201d i wobec tego nie mo\u017cna twierdzi\u0107, \u017ce s\u0105 one bezpieczne \u2013 podkre\u015bla dr Martyka.<\/p>\r\n<p>\u2013 W odpowiedzi danej profesorowi Horbanowi, kt\u00f3ry krytycznie odni\u00f3s\u0142 si\u0119 do wspomnianego \u201eApelu\u201d profesorowie zaznaczyli, \u017ce \u201ew historii szczepie\u0144 istniej\u0105 przyk\u0142ady negatywnych skutk\u00f3w lekcewa\u017cenia ostrze\u017ce\u0144 naukowc\u00f3w, jak wspomniana w Apelu szczepionka przeciwko \u015bwi\u0144skiej grypie, czy te\u017c szczepionka RotaShielda na rotawirusy ameryka\u0144skiej firmy Wyeth\u201d \u2013 wskazuje lekarz.<\/p>\r\n<p class=\"zrodlo\">Za: <a href=\"https:\/\/nczas.com\/2020\/12\/10\/szczepionka-na-koronawirusa-dr-martyka-cechy-eksperymentu-medycznego-na-wielka-skale\/\">Najwy\u017cszy Czas! (10 grudnia 2020)<\/a><\/p>\r\n<h4>&nbsp;<\/h4>\r\n<hr style=\"background-color: #000000; border-width: 0; color: #000000; height: 2px; line-height: 0; text-align: center; width: 100%;\">\r\n<h4>&nbsp;<\/h4>\r\n<h2>Uwagi do\u015bwiadczonego pulmunologa &#8211; <em>Prof Maria Majewska&nbsp;<\/em><\/h2>\r\n<p>\u201ePoni\u017cej kilka wybranych \u015bwie\u017cych fakt\u00f3w nt. koronawirusa od prof. Piotra Kuny \u2013 pulmonologa, alergologa, Kierownika II Katedry Chor\u00f3b Wewn\u0119trznych Uniwersytetu Medycznego w \u0141odzi, Prezydenta Polskiego Towarzystwa Chor\u00f3b Metabolicznych. V-ce Prezydenta Polskiego Towarzystwa Chor\u00f3b Cywilizacyjnych, odznaczonego Z\u0142otym Krzy\u017cem Zas\u0142ugi oraz licznymi nagrodami rektorskimi.<\/p>\r\n<p>Na COVID-19 mamy do tej pory 100 tysi\u0119cy zachorowa\u0144. Kiedy chory na gryp\u0119 umiera, nie piszemy, \u017ce umar\u0142 na gryp\u0119, tylko, \u017ce umar\u0142 z powodu niewydolno\u015bci kr\u0105\u017ceniowej, zapalenia p\u0142uc \u2013 wpisujemy r\u00f3\u017cne rozpoznania, ale generalnie nie wpisuje si\u0119 grypy jako przyczyny \u015bmierci. Wiemy, \u017ce je\u015bli kto\u015b ma cukrzyc\u0119, niewydolno\u015b\u0107 nerek i zachoruje na gryp\u0119, to kombinacja grypy i przewlek\u0142ej choroby zawsze zwi\u0119ksza ryzyko. S\u0105 nawet takie pi\u0119kne badania i to polskie, z Uniwersytetu Jagiello\u0144skiego, z kt\u00f3rych wynika, \u017ce ryzyko udaru m\u00f3zgu u os\u00f3b choruj\u0105cych na gryp\u0119 wzrasta osiem razy, a udar potem zabija, podobnie z zawa\u0142em serca \u2013 ryzyko w grypie ro\u015bnie 10 razy i te\u017c si\u0119 umiera, ale na zawa\u0142. Z tych, kt\u00f3rzy dostan\u0105 udaru, prawie 40 procent umiera, ale jako przyczyn\u0119 zgonu wpisuje si\u0119 udar, a nie gryp\u0119. Natomiast, z COVID-19 zrobiono tak, \u017ce je\u015bli atakuje osob\u0119 z chorobami przewlek\u0142ymi i je\u015bli taka osoba umrze, a mia\u0142a wynik dodatni, to wpisuje si\u0119, \u017ce umar\u0142a na COVID-19.<\/p>\r\n<p>Podkre\u015blam wyra\u017anie, dodatni wynik na zara\u017cenie wirusem SARS-Cov-2 nie m\u00f3wi o tym, \u017ce kto\u015b jest chory na COVID-19. Gdyby\u015bmy dzisiaj zrobili wymazy Polakom, to o\u015bwiadczam pani, \u017ce 95 procent Polak\u00f3w ma gronkowca w nosie i gardle. Czy to znaczy, \u017ce oni choruj\u0105 na gronkowcowe zapalenie p\u0142uc? Nie, cz\u0119\u015b\u0107 z nich zapadnie na gronkowcowe zapalenie p\u0142uc, jasne, ale kto zapadnie? Ci, kt\u00f3rzy maj\u0105 s\u0142ab\u0105 odporno\u015b\u0107, ci, kt\u00f3rzy s\u0105 schorowani, ci, kt\u00f3rzy s\u0105 w grupie ryzyka, pozostali b\u0119d\u0105 tego gronkowca nosi\u0107 i nie zachoruj\u0105. Mamy ludzi, kt\u00f3rzy maj\u0105 w nosie i gardle wirusa SARS-COV2 i nie wywo\u0142uje u nich choroby. Problem oczywi\u015bcie, \u017ce inni si\u0119 od nich zara\u017c\u0105. Powiem tak: dop\u00f3ki 60, 70 procent spo\u0142ecze\u0144stwa nie zetknie si\u0119 z tym wirusem, to b\u0119dziemy mieli to, co mamy i tyle. I nic na to nie poradzimy.<\/p>\r\n<p>Zatracili\u015bmy jakikolwiek rozs\u0105dek. Rozmawia\u0142em z dziennikarzem jednej z wiod\u0105cych stacji telewizyjnych, kt\u00f3ry prowadzi programy informacyjne, m\u00f3wi\u0142 mi o ogromnym wzro\u015bcie ogl\u0105dalno\u015bci program\u00f3w informacyjnych, z kt\u00f3rego s\u0105 nies\u0142ychanie zadowoleni. A s\u0142uchacze oczekuj\u0105 negatywnych i z\u0142ych informacji, a szczeg\u00f3lnie oczekuj\u0105 strasznych informacji o COVID-19 i s\u0105 im te informacje dostarczane. Mam odczucie, \u017ce podobnie zachowuj\u0105 si\u0119 niekt\u00f3rzy politycy.<\/p>\r\n<p>Wirus SARS-COV2 wywo\u0142uje u niekt\u00f3rych pacjent\u00f3w zapalenie p\u0142uc o charakterze wirusowym. Podobne zapalenie p\u0142uc mog\u0105 wywo\u0142ywa\u0107 inne wirusy, takie jak wirus grypy, czy tak zwany wirus RSV. Nie jest to co\u015b wyj\u0105tkowego dla medycyny, mamy z takimi rzeczami do czynienia od dawna, tyle, \u017ce ten wirus jest nowy, wcze\u015bniej nie by\u0142 zidentyfikowany, ale zmiany, jakie wywo\u0142uje nie s\u0105, z punktu widzenia medycznego, czym\u015b nowym. Powiem wprost: w podr\u0119czniku chor\u00f3b zaka\u017anych, kt\u00f3ry mam z lat 70., czyli z czas\u00f3w, kiedy by\u0142em studentem medycyny \u2013 50 lat temu, opisywano dok\u0142adnie t\u0119 sam\u0105 chorob\u0119 i te same koronawirusy. Nic si\u0119 przez 50 lat w tej kwestii nie zmieni\u0142o. Tylko, kto pami\u0119ta, co by\u0142o w podr\u0119cznikach sprzed 50 lat?<\/p>\r\n<p>Perspektywa, \u017ce zostan\u0105 jakie\u015b trwa\u0142e zmiany w p\u0142ucach po przej\u015bciu SARS-COV2 jest wed\u0142ug obecnej wiedzy ma\u0142o prawdopodobna. Poza tym, je\u015bli kto\u015b przechoruje gronkowcowe zapalenie p\u0142uc lub zapalenie p\u0142uc pneumo-kokowe, czy zapalenie p\u0142uc grypowe, te\u017c ma zmiany w p\u0142ucach, kt\u00f3re si\u0119 utrzymuj\u0105 do roku czasu. Jeszcze raz m\u00f3wi\u0119: nic nowego, to jest zwyk\u0142e, wirusowe zapalenie p\u0142uc.<\/p>\r\n<p>Jest pi\u0119kna praca profesora patomorfologii z Hamburga, oczywi\u015bcie opublikowana \u2013 on zrobi\u0142 sekcje zw\u0142ok u ponad 100 os\u00f3b zmar\u0142ych na COVID-19 i podsumowa\u0142 to tak: na sto sekcji zw\u0142ok chorych, kt\u00f3rzy zmarli na COVID-19, ani jedna osoba nie zmar\u0142a w wyniku infekcji. One wszystkie umar\u0142y z powodu chor\u00f3b podstawowych, kt\u00f3re po prostu rozwin\u0119\u0142y si\u0119 jeszcze bardziej pod wp\u0142ywem infekcji wirusowej, tak jak te zawa\u0142y i udary po grypie. Przecie\u017c wiadomo, \u017ce je\u015bli ma pani dwie choroby, to b\u0119dzie pani chorowa\u0142a ci\u0119\u017cej, ale umiera pani z powodu choroby podstawowej, kt\u00f3ra wyniszcza\u0142a pani organizm przez wiele, wiele lat.<\/p>\r\n<p>Nie mo\u017cemy zaniedbywa\u0107 naszych pacjent\u00f3w, nale\u017cy dobrze leczy\u0107 nadci\u015bnienie, choroby p\u0142uc, cukrzyce itd. I bardzo pilnowa\u0107 pacjent\u00f3w, \u017ceby nie przestali bra\u0107 lek\u00f3w, \u017ceby nie popadli w l\u0119ki i obsesje. Nie mo\u017cna ludzi zostawia\u0107 bez opieki. Mamy dowody naukowe, \u017ce ludzie samotni maj\u0105 du\u017co wi\u0119ksze ryzyko zgonu z powodu COVID-19 od os\u00f3b \u017cyj\u0105cych w parach lub mieszkaj\u0105cych z rodzin\u0105. Samotno\u015b\u0107, brak czu\u0142o\u015bci koszmarnie niszczy nasz\u0105 odporno\u015b\u0107 przeciwwirusow\u0105 i to w ka\u017cdym wieku.<\/p>\r\n<p>Na \u015bwiecie, w \u017cyciu, polityce zaczynaj\u0105 dominowa\u0107 teorie spiskowe, a nie twarde argumenty naukowc\u00f3w. Prosz\u0119 zobaczy\u0107, co si\u0119 teraz dzieje w Szwecji. Tam postanowiono doprowadzi\u0107 do odporno\u015bci stadnej. M\u00f3wiono, \u017ce jest mn\u00f3stwo zgon\u00f3w, mn\u00f3stwo zachorowa\u0144 i co? Wszystko stan\u0119\u0142o w miejscu. Zrobiono to, co nale\u017ca\u0142o zrobi\u0107 i teraz wszystkie kraje, kt\u00f3re si\u0119 izolowa\u0142y wyprzedzaj\u0105 Szwecj\u0119 pod wzgl\u0119dem liczby zachorowa\u0144 i zgon\u00f3w. Szwecja stoi w miejscu, bo tam osi\u0105gni\u0119to cel. Pragmatyzm. Niech pani popatrzy na Finlandi\u0119, na Kore\u0119, na Tajwan, na Singapur, tam nie by\u0142o takich obostrze\u0144 \u2013 owszem, ludzie si\u0119 zara\u017caj\u0105, ale nie ma tylu ci\u0119\u017ckich przypadk\u00f3w i zgon\u00f3w, jak w tych krajach, kt\u00f3re wprowadzi\u0142y ostre zasady izolacji.<\/p>\r\n<p>Grypy od COVID-19 ju\u017c nie odr\u00f3\u017cnimy. Wi\u0119c je\u015bli mamy takie objawy, jak gor\u0105czka, b\u00f3le mi\u0119\u015bni, os\u0142abienie, kaszel, to natychmiast musimy wzi\u0105\u0107 lek na gryp\u0119, natychmiast, bo prawdopodobie\u0144stwo, \u017ce zarazili\u015bmy si\u0119 gryp\u0105, a nie COVID-19 jest sto razy wi\u0119ksze. Trzeba wi\u0119c wzi\u0105\u0107 lek na gryp\u0119 jak najszybciej. Dlaczego? Bo on dzia\u0142a tylko w ci\u0105gu pierwszych 24 godzin od pojawienia si\u0119 objaw\u00f3w, je\u015bli si\u0119 sp\u00f3\u017animy z tym lekiem, to on ju\u017c nie zadzia\u0142a. Ale najwa\u017cniejsze, zachowajmy spok\u00f3j, nie panikujmy. W naszym otoczeniu jest wed\u0142ug opinii naukowc\u00f3w oko\u0142o 200 miliard\u00f3w drobnoustroj\u00f3w, po\u0142ykamy je, wdychamy, wcieramy w sk\u00f3r\u0119 i \u017cyjemy. Cz\u0142owiek w czasie ewolucji prze\u017cy\u0142 setki takich pandemii. Ka\u017cda pandemia wzmacnia nas jako ras\u0119, a ta spowoduje co\u015b jeszcze \u2013 mamy szans\u0119 w ko\u0144cu opracowa\u0107 skuteczne leki na choroby wirusowe. Je\u015bli to si\u0119 stanie, to b\u0119dzie to jedno z najwi\u0119kszych odkry\u0107 w medycynie, podobnie jak odkrycie antybiotyk\u00f3w.\u201d<\/p>\r\n<p><strong><em>Prof. Maria Majewska<\/em><\/strong><\/p>\r\n<p class=\"zrodlo\">Za: <a href=\"https:\/\/wolna-polska.pl\/wiadomosci\/prof-m-majewska-uwagi-doswiadczonego-pulmunologa-2020-12\">wolna-polska.pl (10 grudnia, 2020)<\/a><\/p>\r\n<h4>&nbsp;<\/h4>\r\n<hr style=\"background-color: #000000; border-width: 0; color: #000000; height: 2px; line-height: 0; text-align: center; width: 100%;\">\r\n<h4>&nbsp;<\/h4>","protected":false},"excerpt":{"rendered":"Brytyjska agencja ds. regulacji lek\u00f3w (MHRA) odradza poddanie si\u0119 szczepieniu preparatem Pfizera i BioNTech osobom, kt\u00f3re wcze\u015bniej w \u017cyciu do\u015bwiadczy\u0142y anafilaksji. Decyzja nast\u0105pi\u0142a po zaobserwowaniu u dw\u00f3ch pracownik\u00f3w s\u0142u\u017cby zdrowia silnej reakcji alergicznej po podaniu szczepionki. Wcze\u015bniej MHRA przestrzega\u0142a przed wyst\u0105pieniem reakcji alergicznych, jednak bez wyszczeg\u00f3lniania anafilaksji \u2013 reakcji alergicznej w skrajnych przypadkach zagra\u017caj\u0105cej \u017cyciu. [&hellip;]","protected":false},"author":1,"featured_media":0,"comment_status":"closed","ping_status":"closed","sticky":false,"template":"","format":"standard","meta":{"_acf_changed":false,"_monsterinsights_skip_tracking":false,"_monsterinsights_sitenote_active":false,"_monsterinsights_sitenote_note":"","_monsterinsights_sitenote_category":0,"ngg_post_thumbnail":0,"footnotes":"","_wp_rev_ctl_limit":""},"categories":[451],"tags":[433,105,20],"acf":[],"_links":{"self":[{"href":"https:\/\/www.bibula.com\/index.php?rest_route=\/wp\/v2\/posts\/121228"}],"collection":[{"href":"https:\/\/www.bibula.com\/index.php?rest_route=\/wp\/v2\/posts"}],"about":[{"href":"https:\/\/www.bibula.com\/index.php?rest_route=\/wp\/v2\/types\/post"}],"author":[{"embeddable":true,"href":"https:\/\/www.bibula.com\/index.php?rest_route=\/wp\/v2\/users\/1"}],"replies":[{"embeddable":true,"href":"https:\/\/www.bibula.com\/index.php?rest_route=%2Fwp%2Fv2%2Fcomments&post=121228"}],"version-history":[{"count":1,"href":"https:\/\/www.bibula.com\/index.php?rest_route=\/wp\/v2\/posts\/121228\/revisions"}],"predecessor-version":[{"id":121229,"href":"https:\/\/www.bibula.com\/index.php?rest_route=\/wp\/v2\/posts\/121228\/revisions\/121229"}],"wp:attachment":[{"href":"https:\/\/www.bibula.com\/index.php?rest_route=%2Fwp%2Fv2%2Fmedia&parent=121228"}],"wp:term":[{"taxonomy":"category","embeddable":true,"href":"https:\/\/www.bibula.com\/index.php?rest_route=%2Fwp%2Fv2%2Fcategories&post=121228"},{"taxonomy":"post_tag","embeddable":true,"href":"https:\/\/www.bibula.com\/index.php?rest_route=%2Fwp%2Fv2%2Ftags&post=121228"}],"curies":[{"name":"wp","href":"https:\/\/api.w.org\/{rel}","templated":true}]}}