{"id":121202,"date":"2020-12-12T17:29:07","date_gmt":"2020-12-12T22:29:07","guid":{"rendered":"https:\/\/www.bibula.com\/?p=121202"},"modified":"2020-12-12T17:29:07","modified_gmt":"2020-12-12T22:29:07","slug":"belgia-na-wniosek-zydow-sedziowie-uchylili-zakaz-liturgii","status":"publish","type":"post","link":"https:\/\/www.bibula.com\/?p=121202","title":{"rendered":"Belgia: na wniosek \u017cyd\u00f3w, s\u0119dziowie uchylili zakaz liturgii"},"content":{"rendered":"<p><strong>Belgia jest ju\u017c trzecim po Francji i Szwajcarii krajem w Europie, w kt\u00f3rym s\u0119dziowie zarzucili w\u0142adzy wykonawczej nadmierne ograniczanie wolno\u015bci religijnej pod pretekstem walki z pandemi\u0105. Decyzj\u0105 tamtejszej Rady Stanu rz\u0105d w Brukseli ma czas do 13 grudnia, by z\u0142agodzi\u0107 obowi\u0105zuj\u0105ce obostrzenia sanitarne. Przewiduj\u0105 one ca\u0142kowity zakaz zgromadze\u0144 religijnych a\u017c do 15 stycznia.<\/strong><\/p>\r\n<p>Decyzja Rady Stanu to zas\u0142uga wsp\u00f3lnoty \u017cydowskiej w Antwerpii, kt\u00f3ra z\u0142o\u017cy\u0142a za\u017calenie, twierdz\u0105c, \u017ce rz\u0105dowe obostrzenia naruszaj\u0105 wolno\u015b\u0107 religijn\u0105 zagwarantowan\u0105 przez belgijsk\u0105 konstytucj\u0119 z 1831 r. oraz Europejsk\u0105 Konwencj\u0119 Praw Cz\u0142owieka. Belgijscy \u017cydzi przypominaj\u0105, \u017ce nawet podczas wojny sprawowanie Eucharystii nie by\u0142o zakazane. Ich zdaniem w\u0142adza wykonawcza nie bierze pod uwag\u0119 wymog\u00f3w \u017cycia religijnego. Przy obecnych obostrzeniach katolicy nie mog\u0105 przyjmowa\u0107 Komunii, a ortodoksyjne wsp\u00f3lnoty \u017cydowskie nie mog\u0105 prowadzi\u0107 ceremonii religijnych, bo wymagaj\u0105 one fizycznej obecno\u015bci dziesi\u0119ciu m\u0119\u017cczyzn. We wsp\u00f3lnotach ortodoksyjnych zakazane jest ponadto nagrywanie modl\u0105cych si\u0119 os\u00f3b. \u017bydzi z Antwerpii przypominaj\u0105, \u017ce surowe obostrzenia sanitarne wprowadzono w\u0142a\u015bnie teraz, gdy ludzie na skutek pandemii bardziej potrzebuj\u0105 wsparcia duchowego, a \u017cydzi ichrze\u015bcijanie przygotowuj\u0105 si\u0119 do prze\u017cywania \u015bwi\u0105t (Chanuka i Bo\u017ce Narodzenie), kt\u00f3re s\u0105 obchodzone od ponad 2 tys. lat.<\/p>\r\n<p>Przychylaj\u0105c si\u0119 do wniosku belgijskich \u017cyd\u00f3w, s\u0119dziowie z Rady Stanu zobowi\u0105zuj\u0105 rz\u0105d do przeprowadzenia konsultacji z r\u00f3\u017cnymi wsp\u00f3lnotami wyznaniowymi i wprowadzenia obostrze\u0144, kt\u00f3re nie b\u0119d\u0105 bezwzgl\u0119dne, lecz proporcjonalne do zagro\u017cenia i zastosowanych \u015brodk\u00f3w bezpiecze\u0144stwa. Dotyczy to r\u00f3wnie\u017c Ko\u015bcio\u0142a katolickiego. M\u00f3wi rzecznik Episkopatu Belgii ks. Tommy Scholt\u00e8s SJ.<\/p>\r\n<p>\u201ePrzez wszystkie te tygodnie, kiedy nie mogli\u015bmy sprawowa\u0107 Eucharystii, Episkopat by\u0142 zdania, \u017ce trzeba uszanowa\u0107 te zasady, czyli powstrzyma\u0107 si\u0119 czasowo od sprawowania liturgii, ze wszystkimi bolesnymi tego konsekwencjami. Mam tu na my\u015bli dotkliwy brak, czy wr\u0119cz g\u0142\u00f3d Eucharystii. Jeste\u015bmy jednak \u015bwiadomi, \u017ce sytuacja sanitarna w Belgii nie jest dobra. Nale\u017cy unika\u0107 wielkich zgromadze\u0144. Musimy pozosta\u0107 bardzo ostro\u017cni \u2013 powiedzia\u0142 Radiu Watyka\u0144skiemu ks. Tommy Scholt\u00e8s SJ. \u2013 W rozmowach z w\u0142adzami Episkopat zaproponuje rz\u0105dowi stosowanie zasad bezpiecze\u0144stwa, kt\u00f3re obowi\u0105zywa\u0142y w lecie. Wtedy limity wynosi\u0142y 100, a potem 200 os\u00f3b na liturgii. Wiemy jednak, \u017ce dzi\u015b statystki nie s\u0105 dobre, musimy by\u0107 tego \u015bwiadomi. Mamy nadziej\u0119, \u017ce we wsp\u00f3\u0142pracy z rz\u0105dem uda si\u0119 nam wypracowa\u0107 jakie\u015b rozwi\u0105zanie. Dzi\u015b ko\u015bcio\u0142y s\u0105 otwarte i odwiedza je ca\u0142kiem du\u017co ludzi, by si\u0119 pomodli\u0107 czy uczestniczy\u0107 w adoracji. Je\u015bli na Bo\u017ce Narodzenie b\u0119dzie mo\u017cna odprawia\u0107 Msze, wtedy limit powinien by\u0107 proporcjonalny do wzmo\u017conego zainteresowania wiernych, inaczej b\u0119dziemy mie\u0107 problemy z organizacj\u0105 liturgii.\u201c<\/p>\r\n<p><em><strong>Krzysztof Bronk<\/strong> &#8211; Watykan<\/em><\/p>\r\n<p class=\"zrodlo\">Za: <a href=\"https:\/\/www.vaticannews.va\/pl\/swiat\/news\/2020-12\/belgia-na-wniosek-zydow-sedziowie-uchylili-zakaz-liturgii.html\">VaticanNews (10 grudnia 2020)<\/a><\/p>\r\n<h4>&nbsp;<\/h4>\r\n<hr style=\"background-color: #000000; border-width: 0; color: #000000; height: 2px; line-height: 0; text-align: center; width: 100%;\">\r\n<h4>&nbsp;<\/h4>\r\n<blockquote>\r\n<p><strong>KOMENTARZ <em>BIBU\u0141Y<\/em><\/strong>: Powstaje proste pytanie: dlaczego katoliccy biskupi nie wyst\u0119puj\u0105 z podobnymi wnioskami, nie wyst\u0119puj\u0105 zbiorowo, jak pokazali to \u017bydzi, kt\u00f3rzy jako wsp\u00f3lnota \u017cydowska z\u0142o\u017cyli za\u017calenie do s\u0105du. S\u0105d rozpatrzy\u0142 i sprawa zosta\u0142a wygrana. Gdyby katoliccy biskupi wyst\u0105pili jako przedstawiciele zarejestrowanej instytucji jak\u0105 jest Ko\u015bci\u00f3\u0142 katolicki w Belgii, z pewno\u015bci\u0105 ich si\u0142a sprawi\u0142aby, \u017ce wniosek by\u0142by rozpatrzony szybko, sprawnie, a mo\u017ce i pozytywnie. Ale w\u0142a\u015bnie&#8230;. Czy znaczy to, \u017ce rozpatrzenie &#8222;pozytywne&#8221;, czyli w postaci zdj\u0119cia restrykcji by\u0142oby po my\u015bli wsp\u00f3\u0142czesnych apostat\u00f3w? Niestety, wyja\u015bniaj\u0105 te w\u0105tpliwo\u015bci przytoczone s\u0142owa jezuity, kt\u00f3ry m\u00f3wi, \u017ce &#8222;<em>Episkopat by\u0142 zdania, \u017ce <strong>trzeba uszanowa\u0107 te zasady, czyli powstrzyma\u0107 si\u0119 czasowo od sprawowania liturgii<\/strong>, ze wszystkimi bolesnymi tego konsekwencjami.<\/em>&#8221; Czyli, apostaci uwierzyli na s\u0142owo tzw. ekspertom z WHO, potem z CDC, potem lokalnym papugom z tytu\u0142ami naukowymi powtarzaj\u0105cym bez zastanowienia brednie sp\u0142ywaj\u0105ce sk\u0105d\u015b z g\u00f3ry, i na tej podstawie pozamykali ko\u015bcio\u0142y. Zreszt\u0105, poza zmniejszaj\u0105c\u0105 si\u0119 kas\u0105, same zyski, bo i mniej roboty.<\/p>\r\n<\/blockquote>\r\n<h4>&nbsp;<\/h4>\r\n<hr style=\"background-color: #000000; border-width: 0; color: #000000; height: 2px; line-height: 0; text-align: center; width: 100%;\">\r\n<h4>&nbsp;<\/h4>","protected":false},"excerpt":{"rendered":"Belgia jest ju\u017c trzecim po Francji i Szwajcarii krajem w Europie, w kt\u00f3rym s\u0119dziowie zarzucili w\u0142adzy wykonawczej nadmierne ograniczanie wolno\u015bci religijnej pod pretekstem walki z pandemi\u0105. Decyzj\u0105 tamtejszej Rady Stanu rz\u0105d w Brukseli ma czas do 13 grudnia, by z\u0142agodzi\u0107 obowi\u0105zuj\u0105ce obostrzenia sanitarne. Przewiduj\u0105 one ca\u0142kowity zakaz zgromadze\u0144 religijnych a\u017c do 15 stycznia. Decyzja Rady [&hellip;]","protected":false},"author":1,"featured_media":0,"comment_status":"closed","ping_status":"closed","sticky":false,"template":"","format":"standard","meta":{"_acf_changed":false,"_monsterinsights_skip_tracking":false,"_monsterinsights_sitenote_active":false,"_monsterinsights_sitenote_note":"","_monsterinsights_sitenote_category":0,"ngg_post_thumbnail":0,"footnotes":"","_wp_rev_ctl_limit":""},"categories":[451,6],"tags":[250,433,60,18,20,33],"acf":[],"_links":{"self":[{"href":"https:\/\/www.bibula.com\/index.php?rest_route=\/wp\/v2\/posts\/121202"}],"collection":[{"href":"https:\/\/www.bibula.com\/index.php?rest_route=\/wp\/v2\/posts"}],"about":[{"href":"https:\/\/www.bibula.com\/index.php?rest_route=\/wp\/v2\/types\/post"}],"author":[{"embeddable":true,"href":"https:\/\/www.bibula.com\/index.php?rest_route=\/wp\/v2\/users\/1"}],"replies":[{"embeddable":true,"href":"https:\/\/www.bibula.com\/index.php?rest_route=%2Fwp%2Fv2%2Fcomments&post=121202"}],"version-history":[{"count":3,"href":"https:\/\/www.bibula.com\/index.php?rest_route=\/wp\/v2\/posts\/121202\/revisions"}],"predecessor-version":[{"id":121223,"href":"https:\/\/www.bibula.com\/index.php?rest_route=\/wp\/v2\/posts\/121202\/revisions\/121223"}],"wp:attachment":[{"href":"https:\/\/www.bibula.com\/index.php?rest_route=%2Fwp%2Fv2%2Fmedia&parent=121202"}],"wp:term":[{"taxonomy":"category","embeddable":true,"href":"https:\/\/www.bibula.com\/index.php?rest_route=%2Fwp%2Fv2%2Fcategories&post=121202"},{"taxonomy":"post_tag","embeddable":true,"href":"https:\/\/www.bibula.com\/index.php?rest_route=%2Fwp%2Fv2%2Ftags&post=121202"}],"curies":[{"name":"wp","href":"https:\/\/api.w.org\/{rel}","templated":true}]}}