{"id":121188,"date":"2020-12-12T17:22:50","date_gmt":"2020-12-12T22:22:50","guid":{"rendered":"https:\/\/www.bibula.com\/?p=121188"},"modified":"2020-12-12T17:22:50","modified_gmt":"2020-12-12T22:22:50","slug":"nie-milkna-echa-przerwanego-meczu-psg-demba-ba-jako-nowa-ikona-walki-z-rasizmem","status":"publish","type":"post","link":"https:\/\/www.bibula.com\/?p=121188","title":{"rendered":"Nie milkn\u0105 echa przerwanego meczu PSG. Demba Ba jako nowa ikona walki z rasizmem"},"content":{"rendered":"<p>Pojawi\u0142a si\u0119 nowa ikona walki z rasizmem. Chodzi o pi\u0142karza Demba Ba i incydent z meczu PSG z tureckim Basaksehirem. To Demba Ba zwr\u00f3ci\u0142 uwag\u0119 na s\u0142owa rumu\u0144skiego arbitra bocznego o \u201enegru\u201d i doprowadzi\u0142 do przerwania meczu.<\/p>\r\n<p><img fetchpriority=\"high\" decoding=\"async\" class=\"aligncenter\" src=\"https:\/\/nczas.com\/wp-content\/uploads\/2020\/12\/Nwoa-ikona-walki-z-rasizmem-Demba-Ba-Fot.-Wikipedia-696x464.jpg\" width=\"594\" height=\"396\"><\/p>\r\n<p style=\"text-align: center;\"><em>&#8222;Nowa ikona&#8221; walki z rasizmem Demba Ba Fot. Wikipedia<\/em><\/p>\r\n<p>Dogrywk\u0119 poprowadzili ju\u017c s\u0119dziowie z Polski, kt\u00f3rzy przyk\u0142adnie razem z pi\u0142karzami obydwu dru\u017cyn ukl\u0119kn\u0119li na jedno kolano, jak na zwolennik\u00f3w ruchu Black Lives Matter przysta\u0142o. Ca\u0142y mecz sta\u0142 si\u0119 \u201eantyrasistowskim\u201d spektaklem, a Demba Ba \u201ebohaterem walki z rasizmem\u201d, cz\u0142owiekiem \u201ekt\u00f3ry wszcz\u0105\u0142 bunt\u201d, dokona\u0142 \u201ebohaterskiego czynu\u201d i cz\u0142owiekiem, kt\u00f3ry poczyni\u0142 \u201edu\u017cy krok dla ludzko\u015bci\u201d. To wszystko tytu\u0142y francuskich medi\u00f3w.<\/p>\r\n<p><span class=\"pullquote\"><!-- Rumu\u0144ski s\u0119dzia wypowiedzia\u0142 tylko s\u0142owo 'negru', czyli 'czarny' po rumu\u0144sku i nie r\u00f3\u017cni si\u0119 to niczym od innych okre\u015ble\u0144 jak bia\u0142y, gruby, wysoki, chudy, etc. Nie ma tu konotacji rasistowskiej --><\/span><\/p>\r\n<p>Przypomnijmy, \u017ce posz\u0142o o zamieszanie na \u0142awce trenerskiej. S\u0119dzia techniczny wskaza\u0142 na sprawc\u0119 i u\u017cy\u0142 po rumu\u0144sku okre\u015blenia czarnosk\u00f3ry. Powstaje pytanie, czy gdyby asystent trenera Pierre Web\u00f3 by\u0142 bia\u0142y i sta\u0142 w\u015br\u00f3d kilku os\u00f3b czarnych, to s\u0119dzia wskazuj\u0105c go, u\u017cy\u0142by zwrotu \u201eto ten bia\u0142y\u201d? Zapewne tak.<\/p>\r\n<p>Kim jednak jest dzielny Demba Ba, maj\u0105cy korzenie w Senegalu pi\u0142karz \u0130stanbul Ba\u015fak\u015fehir? Przez lata gra\u0142 we Francji, gdzie si\u0119 te\u017c urodzi\u0142. Teraz przekona\u0142 zawodnik\u00f3w obu dru\u017cyn do powrotu do szatni po tym skandalu ze s\u0142owem \u201enegru\u201d. S\u0119dzia pob\u0142\u0105dzi\u0142 i zapomnia\u0142 o politycznej poprawno\u015bci. Jednak widok oburzenia na jego post\u0119powanie ze strony Demby Ba budzi u\u015bmiech politowania.<\/p>\r\n<p>Ten sam pi\u0142karz bowiem 2 kwietnia pisa\u0142 na Twitterze: \u201eWitamy na Zachodzie, gdzie biali ludzie my\u015bl\u0105, \u017ce s\u0105 na tyle lepsi, \u017ce rasizm staje si\u0119 powszechny (\u2026) Bia\u0142y to spos\u00f3b na okre\u015blenie kogo\u015b kolorem sk\u00f3ry\u201d. W tym wpisie jako\u015b kolory mu nie przeszkadza\u0142y.<\/p>\r\n<p>W czerwcu tego roku Demba Ba zaatakowa\u0142 publicyst\u0119 Erica Zemmoura. Tam u\u017cywa\u0142 formu\u0142y o \u201eczarnym cz\u0142owieku\u201d. Od lat wspiera te\u017c by\u0142ego pi\u0142karza Liliana Thurama, \u201etwarz\u201d anty-bia\u0142ego rasizmu.<\/p>\r\n<p>Urodzony we Francji, wybra\u0142 gr\u0119 dla dru\u017cyny Senegalu, do kt\u00f3rej powo\u0142a\u0142 go zreszt\u0105 \u00f3wczesny selekcjoner tej kadry Henryk Kasperczak. Znany jest ze spo\u0142ecznego zaanga\u017cowania jako wierz\u0105cy muzu\u0142manin. W 2013 roku te\u017c podnosi\u0142 bunt i nie chcia\u0142 za\u0142o\u017cy\u0107 nowej koszulki klubu Newcastle.<\/p>\r\n<p>Posz\u0142o o sponsora \u201eWonga\u201d, firm\u0119 kredytow\u0105. Szariat, czyli prawo islamskie zakazuje zaci\u0105gania po\u017cyczek na kredyt. W 2014 roku, b\u0119d\u0105c ju\u017c w Chelsea, wystawi\u0142 swoj\u0105 koszulk\u0119 na sprzeda\u017c na aukcji, a doch\u00f3d przeznaczy\u0142 na Kolektyw przeciwko islamofobii we Francji (CCIF), dzisiaj uwa\u017cany za organizacj\u0119 wspieraj\u0105c\u0105 \u201eseparatyzm islamistyczny\u201d.<\/p>\r\n<p>W 2017 r., razem z Nicolasem Anelk\u0105, finansowa\u0142 Panafryka\u0144skie Stowarzyszenie Kryzysowe utworzone przez K\u00e9mi Seb\u0119, tzw. \u201eantykolonialist\u0119\u201d, aktywist\u0119 z kilkoma wyrokami za antysemityzm.<\/p>\r\n<p>We Francji g\u0142os w obronie s\u0119dziego z Rumunii zabra\u0142 m.in. wspomniany publicysta Eric Zemmour. Stwierdzi\u0142, \u017ce oskar\u017cenia o rasizm s\u0105 dzi\u015b nadu\u017cywane. Wydarzenie z \u201epozornie rasistowsk\u0105 histori\u0105\u201d pos\u0142u\u017cy\u0142o do aktu propagandowego.<\/p>\r\n<p>Wed\u0142ug Zemmoura \u201erasizm\u201d sta\u0142 si\u0119 s\u0142owem, kt\u00f3re ju\u017c nic nie znaczy. Zwykle jest to teoria, \u017ce \u200b\u200bjedna rasa jest lepsza od drugiej. Suprematy\u015bci pojawiaj\u0105 si\u0119 w\u015br\u00f3d rasy bia\u0142ej, czarnej i azjatyckiej. Jest ich jednak niewielu. \u201eRasizm sta\u0142 si\u0119 nieco mglistym wyra\u017ceniem, kt\u00f3re ju\u017c niewiele znaczy\u201d \u2013 twierdzi \u00c9ric Zemmour, powo\u0142uj\u0105c si\u0119 na Claude\u2019a L\u00e9vi-Straussa.<\/p>\r\n<p>Wed\u0142ug Erica Zemmoura, <strong>rumu\u0144ski s\u0119dzia wypowiedzia\u0142 tylko s\u0142owo \u201enegru\u201d, czyli \u201eczarny\u201d po rumu\u0144sku i nie r\u00f3\u017cni si\u0119 to niczym od innych okre\u015ble\u0144 jak bia\u0142y, gruby, wysoki, chudy, etc. Nie ma tu konotacji rasistowskiej<\/strong>, ale zwyk\u0142e wskazanie cechy wyr\u00f3\u017cniaj\u0105cej kogo\u015b z grupy. To definicja, a dopiero polit-poprawna nadinterpretacja czyni z niej \u201eobraz\u0119\u201d.<\/p>\r\n<blockquote class=\"twitter-tweet\">\r\n<p dir=\"ltr\" lang=\"fr\">? King Zemmour d\u00e9voile en direct dans <a href=\"https:\/\/twitter.com\/hashtag\/Facealinfo?src=hash&amp;ref_src=twsrc%5Etfw\">#Facealinfo<\/a> le vrai visage de <a href=\"https:\/\/twitter.com\/dembabafoot?ref_src=twsrc%5Etfw\">@dembabafoot<\/a>&#8230; <a href=\"https:\/\/twitter.com\/hashtag\/PSGIBKF?src=hash&amp;ref_src=twsrc%5Etfw\">#PSGIBKF<\/a> <a href=\"https:\/\/t.co\/AnNPmOQlrg\">pic.twitter.com\/AnNPmOQlrg<\/a><\/p>\r\n\r\n\u2014 Damien Rieu (@DamienRieu) <a href=\"https:\/\/twitter.com\/DamienRieu\/status\/1337131671871762433?ref_src=twsrc%5Etfw\">December 10, 2020<\/a><\/blockquote>\r\n<p><script async=\"\" src=\"https:\/\/platform.twitter.com\/widgets.js\" charset=\"utf-8\"><\/script><\/p>\r\n<p>\u0179r\u00f3d\u0142o: Valeurs Actuelles<\/p>","protected":false},"excerpt":{"rendered":"Pojawi\u0142a si\u0119 nowa ikona walki z rasizmem. Chodzi o pi\u0142karza Demba Ba i incydent z meczu PSG z tureckim Basaksehirem. To Demba Ba zwr\u00f3ci\u0142 uwag\u0119 na s\u0142owa rumu\u0144skiego arbitra bocznego o \u201enegru\u201d i doprowadzi\u0142 do przerwania meczu. &#8222;Nowa ikona&#8221; walki z rasizmem Demba Ba Fot. Wikipedia Dogrywk\u0119 poprowadzili ju\u017c s\u0119dziowie z Polski, kt\u00f3rzy przyk\u0142adnie razem [&hellip;]","protected":false},"author":1,"featured_media":0,"comment_status":"closed","ping_status":"closed","sticky":false,"template":"","format":"standard","meta":{"_acf_changed":false,"_monsterinsights_skip_tracking":false,"_monsterinsights_sitenote_active":false,"_monsterinsights_sitenote_note":"","_monsterinsights_sitenote_category":0,"ngg_post_thumbnail":0,"footnotes":"","_wp_rev_ctl_limit":""},"categories":[12],"tags":[25,31,249,20,213],"acf":[],"_links":{"self":[{"href":"https:\/\/www.bibula.com\/index.php?rest_route=\/wp\/v2\/posts\/121188"}],"collection":[{"href":"https:\/\/www.bibula.com\/index.php?rest_route=\/wp\/v2\/posts"}],"about":[{"href":"https:\/\/www.bibula.com\/index.php?rest_route=\/wp\/v2\/types\/post"}],"author":[{"embeddable":true,"href":"https:\/\/www.bibula.com\/index.php?rest_route=\/wp\/v2\/users\/1"}],"replies":[{"embeddable":true,"href":"https:\/\/www.bibula.com\/index.php?rest_route=%2Fwp%2Fv2%2Fcomments&post=121188"}],"version-history":[{"count":2,"href":"https:\/\/www.bibula.com\/index.php?rest_route=\/wp\/v2\/posts\/121188\/revisions"}],"predecessor-version":[{"id":121191,"href":"https:\/\/www.bibula.com\/index.php?rest_route=\/wp\/v2\/posts\/121188\/revisions\/121191"}],"wp:attachment":[{"href":"https:\/\/www.bibula.com\/index.php?rest_route=%2Fwp%2Fv2%2Fmedia&parent=121188"}],"wp:term":[{"taxonomy":"category","embeddable":true,"href":"https:\/\/www.bibula.com\/index.php?rest_route=%2Fwp%2Fv2%2Fcategories&post=121188"},{"taxonomy":"post_tag","embeddable":true,"href":"https:\/\/www.bibula.com\/index.php?rest_route=%2Fwp%2Fv2%2Ftags&post=121188"}],"curies":[{"name":"wp","href":"https:\/\/api.w.org\/{rel}","templated":true}]}}