{"id":121176,"date":"2020-12-12T14:56:37","date_gmt":"2020-12-12T19:56:37","guid":{"rendered":"https:\/\/www.bibula.com\/?p=121176"},"modified":"2020-12-12T14:56:37","modified_gmt":"2020-12-12T19:56:37","slug":"prof-simon-wzywa-do-zamkniecia-kosciolow-mowi-o-religizmie-i-fanatyzmie-religijnym","status":"publish","type":"post","link":"https:\/\/www.bibula.com\/?p=121176","title":{"rendered":"Prof. Simon wzywa do zamkni\u0119cia ko\u015bcio\u0142\u00f3w. M\u00f3wi o \u201ereligizmie\u201d i \u201efanatyzmie religijnym\u201d"},"content":{"rendered":"<p><strong>Dolno\u015bl\u0105ski konsultant w dziedzinie chor\u00f3b zaka\u017anych prof. Krzysztof Simon by\u0142 pytany w TVN24 o opini\u0119 na temat postulatu o zwi\u0119kszenia ilo\u015bci wiernych w ko\u015bcio\u0142ach. \u2013 <em>W normalnym kraju by zamkn\u0119li ko\u015bcio\u0142y, zamkn\u0119liby pogrzeby, zamkn\u0119liby wesela<\/em> \u2013 stwierdzi\u0142.<\/strong><\/p>\r\n<p>Przewodnicz\u0105cy Konferencji Episkopatu Polski abp Stanis\u0142aw G\u0105decki prosi\u0142 w li\u015bcie skierowanym do premiera Mateusza Morawieckiego o zwi\u0119kszenie limitu wiernych, kt\u00f3rzy mog\u0105 bra\u0107 udzia\u0142 w mszy \u015bw. Wed\u0142ug obecnych przepis\u00f3w w ko\u015bcio\u0142ach mo\u017ce w tej chwili przebywa\u0107 1 osoba na 15 m2. Hierarcha zasugerowa\u0142 limit 7m2 na osob\u0105. Premier ju\u017c zasugerowa\u0142, \u017ce zmiany limit\u00f3w przed Bo\u017cym Narodzeniem nie s\u0105 planowane.<\/p>\r\n<p>Prof. Simon w TVN24, pytany o ocen\u0119 tego postulatu przewodnicz\u0105cego KEP, stwierdzi\u0142, \u017ce \u201efanatyzm religijny\u201d nie mo\u017ce \u201eprzewa\u017ca\u0107 nad zdrowym rozs\u0105dkiem\u201d.<\/p>\r\n<p>\u2013 <em>Ja w og\u00f3le jestem przeciwnikiem wszelkich uroczysto\u015bci w zamkni\u0119tych pomieszczeniach. Ma by\u0107 jak najbardziej rozrzedzone, mo\u017ce by\u0107 symbolicznie, mo\u017cna si\u0119 pomodli\u0107 w domu, przed telewizorem, mo\u017cna p\u00f3j\u015b\u0107 pojedynczo, mo\u017cna sta\u0107 przed ko\u015bcio\u0142em<\/em> \u2013 podkre\u015bli\u0142 Simon. \u2013 <em>Taki religizm, jakby to okre\u015bli\u0107, ten fanatyzm religijny nie mo\u017ce przewa\u017ca\u0107 nad zdrowym rozs\u0105dkiem<\/em> \u2013 dodawa\u0142, przestrzegaj\u0105c, \u017ce koronawirus szerzy si\u0119 w\u0142a\u015bnie w zamkni\u0119tych pomieszczeniach.<\/p>\r\n<p>Jak zaznaczy\u0142, s\u0105 r\u00f3\u017cne ko\u015bcio\u0142y, niekt\u00f3re dysponuj\u0105 wielk\u0105 przestrzeni\u0105, w innych miejsca nie ma zbyt wiele.<\/p>\r\n<p>\u2013 <em>Nie wiem, dlaczego w Polsce tego dotyczy wojna. W normalnym kraju by zamkn\u0119li ko\u015bcio\u0142y, zamkn\u0119liby pogrzeby, tylko doros\u0142e osoby, zamkn\u0119liby wesela<\/em> \u2013 o\u015bwiadczy\u0142.<\/p>\r\n<p>Prof. Krzysztof Simon, znany jest z wzywania do wybi\u00f3rczego przestrzegania obostrze\u0144 sanitarnych. Wcze\u015bniej nie widzia\u0142 on jednak problemu z wychodzeniem ludzi na ulice w celu zamanifestowania sprzeciwu wobec orzeczenia Trybuna\u0142u Konstytucyjnego i jednocze\u015bnie\u2026 wzywa\u0142 do zamkni\u0119cia cmentarzy, na kt\u00f3rych to wizyty nazwa\u0142 \u201eskrajnym niebezpiecze\u0144stwem\u201d.<\/p>\r\n<p>Z kolei 19 sierpnia prof. Simon osoby nienosz\u0105ce maseczek okre\u015bli\u0142 mianem \u201edziczy\u201d. \u2013 <em>Wie pan, jaka jest g\u0142\u00f3wna przyczyna wzrostu zachorowa\u0144? Dzicz \u2013 tak to trzeba nazwa\u0107 \u2013 agresywna dzicz, kt\u00f3ra nie przestrzega niczego. Msze, pogrzeby, wesela, du\u017ce zak\u0142ady pracy<\/em> \u2013 m\u00f3wi\u0142 w rozmowie z wp.pl.<\/p>\r\n<p>\u0179r\u00f3d\u0142o: TVN24, DoRzeczy.pl<\/p>\r\n<p>TK<\/p>\r\n<blockquote>\r\n<p>[<strong>Wybrane wypowiedzi internaut\u00f3w pod w\/w tekstem na stronie \u017ar\u00f3d\u0142owej:<\/strong>]<\/p>\r\n<p>Ten cz\u0142owiek nie posiada realnej wiedzy. To nie jest \u017caden autorytet. Niedawno nazwa\u0142 ludzi oszo\u0142omami i idiotami tylko dlatego, bo wyrazili swoje obiekcje dot. szczepionek. Bo\u017ce chro\u0144 Polsk\u0119 przed takimi lud\u017ami<br>\r\n<em>Majk<\/em><br>\r\n<br>\r\nPrzest\u0119puj\u0119 pr\u00f3g ko\u015bcio\u0142a&#8230;staj\u0119 si\u0119 fanatykiem religijnym. Wracam do domu, i modl\u0119 si\u0119 do telewizora, jestem porz\u0105dnym katolikiem. W dobrym egzorcy\u015bcie ju\u017c tylko nadzieja.<br>\r\n<em>Freedom<\/em><br>\r\n<br>\r\n<strong>Ten cz\u0142owiek jest bezczelny bezkarnie codziennie obra\u017ca Polak\u00f3w<\/strong>, to SKANDAL nale\u017cy go pozwa\u0107 do S\u0105du o odszkodowanie za obel\u017cywe i nikczemne s\u0142owa pod katem Polak\u00f3w.<br>\r\n<em>temida<\/em><br>\r\n<br>\r\nJAK NA RAZIE TO ZADNA PRZEPOWIEDNIA profesorka SIE NIE SPRAWDZA .JA PROPONUJE ABY TEN GOSCIU SIE ZAMKNAL W SWOIM GABINECIE I NIE OTWIERAL OTWORU GEBOWEGO.TAK BEDZIE LEPIEJ DLA WSZYSTKICH.<br>\r\n<em>GREGOR<\/em><br>\r\n<br>\r\nLewak, kt\u00f3ry wykorzystuje pandemi\u0119 do promocji swoich totalitarnych, antykatolickich pogl\u0105d\u00f3w.<br>\r\n<em>Husarzowy<\/em><br>\r\n<br>\r\nZabierzcie, prosz\u0119, temu cz\u0142owiekowi mikrofon, bo mu krzywd\u0119 robocie. Nie do\u015b\u0107, \u017ce wystawia si\u0119 na po\u015bmiewisko, to jeszcze mo\u017ce go jaka\u015b apopleksja trafi\u0107. Pozdrawiam wszystkich zr\u00f3wnowa\u017conych.<br>\r\n<em>Daddy<\/em><br>\r\n<br>\r\nA co ze sklepami? Tam to jest dopiero&#8230;i jako\u015b nikt si\u0119 tym nie przejmuje.<br>\r\n<em>IB<\/em><br>\r\n<br>\r\n&#8222;&#8230; koronawirus szerzy si\u0119 w\u0142a\u015bnie w zamkni\u0119tych pomieszczeniach&#8221; Tzn.,\u017ce w szpitalach tez. Zamkn\u0105\u0107 szpitale<br>\r\n<em>ax<\/em><br>\r\n<br>\r\nTo \u017ce jest profesorem to nie znaczy \u017ce jest m\u0105dry. Jego wypowiedzi o tym \u015bwiadcz\u0105.<br>\r\n<em>Stary<\/em><br>\r\n<br>\r\nSkad u niego taka nienawisc do Polakow i kosciola&#8230;mozna sie tylko domyslac.Ja dzis chodzilam bez maski,mam dosc i astme tez mam i z trudem lapie powietrze pod ta szmata i to jest dzicz -lekarze,ktorzy nie chca mi wypisac zaswiadczenia,ze nie moge jej nosic.<br>\r\n<em>hm<\/em><br>\r\n<br>\r\nWidocznie marcowy docent, sam si\u0119 zakopa\u0142 swoimi absurdalnymi stwierdzeniami, jak w og\u00f3le mo\u017cna kogo\u015b takiego zaprasza\u0107 do medi\u00f3w. Trans inlteigentny facet, to cudne okre\u015blenia trans inteligencji uku\u0142 bloger Czarna Limuzyna z portalu Ekspedyt.<br>\r\n<em>finka<\/em><br>\r\n<br>\r\nChory cz\u0142owiek i mo\u017ce&#8230;..nic nie mo\u017ce. Takich powinno si\u0119 \u015bciga\u0107 z urz\u0119du. W Afryce podobno jest zbyt ma\u0142o koronowirusa, powinien tam pojecha\u0107 by rozp\u0119ta\u0107 &#8222;zdrow\u0105&#8221;, normaln\u0105, histeryczn\u0105 &#8222;PANDEMI\u0118&#8221;. Bil Gates na pewno by to doceni\u0142.<br>\r\n<em>Marzena<\/em><br>\r\n<br>\r\nA strajk kobiet wg profesora by\u0142 bezpieczny<br>\r\n<em>Wawa<\/em><br>\r\n<br>\r\nMengele te\u017c by\u0142 &#8222;lekarzem i naukowcem&#8221;. Profilaktycznie bym zamkn\u0105\u0142 tego osobnika. Ma tzw. bezobjawowe szale\u0144stwo.<br>\r\n<em>observer<\/em><br>\r\n<br>\r\nA w marketach t\u0142umy, kt\u00f3rych nikt nawet nie liczy &#8230;<br>\r\n<em>Kolo<\/em><br>\r\n<br>\r\nKlasyczny psychopata.<br>\r\n<em>nikt<\/em><br>\r\n<br>\r\nSimon to ewidentny socjopata nic dziwnego zatem, \u017ce nied\u0142ugo zaszczepi\u0105 nas czym\u015b tam co rzekomo ma nas wyzwoli\u0107 od pandemii. Tylko Simon jednak i jemu podobni t\u0119 pandemi\u0119 widzi. Socjopata i paranoik.<br>\r\n<em>Ren<\/em><br>\r\n<br>\r\n<strong>Modelowy przyk\u0142ad degeneracji przedstawicieli tego zawodu. Niezdolno\u015b\u0107 do rzeczowej dyskusji, chamstwo, brak kultury, rozd\u0119te ego + buta wynikaj\u0105ca z zerowego poczucia odpowiedzialno\u015bci za swoje decyzje<\/strong> nawet drastyczne zaniedbania uchodz\u0105 im p\u0142azem&#8230; Ale swoje lata ju\u017c ma i jest coraz bli\u017cej lekcji, \u017ce modlenie si\u0119 do telewizora\/TVN to b\u0142\u0105d&#8230; cho\u0107 pewnie my\u015bli, \u017ce jest nie\u015bmiertelny. &#8222;Nieomylni&#8221; tak maj\u0105.. ;<br>\r\n<em>Niki<\/em><br>\r\n<br>\r\nC\u00f3\u017c za bezczelna mowa nienawi\u015bci b\u0119d\u0105ca wyrazem <strong>medycynizmu<\/strong>. A wydawa\u0142o by si\u0119, \u017ce to kulturalny cz\u0142owiek umiej\u0105cy formu\u0142owa\u0107 swoje wypowiedzi w spos\u00f3b nie naruszaj\u0105cy d\u00f3br osobistych ludzi wierz\u0105cych. Jak wida\u0107pozory myl\u0105.<br>\r\n<em>Adam<\/em><br>\r\n<br>\r\nwielkim dorobkiem naukowym profesora jest praca ,,Badania nad wp\u0142ywem nasion kwiat\u00f3w Ziemowita Jesiennego na przebieg uszkodzenia w\u0105troby u szczur\u00f3w rasy Buffalo,, mo\u017cna si\u0119 z profesorem nauk medycznych nie zgadza\u0107, ale na w\u0105trobach szczur\u00f3w Buffalo si\u0119 zna jak ma\u0142o kto.<br>\r\n<em>szpulas11<\/em><br>\r\n<br>\r\nSprawdzi\u0142am w oficjalnych danych w PZH, statystyki zachorowa\u0144 i zgon\u00f3w na covid i inne choroby i por\u00f3wna\u0142am z poprzednimi latami. <strong>Cz\u0142owiek kieruj\u0105cy si\u0119 zdrowym rozs\u0105dkiem zobaczy, \u017ce mamy doczynienia z wielkim oszustwem.<\/strong> Prof. Simon nie sprawdza\u0142 oficjalnych danych z wielu kraj\u00f3w i podaje jedynie k\u0142amstwa z telewizji. Panie profesorze, ja jestem co prawda jedynie mgr.in\u017c zootechnikiem. Uczy\u0142am si\u0119 o zwierz\u0105tkach i ich chorobach, troch\u0119 genetyki, mikrobiologii i szczypt\u0105 biotechnologii. Jestem prostaczkiem w por\u00f3wnaniu do Pana Profesora. Ale jednak troch\u0119 wstyd dla Pana nie poczyta\u0107 danych oficjalnych tylko opiera\u0107 si\u0119 na danych z czerwonych pask\u00f3w na telewizorze oraz w\u0142asnym strachu. Prosz\u0119 zaufa\u0107 Panu Bogu i od razu wr\u00f3ci Panu rozs\u0105dek. Jednak tytu\u0142y profesorskie nic nie pomog\u0105 jak kto\u015b w Boga nie wierzy&#8230;<br>\r\n<em>Zagubiona owiec<\/em><br>\r\n<br>\r\nTo sklepy te\u017c zamkn\u0105\u0107 i wszystko zamkn\u0105\u0107, i szpitale, bo to siedliska chor\u00f3b&#8230; a <strong>najlepiej zabroni\u0107 ludziom oddycha\u0107, bo przecie\u017c wirus rozprzestrzenia si\u0119 drog\u0105 kropelkow\u0105.<\/strong> Himalaje hipokryzji to ma\u0142o powiedziane. Diabe\u0142 szczeka, bo jest nie zadowolony, \u017ce znowu mu si\u0119 nie uda\u0142o.<br>\r\n<em>Ja_katolik<\/em><br>\r\n<br>\r\nPanie doktorze cz\u0119sto chodz\u0119 do ko\u015bcio\u0142a, nie tylko w niedziel\u0119, to co si\u0119 rzuca w oczy w ko\u015bciele to przestrzeganie dystansu i stosowanie maseczek. Co do fanatyzmu to bli\u017cej panu do fanatyzmu ni\u017c katolikom. Brakuje mi pa\u0144skiego g\u0142osu dotycz\u0105cego manifestacji politycznych \u015brodowisk liberalnych.<br>\r\n<em>S\u0142awomir Obuch<\/em><\/p>\r\n<\/blockquote>\r\n<h4>&nbsp;<\/h4>\r\n<hr style=\"background-color: #000000; border-width: 0; color: #000000; height: 2px; line-height: 0; text-align: center; width: 100%;\">\r\n<h4>&nbsp;<\/h4>\r\n<h4 class=\"title style-scope ytd-video-primary-info-renderer\">Ko\u015bcio\u0142y zara\u017caj\u0105, a protesty feministek nie? Antykatolicki odlot prof. Simona. ZOBACZ RAPORT PCh24<\/h4>\r\n<p>[youtube =8Ao8QTnk15I width=&#8221;600&#8243;]<\/p>","protected":false},"excerpt":{"rendered":"Dolno\u015bl\u0105ski konsultant w dziedzinie chor\u00f3b zaka\u017anych prof. Krzysztof Simon by\u0142 pytany w TVN24 o opini\u0119 na temat postulatu o zwi\u0119kszenia ilo\u015bci wiernych w ko\u015bcio\u0142ach. \u2013 W normalnym kraju by zamkn\u0119li ko\u015bcio\u0142y, zamkn\u0119liby pogrzeby, zamkn\u0119liby wesela \u2013 stwierdzi\u0142. Przewodnicz\u0105cy Konferencji Episkopatu Polski abp Stanis\u0142aw G\u0105decki prosi\u0142 w li\u015bcie skierowanym do premiera Mateusza Morawieckiego o zwi\u0119kszenie limitu [&hellip;]","protected":false},"author":1,"featured_media":0,"comment_status":"closed","ping_status":"closed","sticky":false,"template":"","format":"standard","meta":{"_acf_changed":false,"_monsterinsights_skip_tracking":false,"_monsterinsights_sitenote_active":false,"_monsterinsights_sitenote_note":"","_monsterinsights_sitenote_category":0,"ngg_post_thumbnail":0,"footnotes":"","_wp_rev_ctl_limit":""},"categories":[451,8],"tags":[433,98,20],"acf":[],"_links":{"self":[{"href":"https:\/\/www.bibula.com\/index.php?rest_route=\/wp\/v2\/posts\/121176"}],"collection":[{"href":"https:\/\/www.bibula.com\/index.php?rest_route=\/wp\/v2\/posts"}],"about":[{"href":"https:\/\/www.bibula.com\/index.php?rest_route=\/wp\/v2\/types\/post"}],"author":[{"embeddable":true,"href":"https:\/\/www.bibula.com\/index.php?rest_route=\/wp\/v2\/users\/1"}],"replies":[{"embeddable":true,"href":"https:\/\/www.bibula.com\/index.php?rest_route=%2Fwp%2Fv2%2Fcomments&post=121176"}],"version-history":[{"count":2,"href":"https:\/\/www.bibula.com\/index.php?rest_route=\/wp\/v2\/posts\/121176\/revisions"}],"predecessor-version":[{"id":121178,"href":"https:\/\/www.bibula.com\/index.php?rest_route=\/wp\/v2\/posts\/121176\/revisions\/121178"}],"wp:attachment":[{"href":"https:\/\/www.bibula.com\/index.php?rest_route=%2Fwp%2Fv2%2Fmedia&parent=121176"}],"wp:term":[{"taxonomy":"category","embeddable":true,"href":"https:\/\/www.bibula.com\/index.php?rest_route=%2Fwp%2Fv2%2Fcategories&post=121176"},{"taxonomy":"post_tag","embeddable":true,"href":"https:\/\/www.bibula.com\/index.php?rest_route=%2Fwp%2Fv2%2Ftags&post=121176"}],"curies":[{"name":"wp","href":"https:\/\/api.w.org\/{rel}","templated":true}]}}